{"id":434,"date":"2022-08-08T19:21:23","date_gmt":"2022-08-08T19:21:23","guid":{"rendered":"https:\/\/15milhas.com.br\/wfe\/?p=434"},"modified":"2022-08-08T19:47:30","modified_gmt":"2022-08-08T19:47:30","slug":"equipe-15-milhas-competiu-em-3-cidades-este-final-de-semana","status":"publish","type":"post","link":"https:\/\/15milhas.com.br\/wfe\/equipe-15-milhas-competiu-em-3-cidades-este-final-de-semana\/","title":{"rendered":"Equipe 15 Milhas competiu em 3 cidades este final de Semana"},"content":{"rendered":"<div class=\"wp-block-image\">\n<figure class=\"alignleft size-medium\"><img loading=\"lazy\" decoding=\"async\" width=\"300\" height=\"300\" src=\"https:\/\/15milhas.com.br\/wfe\/wp-content\/uploads\/2022\/08\/7setembro-300x300.jpeg\" alt=\"\" class=\"wp-image-437\" srcset=\"https:\/\/15milhas.com.br\/wfe\/wp-content\/uploads\/2022\/08\/7setembro-300x300.jpeg 300w, https:\/\/15milhas.com.br\/wfe\/wp-content\/uploads\/2022\/08\/7setembro-1024x1024.jpeg 1024w, https:\/\/15milhas.com.br\/wfe\/wp-content\/uploads\/2022\/08\/7setembro-150x150.jpeg 150w, https:\/\/15milhas.com.br\/wfe\/wp-content\/uploads\/2022\/08\/7setembro-768x768.jpeg 768w, https:\/\/15milhas.com.br\/wfe\/wp-content\/uploads\/2022\/08\/7setembro.jpeg 1200w\" sizes=\"auto, (max-width: 300px) 100vw, 300px\" \/><\/figure>\n<\/div>\n\n\n<p>Final de Semana foi de competi\u00e7\u00f5es pelo noroeste do Estado.<\/p>\n\n\n\n<p>Nossa equipe se dividiu em competimos em 3 cidades s\u00f3 este final de semana.<br>Em Sete de Setembro aconteceu a <strong>VII Etapa do Circuito Noroeste Miss\u00f5es de Corridas de Rua<\/strong>, veja a coloca\u00e7\u00e3o: <\/p>\n\n\n\n<!--more-->\n\n\n\n<div class=\"wp-block-columns is-layout-flex wp-container-core-columns-is-layout-9d6595d7 wp-block-columns-is-layout-flex\">\n<div class=\"wp-block-column is-layout-flow wp-block-column-is-layout-flow\">\n<h2 class=\"wp-block-heading\">Geral<\/h2>\n\n\n\n<p>Yasmim da Silva <strong>1\u00b0<\/strong> lugar 1,5km<br>Eduardo Mallmann <strong>3\u00b0<\/strong>Lugar Geral Masculino<br>Anny Lubschinski <strong>4\u00b0 <\/strong>Lugar Geral Feminino<br>Aline Schneider <strong>5\u00b0<\/strong> Lugar Geral Feminino<\/p>\n<\/div>\n\n\n\n<div class=\"wp-block-column is-layout-flow wp-block-column-is-layout-flow\">\n<h2 class=\"wp-block-heading\">Categorias<\/h2>\n\n\n\n<p>Lucas Rodrigues <strong>1\u00b0<\/strong> <strong>Lugar<\/strong><br>Ant\u00f4nio L. Cleveston <strong>1\u00b0 Lugar<\/strong><br>Geovani Girotto <strong>1\u00b0 Lugar<\/strong><br>Claudio Menzel <strong>2\u00b0 Lugar<\/strong><br>Angela Schwarz <strong>2\u00b0Lugar<\/strong><br>Keli Pasini <strong>3\u00b0 Lugar<\/strong><br>Roni da Silva <strong>3\u00b0 Lugar<\/strong><br>Jo\u00e3o O. Malossi <strong>4\u00b0 Lugar<\/strong><br>Dalila Aguiar<strong> 5\u00b0 Lugar<\/strong><br><br><\/p>\n<\/div>\n<\/div>\n\n\n\n<div style=\"height:29px\" aria-hidden=\"true\" class=\"wp-block-spacer\"><\/div>\n\n\n<div class=\"wp-block-image\">\n<figure class=\"alignleft size-medium\"><img loading=\"lazy\" decoding=\"async\" width=\"300\" height=\"225\" src=\"https:\/\/15milhas.com.br\/wfe\/wp-content\/uploads\/2022\/08\/portolucena-300x225.jpeg\" alt=\"\" class=\"wp-image-436\" srcset=\"https:\/\/15milhas.com.br\/wfe\/wp-content\/uploads\/2022\/08\/portolucena-300x225.jpeg 300w, https:\/\/15milhas.com.br\/wfe\/wp-content\/uploads\/2022\/08\/portolucena-1024x768.jpeg 1024w, https:\/\/15milhas.com.br\/wfe\/wp-content\/uploads\/2022\/08\/portolucena-768x576.jpeg 768w, https:\/\/15milhas.com.br\/wfe\/wp-content\/uploads\/2022\/08\/portolucena-1536x1152.jpeg 1536w, https:\/\/15milhas.com.br\/wfe\/wp-content\/uploads\/2022\/08\/portolucena.jpeg 1600w\" sizes=\"auto, (max-width: 300px) 100vw, 300px\" \/><\/figure>\n<\/div>\n\n\n<p><strong>Em Porto Lucena, aconteceu a 1\u00b0 R\u00fastica Porto Lucena<\/strong><\/p>\n\n\n\n<p>Geovani Girotto <strong>2\u00b0 lugar<\/strong><br>Dalila Aguiar <strong>3\u00b0lugar<\/strong><br>Keli Pasini <strong>3\u00b0 lugar<\/strong><br>Miguel Belincanta <strong>3\u00b0 lugar<\/strong><br>Eduardo Mallmann <strong>4\u00b0lugar<\/strong><br>Roni da Silva <strong>4\u00b0 lugar<\/strong><\/p>\n\n\n\n<div style=\"height:29px\" aria-hidden=\"true\" class=\"wp-block-spacer\"><\/div>\n\n\n<div class=\"wp-block-image\">\n<figure class=\"alignleft size-medium\"><img loading=\"lazy\" decoding=\"async\" width=\"255\" height=\"300\" src=\"https:\/\/15milhas.com.br\/wfe\/wp-content\/uploads\/2022\/08\/cruzalta-255x300.jpeg\" alt=\"\" class=\"wp-image-435\" srcset=\"https:\/\/15milhas.com.br\/wfe\/wp-content\/uploads\/2022\/08\/cruzalta-255x300.jpeg 255w, https:\/\/15milhas.com.br\/wfe\/wp-content\/uploads\/2022\/08\/cruzalta-871x1024.jpeg 871w, https:\/\/15milhas.com.br\/wfe\/wp-content\/uploads\/2022\/08\/cruzalta-768x903.jpeg 768w, https:\/\/15milhas.com.br\/wfe\/wp-content\/uploads\/2022\/08\/cruzalta-1307x1536.jpeg 1307w, https:\/\/15milhas.com.br\/wfe\/wp-content\/uploads\/2022\/08\/cruzalta.jpeg 1361w\" sizes=\"auto, (max-width: 255px) 100vw, 255px\" \/><\/figure>\n<\/div>\n\n\n<p><strong>Em Cruz Alta,<\/strong> Aline Karnikowski <strong>1\u00b0<\/strong> lugar na sua categoria e Cristian Chagas 3\u00b0lugar, na<strong> 4\u00b0Etapa Circuito Miss\u00f5es Cruz Alta.<\/strong><\/p>\n","protected":false},"excerpt":{"rendered":"<p>Final de Semana foi de competi\u00e7\u00f5es pelo noroeste do Estado. Nossa equipe se dividiu em competimos em 3 cidades s\u00f3 este final de semana.Em Sete de Setembro aconteceu a VII Etapa do Circuito Noroeste Miss\u00f5es de Corridas de Rua, veja a coloca\u00e7\u00e3o:<\/p>\n","protected":false},"author":1,"featured_media":438,"comment_status":"closed","ping_status":"closed","sticky":false,"template":"","format":"standard","meta":{"footnotes":""},"categories":[50],"tags":[],"class_list":["post-434","post","type-post","status-publish","format-standard","has-post-thumbnail","hentry","category-noticias"],"yoast_head":"<!-- This site is optimized with the Yoast SEO plugin v26.2 - https:\/\/yoast.com\/wordpress\/plugins\/seo\/ -->\n<title>Equipe 15 Milhas competiu em 3 cidades este final de Semana - 15 Milhas<\/title>\n<meta name=\"robots\" content=\"index, follow, max-snippet:-1, max-image-preview:large, max-video-preview:-1\" \/>\n<link rel=\"canonical\" href=\"https:\/\/15milhas.com.br\/wfe\/equipe-15-milhas-competiu-em-3-cidades-este-final-de-semana\/\" \/>\n<meta property=\"og:locale\" content=\"pt_BR\" \/>\n<meta property=\"og:type\" content=\"article\" \/>\n<meta property=\"og:title\" content=\"Equipe 15 Milhas competiu em 3 cidades este final de Semana - 15 Milhas\" \/>\n<meta property=\"og:description\" content=\"Final de Semana foi de competi\u00e7\u00f5es pelo noroeste do Estado. Nossa equipe se dividiu em competimos em 3 cidades s\u00f3 este final de semana.Em Sete de Setembro aconteceu a VII Etapa do Circuito Noroeste Miss\u00f5es de Corridas de Rua, veja a coloca\u00e7\u00e3o:\" \/>\n<meta property=\"og:url\" content=\"https:\/\/15milhas.com.br\/wfe\/equipe-15-milhas-competiu-em-3-cidades-este-final-de-semana\/\" \/>\n<meta property=\"og:site_name\" content=\"15 Milhas\" \/>\n<meta property=\"article:publisher\" content=\"https:\/\/www.facebook.com\/15MilhasdeCorredoresdeRuadeSantaRosa\" \/>\n<meta property=\"article:published_time\" content=\"2022-08-08T19:21:23+00:00\" \/>\n<meta property=\"article:modified_time\" content=\"2022-08-08T19:47:30+00:00\" \/>\n<meta property=\"og:image\" content=\"https:\/\/15milhas.com.br\/wfe\/wp-content\/uploads\/2022\/08\/posts-35.png\" \/>\n\t<meta property=\"og:image:width\" content=\"1080\" \/>\n\t<meta property=\"og:image:height\" content=\"1080\" \/>\n\t<meta property=\"og:image:type\" content=\"image\/png\" \/>\n<meta name=\"author\" content=\"admin\" \/>\n<meta name=\"twitter:card\" content=\"summary_large_image\" \/>\n<meta name=\"twitter:label1\" content=\"Escrito por\" \/>\n\t<meta name=\"twitter:data1\" content=\"admin\" \/>\n\t<meta name=\"twitter:label2\" content=\"Est. tempo de leitura\" \/>\n\t<meta name=\"twitter:data2\" content=\"1 minuto\" \/>\n<script type=\"application\/ld+json\" class=\"yoast-schema-graph\">{\"@context\":\"https:\/\/schema.org\",\"@graph\":[{\"@type\":\"Article\",\"@id\":\"https:\/\/15milhas.com.br\/wfe\/equipe-15-milhas-competiu-em-3-cidades-este-final-de-semana\/#article\",\"isPartOf\":{\"@id\":\"https:\/\/15milhas.com.br\/wfe\/equipe-15-milhas-competiu-em-3-cidades-este-final-de-semana\/\"},\"author\":{\"name\":\"admin\",\"@id\":\"https:\/\/15milhas.com.br\/wfe\/#\/schema\/person\/1cc0407031ffed1a5af875d765e4f668\"},\"headline\":\"Equipe 15 Milhas competiu em 3 cidades este final de Semana\",\"datePublished\":\"2022-08-08T19:21:23+00:00\",\"dateModified\":\"2022-08-08T19:47:30+00:00\",\"mainEntityOfPage\":{\"@id\":\"https:\/\/15milhas.com.br\/wfe\/equipe-15-milhas-competiu-em-3-cidades-este-final-de-semana\/\"},\"wordCount\":153,\"publisher\":{\"@id\":\"https:\/\/15milhas.com.br\/wfe\/#organization\"},\"image\":{\"@id\":\"https:\/\/15milhas.com.br\/wfe\/equipe-15-milhas-competiu-em-3-cidades-este-final-de-semana\/#primaryimage\"},\"thumbnailUrl\":\"https:\/\/15milhas.com.br\/wfe\/wp-content\/uploads\/2022\/08\/posts-35.png\",\"articleSection\":[\"Noticias\"],\"inLanguage\":\"pt-BR\"},{\"@type\":\"WebPage\",\"@id\":\"https:\/\/15milhas.com.br\/wfe\/equipe-15-milhas-competiu-em-3-cidades-este-final-de-semana\/\",\"url\":\"https:\/\/15milhas.com.br\/wfe\/equipe-15-milhas-competiu-em-3-cidades-este-final-de-semana\/\",\"name\":\"Equipe 15 Milhas competiu em 3 cidades este final de Semana - 15 Milhas\",\"isPartOf\":{\"@id\":\"https:\/\/15milhas.com.br\/wfe\/#website\"},\"primaryImageOfPage\":{\"@id\":\"https:\/\/15milhas.com.br\/wfe\/equipe-15-milhas-competiu-em-3-cidades-este-final-de-semana\/#primaryimage\"},\"image\":{\"@id\":\"https:\/\/15milhas.com.br\/wfe\/equipe-15-milhas-competiu-em-3-cidades-este-final-de-semana\/#primaryimage\"},\"thumbnailUrl\":\"https:\/\/15milhas.com.br\/wfe\/wp-content\/uploads\/2022\/08\/posts-35.png\",\"datePublished\":\"2022-08-08T19:21:23+00:00\",\"dateModified\":\"2022-08-08T19:47:30+00:00\",\"breadcrumb\":{\"@id\":\"https:\/\/15milhas.com.br\/wfe\/equipe-15-milhas-competiu-em-3-cidades-este-final-de-semana\/#breadcrumb\"},\"inLanguage\":\"pt-BR\",\"potentialAction\":[{\"@type\":\"ReadAction\",\"target\":[\"https:\/\/15milhas.com.br\/wfe\/equipe-15-milhas-competiu-em-3-cidades-este-final-de-semana\/\"]}]},{\"@type\":\"ImageObject\",\"inLanguage\":\"pt-BR\",\"@id\":\"https:\/\/15milhas.com.br\/wfe\/equipe-15-milhas-competiu-em-3-cidades-este-final-de-semana\/#primaryimage\",\"url\":\"https:\/\/15milhas.com.br\/wfe\/wp-content\/uploads\/2022\/08\/posts-35.png\",\"contentUrl\":\"https:\/\/15milhas.com.br\/wfe\/wp-content\/uploads\/2022\/08\/posts-35.png\",\"width\":1080,\"height\":1080},{\"@type\":\"BreadcrumbList\",\"@id\":\"https:\/\/15milhas.com.br\/wfe\/equipe-15-milhas-competiu-em-3-cidades-este-final-de-semana\/#breadcrumb\",\"itemListElement\":[{\"@type\":\"ListItem\",\"position\":1,\"name\":\"In\u00edcio\",\"item\":\"https:\/\/15milhas.com.br\/wfe\/\"},{\"@type\":\"ListItem\",\"position\":2,\"name\":\"Equipe 15 Milhas competiu em 3 cidades este final de Semana\"}]},{\"@type\":\"WebSite\",\"@id\":\"https:\/\/15milhas.com.br\/wfe\/#website\",\"url\":\"https:\/\/15milhas.com.br\/wfe\/\",\"name\":\"15 Milhas\",\"description\":\"Associa\u00e7\u00e3o de Corredores de Rua de Santa Rosa\",\"publisher\":{\"@id\":\"https:\/\/15milhas.com.br\/wfe\/#organization\"},\"potentialAction\":[{\"@type\":\"SearchAction\",\"target\":{\"@type\":\"EntryPoint\",\"urlTemplate\":\"https:\/\/15milhas.com.br\/wfe\/?s={search_term_string}\"},\"query-input\":{\"@type\":\"PropertyValueSpecification\",\"valueRequired\":true,\"valueName\":\"search_term_string\"}}],\"inLanguage\":\"pt-BR\"},{\"@type\":\"Organization\",\"@id\":\"https:\/\/15milhas.com.br\/wfe\/#organization\",\"name\":\"15 Milhas\",\"url\":\"https:\/\/15milhas.com.br\/wfe\/\",\"logo\":{\"@type\":\"ImageObject\",\"inLanguage\":\"pt-BR\",\"@id\":\"https:\/\/15milhas.com.br\/wfe\/#\/schema\/logo\/image\/\",\"url\":\"https:\/\/15milhas.com.br\/wfe\/wp-content\/uploads\/2022\/05\/logo-2.png\",\"contentUrl\":\"https:\/\/15milhas.com.br\/wfe\/wp-content\/uploads\/2022\/05\/logo-2.png\",\"width\":2236,\"height\":986,\"caption\":\"15 Milhas\"},\"image\":{\"@id\":\"https:\/\/15milhas.com.br\/wfe\/#\/schema\/logo\/image\/\"},\"sameAs\":[\"https:\/\/www.facebook.com\/15MilhasdeCorredoresdeRuadeSantaRosa\",\"https:\/\/www.instagram.com\/15_milhas\/\"]},{\"@type\":\"Person\",\"@id\":\"https:\/\/15milhas.com.br\/wfe\/#\/schema\/person\/1cc0407031ffed1a5af875d765e4f668\",\"name\":\"admin\",\"sameAs\":[\"http:\/\/15milhas.com.br\/wfe\"],\"url\":\"https:\/\/15milhas.com.br\/wfe\/author\/admin\/\"}]}<\/script>\n<!-- \/ Yoast SEO plugin. -->","yoast_head_json":{"title":"Equipe 15 Milhas competiu em 3 cidades este final de Semana - 15 Milhas","robots":{"index":"index","follow":"follow","max-snippet":"max-snippet:-1","max-image-preview":"max-image-preview:large","max-video-preview":"max-video-preview:-1"},"canonical":"https:\/\/15milhas.com.br\/wfe\/equipe-15-milhas-competiu-em-3-cidades-este-final-de-semana\/","og_locale":"pt_BR","og_type":"article","og_title":"Equipe 15 Milhas competiu em 3 cidades este final de Semana - 15 Milhas","og_description":"Final de Semana foi de competi\u00e7\u00f5es pelo noroeste do Estado. Nossa equipe se dividiu em competimos em 3 cidades s\u00f3 este final de semana.Em Sete de Setembro aconteceu a VII Etapa do Circuito Noroeste Miss\u00f5es de Corridas de Rua, veja a coloca\u00e7\u00e3o:","og_url":"https:\/\/15milhas.com.br\/wfe\/equipe-15-milhas-competiu-em-3-cidades-este-final-de-semana\/","og_site_name":"15 Milhas","article_publisher":"https:\/\/www.facebook.com\/15MilhasdeCorredoresdeRuadeSantaRosa","article_published_time":"2022-08-08T19:21:23+00:00","article_modified_time":"2022-08-08T19:47:30+00:00","og_image":[{"width":1080,"height":1080,"url":"https:\/\/15milhas.com.br\/wfe\/wp-content\/uploads\/2022\/08\/posts-35.png","type":"image\/png"}],"author":"admin","twitter_card":"summary_large_image","twitter_misc":{"Escrito por":"admin","Est. tempo de leitura":"1 minuto"},"schema":{"@context":"https:\/\/schema.org","@graph":[{"@type":"Article","@id":"https:\/\/15milhas.com.br\/wfe\/equipe-15-milhas-competiu-em-3-cidades-este-final-de-semana\/#article","isPartOf":{"@id":"https:\/\/15milhas.com.br\/wfe\/equipe-15-milhas-competiu-em-3-cidades-este-final-de-semana\/"},"author":{"name":"admin","@id":"https:\/\/15milhas.com.br\/wfe\/#\/schema\/person\/1cc0407031ffed1a5af875d765e4f668"},"headline":"Equipe 15 Milhas competiu em 3 cidades este final de Semana","datePublished":"2022-08-08T19:21:23+00:00","dateModified":"2022-08-08T19:47:30+00:00","mainEntityOfPage":{"@id":"https:\/\/15milhas.com.br\/wfe\/equipe-15-milhas-competiu-em-3-cidades-este-final-de-semana\/"},"wordCount":153,"publisher":{"@id":"https:\/\/15milhas.com.br\/wfe\/#organization"},"image":{"@id":"https:\/\/15milhas.com.br\/wfe\/equipe-15-milhas-competiu-em-3-cidades-este-final-de-semana\/#primaryimage"},"thumbnailUrl":"https:\/\/15milhas.com.br\/wfe\/wp-content\/uploads\/2022\/08\/posts-35.png","articleSection":["Noticias"],"inLanguage":"pt-BR"},{"@type":"WebPage","@id":"https:\/\/15milhas.com.br\/wfe\/equipe-15-milhas-competiu-em-3-cidades-este-final-de-semana\/","url":"https:\/\/15milhas.com.br\/wfe\/equipe-15-milhas-competiu-em-3-cidades-este-final-de-semana\/","name":"Equipe 15 Milhas competiu em 3 cidades este final de Semana - 15 Milhas","isPartOf":{"@id":"https:\/\/15milhas.com.br\/wfe\/#website"},"primaryImageOfPage":{"@id":"https:\/\/15milhas.com.br\/wfe\/equipe-15-milhas-competiu-em-3-cidades-este-final-de-semana\/#primaryimage"},"image":{"@id":"https:\/\/15milhas.com.br\/wfe\/equipe-15-milhas-competiu-em-3-cidades-este-final-de-semana\/#primaryimage"},"thumbnailUrl":"https:\/\/15milhas.com.br\/wfe\/wp-content\/uploads\/2022\/08\/posts-35.png","datePublished":"2022-08-08T19:21:23+00:00","dateModified":"2022-08-08T19:47:30+00:00","breadcrumb":{"@id":"https:\/\/15milhas.com.br\/wfe\/equipe-15-milhas-competiu-em-3-cidades-este-final-de-semana\/#breadcrumb"},"inLanguage":"pt-BR","potentialAction":[{"@type":"ReadAction","target":["https:\/\/15milhas.com.br\/wfe\/equipe-15-milhas-competiu-em-3-cidades-este-final-de-semana\/"]}]},{"@type":"ImageObject","inLanguage":"pt-BR","@id":"https:\/\/15milhas.com.br\/wfe\/equipe-15-milhas-competiu-em-3-cidades-este-final-de-semana\/#primaryimage","url":"https:\/\/15milhas.com.br\/wfe\/wp-content\/uploads\/2022\/08\/posts-35.png","contentUrl":"https:\/\/15milhas.com.br\/wfe\/wp-content\/uploads\/2022\/08\/posts-35.png","width":1080,"height":1080},{"@type":"BreadcrumbList","@id":"https:\/\/15milhas.com.br\/wfe\/equipe-15-milhas-competiu-em-3-cidades-este-final-de-semana\/#breadcrumb","itemListElement":[{"@type":"ListItem","position":1,"name":"In\u00edcio","item":"https:\/\/15milhas.com.br\/wfe\/"},{"@type":"ListItem","position":2,"name":"Equipe 15 Milhas competiu em 3 cidades este final de Semana"}]},{"@type":"WebSite","@id":"https:\/\/15milhas.com.br\/wfe\/#website","url":"https:\/\/15milhas.com.br\/wfe\/","name":"15 Milhas","description":"Associa\u00e7\u00e3o de Corredores de Rua de Santa Rosa","publisher":{"@id":"https:\/\/15milhas.com.br\/wfe\/#organization"},"potentialAction":[{"@type":"SearchAction","target":{"@type":"EntryPoint","urlTemplate":"https:\/\/15milhas.com.br\/wfe\/?s={search_term_string}"},"query-input":{"@type":"PropertyValueSpecification","valueRequired":true,"valueName":"search_term_string"}}],"inLanguage":"pt-BR"},{"@type":"Organization","@id":"https:\/\/15milhas.com.br\/wfe\/#organization","name":"15 Milhas","url":"https:\/\/15milhas.com.br\/wfe\/","logo":{"@type":"ImageObject","inLanguage":"pt-BR","@id":"https:\/\/15milhas.com.br\/wfe\/#\/schema\/logo\/image\/","url":"https:\/\/15milhas.com.br\/wfe\/wp-content\/uploads\/2022\/05\/logo-2.png","contentUrl":"https:\/\/15milhas.com.br\/wfe\/wp-content\/uploads\/2022\/05\/logo-2.png","width":2236,"height":986,"caption":"15 Milhas"},"image":{"@id":"https:\/\/15milhas.com.br\/wfe\/#\/schema\/logo\/image\/"},"sameAs":["https:\/\/www.facebook.com\/15MilhasdeCorredoresdeRuadeSantaRosa","https:\/\/www.instagram.com\/15_milhas\/"]},{"@type":"Person","@id":"https:\/\/15milhas.com.br\/wfe\/#\/schema\/person\/1cc0407031ffed1a5af875d765e4f668","name":"admin","sameAs":["http:\/\/15milhas.com.br\/wfe"],"url":"https:\/\/15milhas.com.br\/wfe\/author\/admin\/"}]}},"rttpg_featured_image_url":{"full":["https:\/\/15milhas.com.br\/wfe\/wp-content\/uploads\/2022\/08\/posts-35.png",1080,1080,false],"landscape":["https:\/\/15milhas.com.br\/wfe\/wp-content\/uploads\/2022\/08\/posts-35.png",1080,1080,false],"portraits":["https:\/\/15milhas.com.br\/wfe\/wp-content\/uploads\/2022\/08\/posts-35.png",1080,1080,false],"thumbnail":["https:\/\/15milhas.com.br\/wfe\/wp-content\/uploads\/2022\/08\/posts-35-150x150.png",150,150,true],"medium":["https:\/\/15milhas.com.br\/wfe\/wp-content\/uploads\/2022\/08\/posts-35-300x300.png",300,300,true],"large":["https:\/\/15milhas.com.br\/wfe\/wp-content\/uploads\/2022\/08\/posts-35-1024x1024.png",1024,1024,true],"1536x1536":["https:\/\/15milhas.com.br\/wfe\/wp-content\/uploads\/2022\/08\/posts-35.png",1080,1080,false],"2048x2048":["https:\/\/15milhas.com.br\/wfe\/wp-content\/uploads\/2022\/08\/posts-35.png",1080,1080,false]},"rttpg_author":{"display_name":"admin","author_link":"https:\/\/15milhas.com.br\/wfe\/author\/admin\/"},"rttpg_comment":0,"rttpg_category":"<a href=\"https:\/\/15milhas.com.br\/wfe\/category\/noticias\/\" rel=\"category tag\">Noticias<\/a>","rttpg_excerpt":"Final de Semana foi de competi\u00e7\u00f5es pelo noroeste do Estado. Nossa equipe se dividiu em competimos em 3 cidades s\u00f3 este final de semana.Em Sete de Setembro aconteceu a VII Etapa do Circuito Noroeste Miss\u00f5es de Corridas de Rua, veja a coloca\u00e7\u00e3o:","_links":{"self":[{"href":"https:\/\/15milhas.com.br\/wfe\/wp-json\/wp\/v2\/posts\/434","targetHints":{"allow":["GET"]}}],"collection":[{"href":"https:\/\/15milhas.com.br\/wfe\/wp-json\/wp\/v2\/posts"}],"about":[{"href":"https:\/\/15milhas.com.br\/wfe\/wp-json\/wp\/v2\/types\/post"}],"author":[{"embeddable":true,"href":"https:\/\/15milhas.com.br\/wfe\/wp-json\/wp\/v2\/users\/1"}],"replies":[{"embeddable":true,"href":"https:\/\/15milhas.com.br\/wfe\/wp-json\/wp\/v2\/comments?post=434"}],"version-history":[{"count":8,"href":"https:\/\/15milhas.com.br\/wfe\/wp-json\/wp\/v2\/posts\/434\/revisions"}],"predecessor-version":[{"id":447,"href":"https:\/\/15milhas.com.br\/wfe\/wp-json\/wp\/v2\/posts\/434\/revisions\/447"}],"wp:featuredmedia":[{"embeddable":true,"href":"https:\/\/15milhas.com.br\/wfe\/wp-json\/wp\/v2\/media\/438"}],"wp:attachment":[{"href":"https:\/\/15milhas.com.br\/wfe\/wp-json\/wp\/v2\/media?parent=434"}],"wp:term":[{"taxonomy":"category","embeddable":true,"href":"https:\/\/15milhas.com.br\/wfe\/wp-json\/wp\/v2\/categories?post=434"},{"taxonomy":"post_tag","embeddable":true,"href":"https:\/\/15milhas.com.br\/wfe\/wp-json\/wp\/v2\/tags?post=434"}],"curies":[{"name":"wp","href":"https:\/\/api.w.org\/{rel}","templated":true}]}}