{"id":459,"date":"2022-08-29T18:24:29","date_gmt":"2022-08-29T18:24:29","guid":{"rendered":"https:\/\/15milhas.com.br\/wfe\/?p=459"},"modified":"2022-08-29T21:36:44","modified_gmt":"2022-08-29T21:36:44","slug":"equipe-15-milhas-participou-da-rustica-do-regimento-san-martin","status":"publish","type":"post","link":"https:\/\/15milhas.com.br\/wfe\/equipe-15-milhas-participou-da-rustica-do-regimento-san-martin\/","title":{"rendered":"Equipe 15 Milhas participou da R\u00fastica do Regimento San Martin"},"content":{"rendered":"<div class=\"wp-block-image\">\n<figure class=\"alignleft size-medium\"><img loading=\"lazy\" decoding=\"async\" width=\"300\" height=\"300\" src=\"https:\/\/15milhas.com.br\/wfe\/wp-content\/uploads\/2022\/08\/WhatsApp-Image-2022-08-29-at-14.06.09-300x300.jpeg\" alt=\"\" class=\"wp-image-461\" srcset=\"https:\/\/15milhas.com.br\/wfe\/wp-content\/uploads\/2022\/08\/WhatsApp-Image-2022-08-29-at-14.06.09-300x300.jpeg 300w, https:\/\/15milhas.com.br\/wfe\/wp-content\/uploads\/2022\/08\/WhatsApp-Image-2022-08-29-at-14.06.09-1024x1024.jpeg 1024w, https:\/\/15milhas.com.br\/wfe\/wp-content\/uploads\/2022\/08\/WhatsApp-Image-2022-08-29-at-14.06.09-150x150.jpeg 150w, https:\/\/15milhas.com.br\/wfe\/wp-content\/uploads\/2022\/08\/WhatsApp-Image-2022-08-29-at-14.06.09-768x768.jpeg 768w, https:\/\/15milhas.com.br\/wfe\/wp-content\/uploads\/2022\/08\/WhatsApp-Image-2022-08-29-at-14.06.09.jpeg 1200w\" sizes=\"auto, (max-width: 300px) 100vw, 300px\" \/><\/figure>\n<\/div>\n\n\n<p>Aconteceu neste final de semana, 28 de agosto de 2022, a R\u00fastica em comemora\u00e7\u00e3o aos 80 anos do Regimento San Mart\u00edn de Santa Rosa.<br>Apesar do clima chuvoso a participa\u00e7\u00e3o do p\u00fablico e dos corredores foi bastante interessante. <\/p>\n\n\n\n<!--more-->\n\n\n\n<p>Estiveram participando da corrida, corredores de v\u00e1rias cidades do nosso estado, e a nossa equipe n\u00e3o podia ficar de fora.<\/p>\n\n\n\n<p><strong>Veja quem foram os participantes da nossa equipe na lista e no <a href=\"http:\/\/www.ucrsm.com.br\/28082022resutadodesantarosa.htm\" target=\"_blank\" rel=\"noreferrer noopener\">link <\/a>voc\u00ea ter\u00e1 acesso aos resultados: <a rel=\"noreferrer noopener\" href=\"http:\/\/www.ucrsm.com.br\/28082022resutadodesantarosa.htm\" target=\"_blank\">http:\/\/www.ucrsm.com.br\/28082022resutadodesantarosa.htm<\/a><\/strong><\/p>\n\n\n\n<p>Cada uma competiu em sua categoria e garantiram bons resultados. Parab\u00e9ns aos competidores!<strong><br><\/strong><\/p>\n\n\n\n<p>Aline Schneider<br>Keli Pasini<br>Aline Karnikowski<div><br>Dalila Aguiar<br>Anny Lubschinski<\/div><\/p>\n\n\n\n<p>Djionatan Andr\u00e9 Jarabizza<\/p>\n\n\n\n<p>Vinicius Eduardo L. Soares<\/p>\n\n\n\n<p>Ricardo Leidemer<\/p>\n\n\n\n<p>Geovani Girotto<\/p>\n\n\n\n<p>Cleber Magnos Guimar\u00e3es<\/p>\n\n\n\n<p>Claudio Menzel<\/p>\n\n\n\n<p>Joao Osmar Malossi<\/p>\n\n\n\n<p>Miguel Angelo Belincanta<\/p>\n\n\n\n<p>Angela Maria Schwarz \/ Juliane Roglin<\/p>\n\n\n\n<p>Eduardo Mallmann \/ Lucas Rodrigues<\/p>\n\n\n\n<p>Ezequiel Da Silva\/ Cristian<\/p>\n\n\n\n<p>Alisson Br \/ Abimael<\/p>\n\n\n\n<p>Airton Soares Correa<\/p>\n\n\n\n<p>Lane Girotto De Oliveira<\/p>\n\n\n\n<p>Adriana Cavalheiro<\/p>\n\n\n\n<p>M\u00e1rcia Neiva Grutka<\/p>\n\n\n\n<p>Alexandra F. D. Leszczinski<\/p>\n\n\n\n<p>Vitor Hugo Kupske<\/p>\n\n\n\n<p>Cristiano Padilha<\/p>\n\n\n\n<p>Airton Soares Correa<\/p>\n\n\n\n<p>Gabrieli Bastos<\/p>\n\n\n\n<p>Daniela Perassolo<\/p>\n\n\n\n<p><\/p>\n","protected":false},"excerpt":{"rendered":"<p>Aconteceu neste final de semana, 28 de agosto de 2022, a R\u00fastica em comemora\u00e7\u00e3o aos 80 anos do Regimento San Mart\u00edn de Santa Rosa.Apesar do clima chuvoso a participa\u00e7\u00e3o do p\u00fablico e dos corredores foi bastante interessante.<\/p>\n","protected":false},"author":1,"featured_media":461,"comment_status":"closed","ping_status":"open","sticky":false,"template":"","format":"standard","meta":{"footnotes":""},"categories":[50],"tags":[38,26,33,43],"class_list":["post-459","post","type-post","status-publish","format-standard","has-post-thumbnail","hentry","category-noticias","tag-15-milhas","tag-corrida","tag-rustica","tag-setembro"],"yoast_head":"<!-- This site is optimized with the Yoast SEO plugin v26.2 - https:\/\/yoast.com\/wordpress\/plugins\/seo\/ -->\n<title>Equipe 15 Milhas participou da R\u00fastica do Regimento San Martin - 15 Milhas<\/title>\n<meta name=\"robots\" content=\"index, follow, max-snippet:-1, max-image-preview:large, max-video-preview:-1\" \/>\n<link rel=\"canonical\" href=\"https:\/\/15milhas.com.br\/wfe\/equipe-15-milhas-participou-da-rustica-do-regimento-san-martin\/\" \/>\n<meta property=\"og:locale\" content=\"pt_BR\" \/>\n<meta property=\"og:type\" content=\"article\" \/>\n<meta property=\"og:title\" content=\"Equipe 15 Milhas participou da R\u00fastica do Regimento San Martin - 15 Milhas\" \/>\n<meta property=\"og:description\" content=\"Aconteceu neste final de semana, 28 de agosto de 2022, a R\u00fastica em comemora\u00e7\u00e3o aos 80 anos do Regimento San Mart\u00edn de Santa Rosa.Apesar do clima chuvoso a participa\u00e7\u00e3o do p\u00fablico e dos corredores foi bastante interessante.\" \/>\n<meta property=\"og:url\" content=\"https:\/\/15milhas.com.br\/wfe\/equipe-15-milhas-participou-da-rustica-do-regimento-san-martin\/\" \/>\n<meta property=\"og:site_name\" content=\"15 Milhas\" \/>\n<meta property=\"article:publisher\" content=\"https:\/\/www.facebook.com\/15MilhasdeCorredoresdeRuadeSantaRosa\" \/>\n<meta property=\"article:published_time\" content=\"2022-08-29T18:24:29+00:00\" \/>\n<meta property=\"article:modified_time\" content=\"2022-08-29T21:36:44+00:00\" \/>\n<meta property=\"og:image\" content=\"https:\/\/15milhas.com.br\/wfe\/wp-content\/uploads\/2022\/08\/WhatsApp-Image-2022-08-29-at-14.06.09.jpeg\" \/>\n\t<meta property=\"og:image:width\" content=\"1200\" \/>\n\t<meta property=\"og:image:height\" content=\"1200\" \/>\n\t<meta property=\"og:image:type\" content=\"image\/jpeg\" \/>\n<meta name=\"author\" content=\"admin\" \/>\n<meta name=\"twitter:card\" content=\"summary_large_image\" \/>\n<meta name=\"twitter:label1\" content=\"Escrito por\" \/>\n\t<meta name=\"twitter:data1\" content=\"admin\" \/>\n\t<meta name=\"twitter:label2\" content=\"Est. tempo de leitura\" \/>\n\t<meta name=\"twitter:data2\" content=\"1 minuto\" \/>\n<script type=\"application\/ld+json\" class=\"yoast-schema-graph\">{\"@context\":\"https:\/\/schema.org\",\"@graph\":[{\"@type\":\"Article\",\"@id\":\"https:\/\/15milhas.com.br\/wfe\/equipe-15-milhas-participou-da-rustica-do-regimento-san-martin\/#article\",\"isPartOf\":{\"@id\":\"https:\/\/15milhas.com.br\/wfe\/equipe-15-milhas-participou-da-rustica-do-regimento-san-martin\/\"},\"author\":{\"name\":\"admin\",\"@id\":\"https:\/\/15milhas.com.br\/wfe\/#\/schema\/person\/1cc0407031ffed1a5af875d765e4f668\"},\"headline\":\"Equipe 15 Milhas participou da R\u00fastica do Regimento San Martin\",\"datePublished\":\"2022-08-29T18:24:29+00:00\",\"dateModified\":\"2022-08-29T21:36:44+00:00\",\"mainEntityOfPage\":{\"@id\":\"https:\/\/15milhas.com.br\/wfe\/equipe-15-milhas-participou-da-rustica-do-regimento-san-martin\/\"},\"wordCount\":186,\"publisher\":{\"@id\":\"https:\/\/15milhas.com.br\/wfe\/#organization\"},\"image\":{\"@id\":\"https:\/\/15milhas.com.br\/wfe\/equipe-15-milhas-participou-da-rustica-do-regimento-san-martin\/#primaryimage\"},\"thumbnailUrl\":\"https:\/\/15milhas.com.br\/wfe\/wp-content\/uploads\/2022\/08\/WhatsApp-Image-2022-08-29-at-14.06.09.jpeg\",\"keywords\":[\"15 milhas\",\"corrida\",\"rustica\",\"setembro\"],\"articleSection\":[\"Noticias\"],\"inLanguage\":\"pt-BR\"},{\"@type\":\"WebPage\",\"@id\":\"https:\/\/15milhas.com.br\/wfe\/equipe-15-milhas-participou-da-rustica-do-regimento-san-martin\/\",\"url\":\"https:\/\/15milhas.com.br\/wfe\/equipe-15-milhas-participou-da-rustica-do-regimento-san-martin\/\",\"name\":\"Equipe 15 Milhas participou da R\u00fastica do Regimento San Martin - 15 Milhas\",\"isPartOf\":{\"@id\":\"https:\/\/15milhas.com.br\/wfe\/#website\"},\"primaryImageOfPage\":{\"@id\":\"https:\/\/15milhas.com.br\/wfe\/equipe-15-milhas-participou-da-rustica-do-regimento-san-martin\/#primaryimage\"},\"image\":{\"@id\":\"https:\/\/15milhas.com.br\/wfe\/equipe-15-milhas-participou-da-rustica-do-regimento-san-martin\/#primaryimage\"},\"thumbnailUrl\":\"https:\/\/15milhas.com.br\/wfe\/wp-content\/uploads\/2022\/08\/WhatsApp-Image-2022-08-29-at-14.06.09.jpeg\",\"datePublished\":\"2022-08-29T18:24:29+00:00\",\"dateModified\":\"2022-08-29T21:36:44+00:00\",\"breadcrumb\":{\"@id\":\"https:\/\/15milhas.com.br\/wfe\/equipe-15-milhas-participou-da-rustica-do-regimento-san-martin\/#breadcrumb\"},\"inLanguage\":\"pt-BR\",\"potentialAction\":[{\"@type\":\"ReadAction\",\"target\":[\"https:\/\/15milhas.com.br\/wfe\/equipe-15-milhas-participou-da-rustica-do-regimento-san-martin\/\"]}]},{\"@type\":\"ImageObject\",\"inLanguage\":\"pt-BR\",\"@id\":\"https:\/\/15milhas.com.br\/wfe\/equipe-15-milhas-participou-da-rustica-do-regimento-san-martin\/#primaryimage\",\"url\":\"https:\/\/15milhas.com.br\/wfe\/wp-content\/uploads\/2022\/08\/WhatsApp-Image-2022-08-29-at-14.06.09.jpeg\",\"contentUrl\":\"https:\/\/15milhas.com.br\/wfe\/wp-content\/uploads\/2022\/08\/WhatsApp-Image-2022-08-29-at-14.06.09.jpeg\",\"width\":1200,\"height\":1200},{\"@type\":\"BreadcrumbList\",\"@id\":\"https:\/\/15milhas.com.br\/wfe\/equipe-15-milhas-participou-da-rustica-do-regimento-san-martin\/#breadcrumb\",\"itemListElement\":[{\"@type\":\"ListItem\",\"position\":1,\"name\":\"In\u00edcio\",\"item\":\"https:\/\/15milhas.com.br\/wfe\/\"},{\"@type\":\"ListItem\",\"position\":2,\"name\":\"Equipe 15 Milhas participou da R\u00fastica do Regimento San Martin\"}]},{\"@type\":\"WebSite\",\"@id\":\"https:\/\/15milhas.com.br\/wfe\/#website\",\"url\":\"https:\/\/15milhas.com.br\/wfe\/\",\"name\":\"15 Milhas\",\"description\":\"Associa\u00e7\u00e3o de Corredores de Rua de Santa Rosa\",\"publisher\":{\"@id\":\"https:\/\/15milhas.com.br\/wfe\/#organization\"},\"potentialAction\":[{\"@type\":\"SearchAction\",\"target\":{\"@type\":\"EntryPoint\",\"urlTemplate\":\"https:\/\/15milhas.com.br\/wfe\/?s={search_term_string}\"},\"query-input\":{\"@type\":\"PropertyValueSpecification\",\"valueRequired\":true,\"valueName\":\"search_term_string\"}}],\"inLanguage\":\"pt-BR\"},{\"@type\":\"Organization\",\"@id\":\"https:\/\/15milhas.com.br\/wfe\/#organization\",\"name\":\"15 Milhas\",\"url\":\"https:\/\/15milhas.com.br\/wfe\/\",\"logo\":{\"@type\":\"ImageObject\",\"inLanguage\":\"pt-BR\",\"@id\":\"https:\/\/15milhas.com.br\/wfe\/#\/schema\/logo\/image\/\",\"url\":\"https:\/\/15milhas.com.br\/wfe\/wp-content\/uploads\/2022\/05\/logo-2.png\",\"contentUrl\":\"https:\/\/15milhas.com.br\/wfe\/wp-content\/uploads\/2022\/05\/logo-2.png\",\"width\":2236,\"height\":986,\"caption\":\"15 Milhas\"},\"image\":{\"@id\":\"https:\/\/15milhas.com.br\/wfe\/#\/schema\/logo\/image\/\"},\"sameAs\":[\"https:\/\/www.facebook.com\/15MilhasdeCorredoresdeRuadeSantaRosa\",\"https:\/\/www.instagram.com\/15_milhas\/\"]},{\"@type\":\"Person\",\"@id\":\"https:\/\/15milhas.com.br\/wfe\/#\/schema\/person\/1cc0407031ffed1a5af875d765e4f668\",\"name\":\"admin\",\"sameAs\":[\"http:\/\/15milhas.com.br\/wfe\"],\"url\":\"https:\/\/15milhas.com.br\/wfe\/author\/admin\/\"}]}<\/script>\n<!-- \/ Yoast SEO plugin. -->","yoast_head_json":{"title":"Equipe 15 Milhas participou da R\u00fastica do Regimento San Martin - 15 Milhas","robots":{"index":"index","follow":"follow","max-snippet":"max-snippet:-1","max-image-preview":"max-image-preview:large","max-video-preview":"max-video-preview:-1"},"canonical":"https:\/\/15milhas.com.br\/wfe\/equipe-15-milhas-participou-da-rustica-do-regimento-san-martin\/","og_locale":"pt_BR","og_type":"article","og_title":"Equipe 15 Milhas participou da R\u00fastica do Regimento San Martin - 15 Milhas","og_description":"Aconteceu neste final de semana, 28 de agosto de 2022, a R\u00fastica em comemora\u00e7\u00e3o aos 80 anos do Regimento San Mart\u00edn de Santa Rosa.Apesar do clima chuvoso a participa\u00e7\u00e3o do p\u00fablico e dos corredores foi bastante interessante.","og_url":"https:\/\/15milhas.com.br\/wfe\/equipe-15-milhas-participou-da-rustica-do-regimento-san-martin\/","og_site_name":"15 Milhas","article_publisher":"https:\/\/www.facebook.com\/15MilhasdeCorredoresdeRuadeSantaRosa","article_published_time":"2022-08-29T18:24:29+00:00","article_modified_time":"2022-08-29T21:36:44+00:00","og_image":[{"width":1200,"height":1200,"url":"https:\/\/15milhas.com.br\/wfe\/wp-content\/uploads\/2022\/08\/WhatsApp-Image-2022-08-29-at-14.06.09.jpeg","type":"image\/jpeg"}],"author":"admin","twitter_card":"summary_large_image","twitter_misc":{"Escrito por":"admin","Est. tempo de leitura":"1 minuto"},"schema":{"@context":"https:\/\/schema.org","@graph":[{"@type":"Article","@id":"https:\/\/15milhas.com.br\/wfe\/equipe-15-milhas-participou-da-rustica-do-regimento-san-martin\/#article","isPartOf":{"@id":"https:\/\/15milhas.com.br\/wfe\/equipe-15-milhas-participou-da-rustica-do-regimento-san-martin\/"},"author":{"name":"admin","@id":"https:\/\/15milhas.com.br\/wfe\/#\/schema\/person\/1cc0407031ffed1a5af875d765e4f668"},"headline":"Equipe 15 Milhas participou da R\u00fastica do Regimento San Martin","datePublished":"2022-08-29T18:24:29+00:00","dateModified":"2022-08-29T21:36:44+00:00","mainEntityOfPage":{"@id":"https:\/\/15milhas.com.br\/wfe\/equipe-15-milhas-participou-da-rustica-do-regimento-san-martin\/"},"wordCount":186,"publisher":{"@id":"https:\/\/15milhas.com.br\/wfe\/#organization"},"image":{"@id":"https:\/\/15milhas.com.br\/wfe\/equipe-15-milhas-participou-da-rustica-do-regimento-san-martin\/#primaryimage"},"thumbnailUrl":"https:\/\/15milhas.com.br\/wfe\/wp-content\/uploads\/2022\/08\/WhatsApp-Image-2022-08-29-at-14.06.09.jpeg","keywords":["15 milhas","corrida","rustica","setembro"],"articleSection":["Noticias"],"inLanguage":"pt-BR"},{"@type":"WebPage","@id":"https:\/\/15milhas.com.br\/wfe\/equipe-15-milhas-participou-da-rustica-do-regimento-san-martin\/","url":"https:\/\/15milhas.com.br\/wfe\/equipe-15-milhas-participou-da-rustica-do-regimento-san-martin\/","name":"Equipe 15 Milhas participou da R\u00fastica do Regimento San Martin - 15 Milhas","isPartOf":{"@id":"https:\/\/15milhas.com.br\/wfe\/#website"},"primaryImageOfPage":{"@id":"https:\/\/15milhas.com.br\/wfe\/equipe-15-milhas-participou-da-rustica-do-regimento-san-martin\/#primaryimage"},"image":{"@id":"https:\/\/15milhas.com.br\/wfe\/equipe-15-milhas-participou-da-rustica-do-regimento-san-martin\/#primaryimage"},"thumbnailUrl":"https:\/\/15milhas.com.br\/wfe\/wp-content\/uploads\/2022\/08\/WhatsApp-Image-2022-08-29-at-14.06.09.jpeg","datePublished":"2022-08-29T18:24:29+00:00","dateModified":"2022-08-29T21:36:44+00:00","breadcrumb":{"@id":"https:\/\/15milhas.com.br\/wfe\/equipe-15-milhas-participou-da-rustica-do-regimento-san-martin\/#breadcrumb"},"inLanguage":"pt-BR","potentialAction":[{"@type":"ReadAction","target":["https:\/\/15milhas.com.br\/wfe\/equipe-15-milhas-participou-da-rustica-do-regimento-san-martin\/"]}]},{"@type":"ImageObject","inLanguage":"pt-BR","@id":"https:\/\/15milhas.com.br\/wfe\/equipe-15-milhas-participou-da-rustica-do-regimento-san-martin\/#primaryimage","url":"https:\/\/15milhas.com.br\/wfe\/wp-content\/uploads\/2022\/08\/WhatsApp-Image-2022-08-29-at-14.06.09.jpeg","contentUrl":"https:\/\/15milhas.com.br\/wfe\/wp-content\/uploads\/2022\/08\/WhatsApp-Image-2022-08-29-at-14.06.09.jpeg","width":1200,"height":1200},{"@type":"BreadcrumbList","@id":"https:\/\/15milhas.com.br\/wfe\/equipe-15-milhas-participou-da-rustica-do-regimento-san-martin\/#breadcrumb","itemListElement":[{"@type":"ListItem","position":1,"name":"In\u00edcio","item":"https:\/\/15milhas.com.br\/wfe\/"},{"@type":"ListItem","position":2,"name":"Equipe 15 Milhas participou da R\u00fastica do Regimento San Martin"}]},{"@type":"WebSite","@id":"https:\/\/15milhas.com.br\/wfe\/#website","url":"https:\/\/15milhas.com.br\/wfe\/","name":"15 Milhas","description":"Associa\u00e7\u00e3o de Corredores de Rua de Santa Rosa","publisher":{"@id":"https:\/\/15milhas.com.br\/wfe\/#organization"},"potentialAction":[{"@type":"SearchAction","target":{"@type":"EntryPoint","urlTemplate":"https:\/\/15milhas.com.br\/wfe\/?s={search_term_string}"},"query-input":{"@type":"PropertyValueSpecification","valueRequired":true,"valueName":"search_term_string"}}],"inLanguage":"pt-BR"},{"@type":"Organization","@id":"https:\/\/15milhas.com.br\/wfe\/#organization","name":"15 Milhas","url":"https:\/\/15milhas.com.br\/wfe\/","logo":{"@type":"ImageObject","inLanguage":"pt-BR","@id":"https:\/\/15milhas.com.br\/wfe\/#\/schema\/logo\/image\/","url":"https:\/\/15milhas.com.br\/wfe\/wp-content\/uploads\/2022\/05\/logo-2.png","contentUrl":"https:\/\/15milhas.com.br\/wfe\/wp-content\/uploads\/2022\/05\/logo-2.png","width":2236,"height":986,"caption":"15 Milhas"},"image":{"@id":"https:\/\/15milhas.com.br\/wfe\/#\/schema\/logo\/image\/"},"sameAs":["https:\/\/www.facebook.com\/15MilhasdeCorredoresdeRuadeSantaRosa","https:\/\/www.instagram.com\/15_milhas\/"]},{"@type":"Person","@id":"https:\/\/15milhas.com.br\/wfe\/#\/schema\/person\/1cc0407031ffed1a5af875d765e4f668","name":"admin","sameAs":["http:\/\/15milhas.com.br\/wfe"],"url":"https:\/\/15milhas.com.br\/wfe\/author\/admin\/"}]}},"rttpg_featured_image_url":{"full":["https:\/\/15milhas.com.br\/wfe\/wp-content\/uploads\/2022\/08\/WhatsApp-Image-2022-08-29-at-14.06.09.jpeg",1200,1200,false],"landscape":["https:\/\/15milhas.com.br\/wfe\/wp-content\/uploads\/2022\/08\/WhatsApp-Image-2022-08-29-at-14.06.09.jpeg",1200,1200,false],"portraits":["https:\/\/15milhas.com.br\/wfe\/wp-content\/uploads\/2022\/08\/WhatsApp-Image-2022-08-29-at-14.06.09.jpeg",1200,1200,false],"thumbnail":["https:\/\/15milhas.com.br\/wfe\/wp-content\/uploads\/2022\/08\/WhatsApp-Image-2022-08-29-at-14.06.09-150x150.jpeg",150,150,true],"medium":["https:\/\/15milhas.com.br\/wfe\/wp-content\/uploads\/2022\/08\/WhatsApp-Image-2022-08-29-at-14.06.09-300x300.jpeg",300,300,true],"large":["https:\/\/15milhas.com.br\/wfe\/wp-content\/uploads\/2022\/08\/WhatsApp-Image-2022-08-29-at-14.06.09-1024x1024.jpeg",1024,1024,true],"1536x1536":["https:\/\/15milhas.com.br\/wfe\/wp-content\/uploads\/2022\/08\/WhatsApp-Image-2022-08-29-at-14.06.09.jpeg",1200,1200,false],"2048x2048":["https:\/\/15milhas.com.br\/wfe\/wp-content\/uploads\/2022\/08\/WhatsApp-Image-2022-08-29-at-14.06.09.jpeg",1200,1200,false]},"rttpg_author":{"display_name":"admin","author_link":"https:\/\/15milhas.com.br\/wfe\/author\/admin\/"},"rttpg_comment":0,"rttpg_category":"<a href=\"https:\/\/15milhas.com.br\/wfe\/category\/noticias\/\" rel=\"category tag\">Noticias<\/a>","rttpg_excerpt":"Aconteceu neste final de semana, 28 de agosto de 2022, a R\u00fastica em comemora\u00e7\u00e3o aos 80 anos do Regimento San Mart\u00edn de Santa Rosa.Apesar do clima chuvoso a participa\u00e7\u00e3o do p\u00fablico e dos corredores foi bastante interessante.","_links":{"self":[{"href":"https:\/\/15milhas.com.br\/wfe\/wp-json\/wp\/v2\/posts\/459","targetHints":{"allow":["GET"]}}],"collection":[{"href":"https:\/\/15milhas.com.br\/wfe\/wp-json\/wp\/v2\/posts"}],"about":[{"href":"https:\/\/15milhas.com.br\/wfe\/wp-json\/wp\/v2\/types\/post"}],"author":[{"embeddable":true,"href":"https:\/\/15milhas.com.br\/wfe\/wp-json\/wp\/v2\/users\/1"}],"replies":[{"embeddable":true,"href":"https:\/\/15milhas.com.br\/wfe\/wp-json\/wp\/v2\/comments?post=459"}],"version-history":[{"count":5,"href":"https:\/\/15milhas.com.br\/wfe\/wp-json\/wp\/v2\/posts\/459\/revisions"}],"predecessor-version":[{"id":467,"href":"https:\/\/15milhas.com.br\/wfe\/wp-json\/wp\/v2\/posts\/459\/revisions\/467"}],"wp:featuredmedia":[{"embeddable":true,"href":"https:\/\/15milhas.com.br\/wfe\/wp-json\/wp\/v2\/media\/461"}],"wp:attachment":[{"href":"https:\/\/15milhas.com.br\/wfe\/wp-json\/wp\/v2\/media?parent=459"}],"wp:term":[{"taxonomy":"category","embeddable":true,"href":"https:\/\/15milhas.com.br\/wfe\/wp-json\/wp\/v2\/categories?post=459"},{"taxonomy":"post_tag","embeddable":true,"href":"https:\/\/15milhas.com.br\/wfe\/wp-json\/wp\/v2\/tags?post=459"}],"curies":[{"name":"wp","href":"https:\/\/api.w.org\/{rel}","templated":true}]}}