{"id":631,"date":"2024-11-27T12:55:25","date_gmt":"2024-11-27T12:55:25","guid":{"rendered":"https:\/\/15milhas.com.br\/wfe\/?p=631"},"modified":"2024-11-27T13:03:49","modified_gmt":"2024-11-27T13:03:49","slug":"atletismo-na-escola","status":"publish","type":"post","link":"https:\/\/15milhas.com.br\/wfe\/atletismo-na-escola\/","title":{"rendered":"ATLETISMO NA ESCOLA"},"content":{"rendered":"\n<figure class=\"wp-block-image size-large is-resized\"><img loading=\"lazy\" decoding=\"async\" width=\"1024\" height=\"768\" src=\"https:\/\/15milhas.com.br\/wfe\/wp-content\/uploads\/2024\/11\/projeto-prefe-2-1024x768.jpg\" alt=\"Teve in\u00edcio em Santa Rosa o projeto &quot;Atletismo na Escola&quot;, implementado em tr\u00eas institui\u00e7\u00f5es da Rede Municipal de Ensino\" class=\"wp-image-632\" style=\"width:429px;height:auto\" srcset=\"https:\/\/15milhas.com.br\/wfe\/wp-content\/uploads\/2024\/11\/projeto-prefe-2-1024x768.jpg 1024w, https:\/\/15milhas.com.br\/wfe\/wp-content\/uploads\/2024\/11\/projeto-prefe-2-300x225.jpg 300w, https:\/\/15milhas.com.br\/wfe\/wp-content\/uploads\/2024\/11\/projeto-prefe-2-768x576.jpg 768w, https:\/\/15milhas.com.br\/wfe\/wp-content\/uploads\/2024\/11\/projeto-prefe-2-1536x1152.jpg 1536w, https:\/\/15milhas.com.br\/wfe\/wp-content\/uploads\/2024\/11\/projeto-prefe-2.jpg 2048w\" sizes=\"auto, (max-width: 1024px) 100vw, 1024px\" \/><\/figure>\n\n\n\n<div class=\"wp-block-columns is-layout-flex wp-container-core-columns-is-layout-9d6595d7 wp-block-columns-is-layout-flex\">\n<div class=\"wp-block-column is-layout-flow wp-block-column-is-layout-flow\" style=\"flex-basis:100%\">\n<!--more-->\n<!--noteaser-->\n\n\n\n<figure class=\"wp-block-image size-large is-resized\"><img loading=\"lazy\" decoding=\"async\" width=\"1024\" height=\"768\" src=\"http:\/\/15milhas.com.br\/wfe\/wp-content\/uploads\/2024\/11\/projeto-prefe-1-1024x768.jpg\" alt=\"\" class=\"wp-image-626\" style=\"width:293px;height:auto\" srcset=\"https:\/\/15milhas.com.br\/wfe\/wp-content\/uploads\/2024\/11\/projeto-prefe-1-1024x768.jpg 1024w, https:\/\/15milhas.com.br\/wfe\/wp-content\/uploads\/2024\/11\/projeto-prefe-1-300x225.jpg 300w, https:\/\/15milhas.com.br\/wfe\/wp-content\/uploads\/2024\/11\/projeto-prefe-1-768x576.jpg 768w, https:\/\/15milhas.com.br\/wfe\/wp-content\/uploads\/2024\/11\/projeto-prefe-1-1536x1152.jpg 1536w, https:\/\/15milhas.com.br\/wfe\/wp-content\/uploads\/2024\/11\/projeto-prefe-1.jpg 2048w\" sizes=\"auto, (max-width: 1024px) 100vw, 1024px\" \/><\/figure>\n\n\n\n<p>No dia 4 de novembro, o prefeito Anderson Mantei assinou um termo de fomento com a Associa\u00e7\u00e3o 15 Milhas de Corredores de Rua de Santa Rosa. O objetivo \u00e9 promover o esporte e descobrir novos talentos entre crian\u00e7as e adolescentes. As atividades ser\u00e3o realizadas com recursos do munic\u00edpio.<\/p>\n\n\n\n<p>O projeto ser\u00e1 implementado nas escolas municipais 15 de Novembro, Santa Rita e Nossa Senhora de F\u00e1tima. Ao todo, R$ 54.140 ser\u00e3o investidos pelo munic\u00edpio para atender jovens de 8 a 18 anos, oferecendo treinamento em diversas modalidades de atletismo. Este investimento ser\u00e1 utilizado ao longo de um ano para a compra de equipamentos e materiais necess\u00e1rios \u00e0 pr\u00e1tica e desenvolvimento do esporte. O presidente da associa\u00e7\u00e3o e treinador respons\u00e1vel pelo projeto, Claudio Menzel, expressou entusiasmo com o in\u00edcio das atividades, &#8220;\u00c9 a realiza\u00e7\u00e3o de um sonho. Vamos conseguir auxiliar muitos jovens a desenvolver habilidades e alcan\u00e7ar objetivos, pois sabemos que o esporte transforma vidas. Agradecemos o apoio da Secretaria de Esporte e do prefeito por acreditarem no nosso trabalho&#8221;.<\/p>\n\n\n\n<p>Para o prefeito Anderson Mantei, o incentivo ao esporte nas escolas \u00e9 essencial para o desenvolvimento das novas gera\u00e7\u00f5es, &#8220;Queremos proporcionar oportunidades para que nossas crian\u00e7as e adolescentes cres\u00e7am com disciplina e sa\u00fade. A parceria com a Associa\u00e7\u00e3o 15 Milhas \u00e9 uma grande conquista para Santa Rosa, pois estamos n\u00e3o apenas promovendo o esporte, mas tamb\u00e9m investindo no futuro desses jovens&#8221;. A equipe t\u00e9cnica do projeto tamb\u00e9m contar\u00e1 com a treinadora Anny Lubschinski, que ir\u00e1 auxiliar nos treinamentos e acompanhar o desenvolvimento dos alunos.<\/p>\n<\/div>\n<\/div>\n","protected":false},"excerpt":{"rendered":"<p>Teve in\u00edcio em Santa Rosa o projeto &#8220;Atletismo na Escola&#8221;, implementado em tr\u00eas institui\u00e7\u00f5es da Rede Municipal de Ensino<\/p>\n","protected":false},"author":2,"featured_media":625,"comment_status":"closed","ping_status":"open","sticky":false,"template":"","format":"standard","meta":{"footnotes":""},"categories":[1],"tags":[],"class_list":["post-631","post","type-post","status-publish","format-standard","has-post-thumbnail","hentry","category-padrao"],"yoast_head":"<!-- This site is optimized with the Yoast SEO plugin v26.2 - https:\/\/yoast.com\/wordpress\/plugins\/seo\/ -->\n<title>ATLETISMO NA ESCOLA - 15 Milhas<\/title>\n<meta name=\"robots\" content=\"index, follow, max-snippet:-1, max-image-preview:large, max-video-preview:-1\" \/>\n<link rel=\"canonical\" href=\"https:\/\/15milhas.com.br\/wfe\/atletismo-na-escola\/\" \/>\n<meta property=\"og:locale\" content=\"pt_BR\" \/>\n<meta property=\"og:type\" content=\"article\" \/>\n<meta property=\"og:title\" content=\"ATLETISMO NA ESCOLA - 15 Milhas\" \/>\n<meta property=\"og:description\" content=\"Teve in\u00edcio em Santa Rosa o projeto &quot;Atletismo na Escola&quot;, implementado em tr\u00eas institui\u00e7\u00f5es da Rede Municipal de Ensino\" \/>\n<meta property=\"og:url\" content=\"https:\/\/15milhas.com.br\/wfe\/atletismo-na-escola\/\" \/>\n<meta property=\"og:site_name\" content=\"15 Milhas\" \/>\n<meta property=\"article:publisher\" content=\"https:\/\/www.facebook.com\/15MilhasdeCorredoresdeRuadeSantaRosa\" \/>\n<meta property=\"article:published_time\" content=\"2024-11-27T12:55:25+00:00\" \/>\n<meta property=\"article:modified_time\" content=\"2024-11-27T13:03:49+00:00\" \/>\n<meta property=\"og:image\" content=\"https:\/\/15milhas.com.br\/wfe\/wp-content\/uploads\/2024\/11\/projeto-prefe.jpg\" \/>\n\t<meta property=\"og:image:width\" content=\"2048\" \/>\n\t<meta property=\"og:image:height\" content=\"1536\" \/>\n\t<meta property=\"og:image:type\" content=\"image\/jpeg\" \/>\n<meta name=\"author\" content=\"Anny\" \/>\n<meta name=\"twitter:card\" content=\"summary_large_image\" \/>\n<meta name=\"twitter:label1\" content=\"Escrito por\" \/>\n\t<meta name=\"twitter:data1\" content=\"Anny\" \/>\n\t<meta name=\"twitter:label2\" content=\"Est. tempo de leitura\" \/>\n\t<meta name=\"twitter:data2\" content=\"1 minuto\" \/>\n<script type=\"application\/ld+json\" class=\"yoast-schema-graph\">{\"@context\":\"https:\/\/schema.org\",\"@graph\":[{\"@type\":\"Article\",\"@id\":\"https:\/\/15milhas.com.br\/wfe\/atletismo-na-escola\/#article\",\"isPartOf\":{\"@id\":\"https:\/\/15milhas.com.br\/wfe\/atletismo-na-escola\/\"},\"author\":{\"name\":\"Anny\",\"@id\":\"https:\/\/15milhas.com.br\/wfe\/#\/schema\/person\/d14570b6f600db5aa4f0153025cd1e0b\"},\"headline\":\"ATLETISMO NA ESCOLA\",\"datePublished\":\"2024-11-27T12:55:25+00:00\",\"dateModified\":\"2024-11-27T13:03:49+00:00\",\"mainEntityOfPage\":{\"@id\":\"https:\/\/15milhas.com.br\/wfe\/atletismo-na-escola\/\"},\"wordCount\":266,\"publisher\":{\"@id\":\"https:\/\/15milhas.com.br\/wfe\/#organization\"},\"image\":{\"@id\":\"https:\/\/15milhas.com.br\/wfe\/atletismo-na-escola\/#primaryimage\"},\"thumbnailUrl\":\"https:\/\/15milhas.com.br\/wfe\/wp-content\/uploads\/2024\/11\/projeto-prefe.jpg\",\"articleSection\":[\"Padr\u00e3o\"],\"inLanguage\":\"pt-BR\"},{\"@type\":\"WebPage\",\"@id\":\"https:\/\/15milhas.com.br\/wfe\/atletismo-na-escola\/\",\"url\":\"https:\/\/15milhas.com.br\/wfe\/atletismo-na-escola\/\",\"name\":\"ATLETISMO NA ESCOLA - 15 Milhas\",\"isPartOf\":{\"@id\":\"https:\/\/15milhas.com.br\/wfe\/#website\"},\"primaryImageOfPage\":{\"@id\":\"https:\/\/15milhas.com.br\/wfe\/atletismo-na-escola\/#primaryimage\"},\"image\":{\"@id\":\"https:\/\/15milhas.com.br\/wfe\/atletismo-na-escola\/#primaryimage\"},\"thumbnailUrl\":\"https:\/\/15milhas.com.br\/wfe\/wp-content\/uploads\/2024\/11\/projeto-prefe.jpg\",\"datePublished\":\"2024-11-27T12:55:25+00:00\",\"dateModified\":\"2024-11-27T13:03:49+00:00\",\"breadcrumb\":{\"@id\":\"https:\/\/15milhas.com.br\/wfe\/atletismo-na-escola\/#breadcrumb\"},\"inLanguage\":\"pt-BR\",\"potentialAction\":[{\"@type\":\"ReadAction\",\"target\":[\"https:\/\/15milhas.com.br\/wfe\/atletismo-na-escola\/\"]}]},{\"@type\":\"ImageObject\",\"inLanguage\":\"pt-BR\",\"@id\":\"https:\/\/15milhas.com.br\/wfe\/atletismo-na-escola\/#primaryimage\",\"url\":\"https:\/\/15milhas.com.br\/wfe\/wp-content\/uploads\/2024\/11\/projeto-prefe.jpg\",\"contentUrl\":\"https:\/\/15milhas.com.br\/wfe\/wp-content\/uploads\/2024\/11\/projeto-prefe.jpg\",\"width\":2048,\"height\":1536},{\"@type\":\"BreadcrumbList\",\"@id\":\"https:\/\/15milhas.com.br\/wfe\/atletismo-na-escola\/#breadcrumb\",\"itemListElement\":[{\"@type\":\"ListItem\",\"position\":1,\"name\":\"In\u00edcio\",\"item\":\"https:\/\/15milhas.com.br\/wfe\/\"},{\"@type\":\"ListItem\",\"position\":2,\"name\":\"ATLETISMO NA ESCOLA\"}]},{\"@type\":\"WebSite\",\"@id\":\"https:\/\/15milhas.com.br\/wfe\/#website\",\"url\":\"https:\/\/15milhas.com.br\/wfe\/\",\"name\":\"15 Milhas\",\"description\":\"Associa\u00e7\u00e3o de Corredores de Rua de Santa Rosa\",\"publisher\":{\"@id\":\"https:\/\/15milhas.com.br\/wfe\/#organization\"},\"potentialAction\":[{\"@type\":\"SearchAction\",\"target\":{\"@type\":\"EntryPoint\",\"urlTemplate\":\"https:\/\/15milhas.com.br\/wfe\/?s={search_term_string}\"},\"query-input\":{\"@type\":\"PropertyValueSpecification\",\"valueRequired\":true,\"valueName\":\"search_term_string\"}}],\"inLanguage\":\"pt-BR\"},{\"@type\":\"Organization\",\"@id\":\"https:\/\/15milhas.com.br\/wfe\/#organization\",\"name\":\"15 Milhas\",\"url\":\"https:\/\/15milhas.com.br\/wfe\/\",\"logo\":{\"@type\":\"ImageObject\",\"inLanguage\":\"pt-BR\",\"@id\":\"https:\/\/15milhas.com.br\/wfe\/#\/schema\/logo\/image\/\",\"url\":\"https:\/\/15milhas.com.br\/wfe\/wp-content\/uploads\/2022\/05\/logo-2.png\",\"contentUrl\":\"https:\/\/15milhas.com.br\/wfe\/wp-content\/uploads\/2022\/05\/logo-2.png\",\"width\":2236,\"height\":986,\"caption\":\"15 Milhas\"},\"image\":{\"@id\":\"https:\/\/15milhas.com.br\/wfe\/#\/schema\/logo\/image\/\"},\"sameAs\":[\"https:\/\/www.facebook.com\/15MilhasdeCorredoresdeRuadeSantaRosa\",\"https:\/\/www.instagram.com\/15_milhas\/\"]},{\"@type\":\"Person\",\"@id\":\"https:\/\/15milhas.com.br\/wfe\/#\/schema\/person\/d14570b6f600db5aa4f0153025cd1e0b\",\"name\":\"Anny\",\"url\":\"https:\/\/15milhas.com.br\/wfe\/author\/anny\/\"}]}<\/script>\n<!-- \/ Yoast SEO plugin. -->","yoast_head_json":{"title":"ATLETISMO NA ESCOLA - 15 Milhas","robots":{"index":"index","follow":"follow","max-snippet":"max-snippet:-1","max-image-preview":"max-image-preview:large","max-video-preview":"max-video-preview:-1"},"canonical":"https:\/\/15milhas.com.br\/wfe\/atletismo-na-escola\/","og_locale":"pt_BR","og_type":"article","og_title":"ATLETISMO NA ESCOLA - 15 Milhas","og_description":"Teve in\u00edcio em Santa Rosa o projeto \"Atletismo na Escola\", implementado em tr\u00eas institui\u00e7\u00f5es da Rede Municipal de Ensino","og_url":"https:\/\/15milhas.com.br\/wfe\/atletismo-na-escola\/","og_site_name":"15 Milhas","article_publisher":"https:\/\/www.facebook.com\/15MilhasdeCorredoresdeRuadeSantaRosa","article_published_time":"2024-11-27T12:55:25+00:00","article_modified_time":"2024-11-27T13:03:49+00:00","og_image":[{"width":2048,"height":1536,"url":"https:\/\/15milhas.com.br\/wfe\/wp-content\/uploads\/2024\/11\/projeto-prefe.jpg","type":"image\/jpeg"}],"author":"Anny","twitter_card":"summary_large_image","twitter_misc":{"Escrito por":"Anny","Est. tempo de leitura":"1 minuto"},"schema":{"@context":"https:\/\/schema.org","@graph":[{"@type":"Article","@id":"https:\/\/15milhas.com.br\/wfe\/atletismo-na-escola\/#article","isPartOf":{"@id":"https:\/\/15milhas.com.br\/wfe\/atletismo-na-escola\/"},"author":{"name":"Anny","@id":"https:\/\/15milhas.com.br\/wfe\/#\/schema\/person\/d14570b6f600db5aa4f0153025cd1e0b"},"headline":"ATLETISMO NA ESCOLA","datePublished":"2024-11-27T12:55:25+00:00","dateModified":"2024-11-27T13:03:49+00:00","mainEntityOfPage":{"@id":"https:\/\/15milhas.com.br\/wfe\/atletismo-na-escola\/"},"wordCount":266,"publisher":{"@id":"https:\/\/15milhas.com.br\/wfe\/#organization"},"image":{"@id":"https:\/\/15milhas.com.br\/wfe\/atletismo-na-escola\/#primaryimage"},"thumbnailUrl":"https:\/\/15milhas.com.br\/wfe\/wp-content\/uploads\/2024\/11\/projeto-prefe.jpg","articleSection":["Padr\u00e3o"],"inLanguage":"pt-BR"},{"@type":"WebPage","@id":"https:\/\/15milhas.com.br\/wfe\/atletismo-na-escola\/","url":"https:\/\/15milhas.com.br\/wfe\/atletismo-na-escola\/","name":"ATLETISMO NA ESCOLA - 15 Milhas","isPartOf":{"@id":"https:\/\/15milhas.com.br\/wfe\/#website"},"primaryImageOfPage":{"@id":"https:\/\/15milhas.com.br\/wfe\/atletismo-na-escola\/#primaryimage"},"image":{"@id":"https:\/\/15milhas.com.br\/wfe\/atletismo-na-escola\/#primaryimage"},"thumbnailUrl":"https:\/\/15milhas.com.br\/wfe\/wp-content\/uploads\/2024\/11\/projeto-prefe.jpg","datePublished":"2024-11-27T12:55:25+00:00","dateModified":"2024-11-27T13:03:49+00:00","breadcrumb":{"@id":"https:\/\/15milhas.com.br\/wfe\/atletismo-na-escola\/#breadcrumb"},"inLanguage":"pt-BR","potentialAction":[{"@type":"ReadAction","target":["https:\/\/15milhas.com.br\/wfe\/atletismo-na-escola\/"]}]},{"@type":"ImageObject","inLanguage":"pt-BR","@id":"https:\/\/15milhas.com.br\/wfe\/atletismo-na-escola\/#primaryimage","url":"https:\/\/15milhas.com.br\/wfe\/wp-content\/uploads\/2024\/11\/projeto-prefe.jpg","contentUrl":"https:\/\/15milhas.com.br\/wfe\/wp-content\/uploads\/2024\/11\/projeto-prefe.jpg","width":2048,"height":1536},{"@type":"BreadcrumbList","@id":"https:\/\/15milhas.com.br\/wfe\/atletismo-na-escola\/#breadcrumb","itemListElement":[{"@type":"ListItem","position":1,"name":"In\u00edcio","item":"https:\/\/15milhas.com.br\/wfe\/"},{"@type":"ListItem","position":2,"name":"ATLETISMO NA ESCOLA"}]},{"@type":"WebSite","@id":"https:\/\/15milhas.com.br\/wfe\/#website","url":"https:\/\/15milhas.com.br\/wfe\/","name":"15 Milhas","description":"Associa\u00e7\u00e3o de Corredores de Rua de Santa Rosa","publisher":{"@id":"https:\/\/15milhas.com.br\/wfe\/#organization"},"potentialAction":[{"@type":"SearchAction","target":{"@type":"EntryPoint","urlTemplate":"https:\/\/15milhas.com.br\/wfe\/?s={search_term_string}"},"query-input":{"@type":"PropertyValueSpecification","valueRequired":true,"valueName":"search_term_string"}}],"inLanguage":"pt-BR"},{"@type":"Organization","@id":"https:\/\/15milhas.com.br\/wfe\/#organization","name":"15 Milhas","url":"https:\/\/15milhas.com.br\/wfe\/","logo":{"@type":"ImageObject","inLanguage":"pt-BR","@id":"https:\/\/15milhas.com.br\/wfe\/#\/schema\/logo\/image\/","url":"https:\/\/15milhas.com.br\/wfe\/wp-content\/uploads\/2022\/05\/logo-2.png","contentUrl":"https:\/\/15milhas.com.br\/wfe\/wp-content\/uploads\/2022\/05\/logo-2.png","width":2236,"height":986,"caption":"15 Milhas"},"image":{"@id":"https:\/\/15milhas.com.br\/wfe\/#\/schema\/logo\/image\/"},"sameAs":["https:\/\/www.facebook.com\/15MilhasdeCorredoresdeRuadeSantaRosa","https:\/\/www.instagram.com\/15_milhas\/"]},{"@type":"Person","@id":"https:\/\/15milhas.com.br\/wfe\/#\/schema\/person\/d14570b6f600db5aa4f0153025cd1e0b","name":"Anny","url":"https:\/\/15milhas.com.br\/wfe\/author\/anny\/"}]}},"rttpg_featured_image_url":{"full":["https:\/\/15milhas.com.br\/wfe\/wp-content\/uploads\/2024\/11\/projeto-prefe.jpg",2048,1536,false],"landscape":["https:\/\/15milhas.com.br\/wfe\/wp-content\/uploads\/2024\/11\/projeto-prefe.jpg",2048,1536,false],"portraits":["https:\/\/15milhas.com.br\/wfe\/wp-content\/uploads\/2024\/11\/projeto-prefe.jpg",2048,1536,false],"thumbnail":["https:\/\/15milhas.com.br\/wfe\/wp-content\/uploads\/2024\/11\/projeto-prefe-150x150.jpg",150,150,true],"medium":["https:\/\/15milhas.com.br\/wfe\/wp-content\/uploads\/2024\/11\/projeto-prefe-300x225.jpg",300,225,true],"large":["https:\/\/15milhas.com.br\/wfe\/wp-content\/uploads\/2024\/11\/projeto-prefe-1024x768.jpg",1024,768,true],"1536x1536":["https:\/\/15milhas.com.br\/wfe\/wp-content\/uploads\/2024\/11\/projeto-prefe-1536x1152.jpg",1536,1152,true],"2048x2048":["https:\/\/15milhas.com.br\/wfe\/wp-content\/uploads\/2024\/11\/projeto-prefe.jpg",2048,1536,false]},"rttpg_author":{"display_name":"Anny","author_link":"https:\/\/15milhas.com.br\/wfe\/author\/anny\/"},"rttpg_comment":0,"rttpg_category":"<a href=\"https:\/\/15milhas.com.br\/wfe\/category\/padrao\/\" rel=\"category tag\">Padr\u00e3o<\/a>","rttpg_excerpt":"Teve in\u00edcio em Santa Rosa o projeto \"Atletismo na Escola\", implementado em tr\u00eas institui\u00e7\u00f5es da Rede Municipal de Ensino","_links":{"self":[{"href":"https:\/\/15milhas.com.br\/wfe\/wp-json\/wp\/v2\/posts\/631","targetHints":{"allow":["GET"]}}],"collection":[{"href":"https:\/\/15milhas.com.br\/wfe\/wp-json\/wp\/v2\/posts"}],"about":[{"href":"https:\/\/15milhas.com.br\/wfe\/wp-json\/wp\/v2\/types\/post"}],"author":[{"embeddable":true,"href":"https:\/\/15milhas.com.br\/wfe\/wp-json\/wp\/v2\/users\/2"}],"replies":[{"embeddable":true,"href":"https:\/\/15milhas.com.br\/wfe\/wp-json\/wp\/v2\/comments?post=631"}],"version-history":[{"count":2,"href":"https:\/\/15milhas.com.br\/wfe\/wp-json\/wp\/v2\/posts\/631\/revisions"}],"predecessor-version":[{"id":636,"href":"https:\/\/15milhas.com.br\/wfe\/wp-json\/wp\/v2\/posts\/631\/revisions\/636"}],"wp:featuredmedia":[{"embeddable":true,"href":"https:\/\/15milhas.com.br\/wfe\/wp-json\/wp\/v2\/media\/625"}],"wp:attachment":[{"href":"https:\/\/15milhas.com.br\/wfe\/wp-json\/wp\/v2\/media?parent=631"}],"wp:term":[{"taxonomy":"category","embeddable":true,"href":"https:\/\/15milhas.com.br\/wfe\/wp-json\/wp\/v2\/categories?post=631"},{"taxonomy":"post_tag","embeddable":true,"href":"https:\/\/15milhas.com.br\/wfe\/wp-json\/wp\/v2\/tags?post=631"}],"curies":[{"name":"wp","href":"https:\/\/api.w.org\/{rel}","templated":true}]}}