{"id":640,"date":"2024-11-27T13:30:00","date_gmt":"2024-11-27T13:30:00","guid":{"rendered":"https:\/\/15milhas.com.br\/wfe\/?p=640"},"modified":"2024-11-27T13:46:59","modified_gmt":"2024-11-27T13:46:59","slug":"dia-de-correr-em-casa-desafio-10k-santa-rosa","status":"publish","type":"post","link":"https:\/\/15milhas.com.br\/wfe\/dia-de-correr-em-casa-desafio-10k-santa-rosa\/","title":{"rendered":"Dia de correr em casa &#8211; Desafio 10k Santa Rosa"},"content":{"rendered":"\n<figure class=\"wp-block-image size-large is-resized\"><img loading=\"lazy\" decoding=\"async\" width=\"1024\" height=\"908\" src=\"http:\/\/15milhas.com.br\/wfe\/wp-content\/uploads\/2024\/11\/aa1-1024x908.jpg\" alt=\"\" class=\"wp-image-641\" style=\"width:507px;height:auto\" srcset=\"https:\/\/15milhas.com.br\/wfe\/wp-content\/uploads\/2024\/11\/aa1-1024x908.jpg 1024w, https:\/\/15milhas.com.br\/wfe\/wp-content\/uploads\/2024\/11\/aa1-300x266.jpg 300w, https:\/\/15milhas.com.br\/wfe\/wp-content\/uploads\/2024\/11\/aa1-768x681.jpg 768w, https:\/\/15milhas.com.br\/wfe\/wp-content\/uploads\/2024\/11\/aa1.jpg 1062w\" sizes=\"auto, (max-width: 1024px) 100vw, 1024px\" \/><figcaption class=\"wp-element-caption\">Dia de correr em casa&#8230;<\/figcaption><\/figure>\n\n\n<a class=\"wp-block-read-more\" href=\"https:\/\/15milhas.com.br\/wfe\/dia-de-correr-em-casa-desafio-10k-santa-rosa\/\" target=\"_self\">Leia mais<span class=\"screen-reader-text\">: Dia de correr em casa &#8211; Desafio 10k Santa Rosa<\/span><\/a>\n\n\n<!--more-->\n<!--noteaser-->\n\n\n\n<p>Neste domingo, dia 24 a equipe 15 Milhas participou do Desafio 10K organizado pela Secretaria de Esportes com apoio da Prefeitura Municipal e contou com a participa\u00e7\u00e3o de mais de 200 atletas que se desafiaram e conclu\u00edram o trajeto com dist\u00e2ncias de 10 e 2 km.<\/p>\n\n\n\n<figure class=\"wp-block-image size-large is-resized\"><img loading=\"lazy\" decoding=\"async\" width=\"1024\" height=\"908\" src=\"http:\/\/15milhas.com.br\/wfe\/wp-content\/uploads\/2024\/11\/aa1-1024x908.jpg\" alt=\"\" class=\"wp-image-641\" style=\"width:399px;height:auto\" srcset=\"https:\/\/15milhas.com.br\/wfe\/wp-content\/uploads\/2024\/11\/aa1-1024x908.jpg 1024w, https:\/\/15milhas.com.br\/wfe\/wp-content\/uploads\/2024\/11\/aa1-300x266.jpg 300w, https:\/\/15milhas.com.br\/wfe\/wp-content\/uploads\/2024\/11\/aa1-768x681.jpg 768w, https:\/\/15milhas.com.br\/wfe\/wp-content\/uploads\/2024\/11\/aa1.jpg 1062w\" sizes=\"auto, (max-width: 1024px) 100vw, 1024px\" \/><\/figure>\n\n\n\n<p>A equipe teve 13 atletas competindo nos 10 km solo e revezamento com direito a 13 p\u00f3dios. Eduardo Mallman 5\u00ba lugar geral masculino e 1\u00ba lugar (dupla masc.) com Ivonir Emanoel<\/p>\n\n\n\n<p>Cassiano Modesto e <a><\/a>Victor assun\u00e7\u00e3o 3\u00ba lugar (dupla masc.)<\/p>\n\n\n\n<p>Claudio Menzel 4\u00ba lugar cat e 5\u00balugar (dupla mista) com Anny Lubschinski<\/p>\n\n\n\n<p>Nas suas respectivas categorias nos 10km: Aline Scheider 1\u00ba lugar \u2013 Dalila Aguiar 5\u00ba lugar &#8211; Anny Lubschinski 2\u00ba lugar \u2013 Joel de Oliveira 3\u00ba lugar &#8211; Michael Moura 4\u00ba lugar \u2013 Cristiano Padilha 4\u00ba lugar \u2013 Cristian Chagas 1\u00ba lugar. Nos 2km Laine Girotto 3\u00ba lugar.<\/p>\n\n\n\n<p>Parab\u00e9ns a todos que se desafiaram!<\/p>\n\n\n\n<p>Obrigada ao nosso patrocinador @cresolessencia por todo apoio.<\/p>\n\n\n\n<p>Parab\u00e9ns aos organizadores! Contem sempre com nosso apoio, pois o esporte transforma vidas.<\/p>\n\n\n\n<p><\/p>\n","protected":false},"excerpt":{"rendered":"","protected":false},"author":2,"featured_media":641,"comment_status":"closed","ping_status":"open","sticky":false,"template":"","format":"standard","meta":{"footnotes":""},"categories":[1],"tags":[38,53,26,32,33],"class_list":["post-640","post","type-post","status-publish","format-standard","has-post-thumbnail","hentry","category-padrao","tag-15-milhas","tag-amigosquecorrem","tag-corrida","tag-rua","tag-rustica"],"yoast_head":"<!-- This site is optimized with the Yoast SEO plugin v26.2 - https:\/\/yoast.com\/wordpress\/plugins\/seo\/ -->\n<title>Dia de correr em casa - Desafio 10k Santa Rosa - 15 Milhas<\/title>\n<meta name=\"robots\" content=\"index, follow, max-snippet:-1, max-image-preview:large, max-video-preview:-1\" \/>\n<link rel=\"canonical\" href=\"https:\/\/15milhas.com.br\/wfe\/dia-de-correr-em-casa-desafio-10k-santa-rosa\/\" \/>\n<meta property=\"og:locale\" content=\"pt_BR\" \/>\n<meta property=\"og:type\" content=\"article\" \/>\n<meta property=\"og:title\" content=\"Dia de correr em casa - Desafio 10k Santa Rosa - 15 Milhas\" \/>\n<meta property=\"og:url\" content=\"https:\/\/15milhas.com.br\/wfe\/dia-de-correr-em-casa-desafio-10k-santa-rosa\/\" \/>\n<meta property=\"og:site_name\" content=\"15 Milhas\" \/>\n<meta property=\"article:publisher\" content=\"https:\/\/www.facebook.com\/15MilhasdeCorredoresdeRuadeSantaRosa\" \/>\n<meta property=\"article:published_time\" content=\"2024-11-27T13:30:00+00:00\" \/>\n<meta property=\"article:modified_time\" content=\"2024-11-27T13:46:59+00:00\" \/>\n<meta property=\"og:image\" content=\"https:\/\/15milhas.com.br\/wfe\/wp-content\/uploads\/2024\/11\/aa1.jpg\" \/>\n\t<meta property=\"og:image:width\" content=\"1062\" \/>\n\t<meta property=\"og:image:height\" content=\"942\" \/>\n\t<meta property=\"og:image:type\" content=\"image\/jpeg\" \/>\n<meta name=\"author\" content=\"Anny\" \/>\n<meta name=\"twitter:card\" content=\"summary_large_image\" \/>\n<meta name=\"twitter:label1\" content=\"Escrito por\" \/>\n\t<meta name=\"twitter:data1\" content=\"Anny\" \/>\n\t<meta name=\"twitter:label2\" content=\"Est. tempo de leitura\" \/>\n\t<meta name=\"twitter:data2\" content=\"1 minuto\" \/>\n<script type=\"application\/ld+json\" class=\"yoast-schema-graph\">{\"@context\":\"https:\/\/schema.org\",\"@graph\":[{\"@type\":\"Article\",\"@id\":\"https:\/\/15milhas.com.br\/wfe\/dia-de-correr-em-casa-desafio-10k-santa-rosa\/#article\",\"isPartOf\":{\"@id\":\"https:\/\/15milhas.com.br\/wfe\/dia-de-correr-em-casa-desafio-10k-santa-rosa\/\"},\"author\":{\"name\":\"Anny\",\"@id\":\"https:\/\/15milhas.com.br\/wfe\/#\/schema\/person\/d14570b6f600db5aa4f0153025cd1e0b\"},\"headline\":\"Dia de correr em casa &#8211; Desafio 10k Santa Rosa\",\"datePublished\":\"2024-11-27T13:30:00+00:00\",\"dateModified\":\"2024-11-27T13:46:59+00:00\",\"mainEntityOfPage\":{\"@id\":\"https:\/\/15milhas.com.br\/wfe\/dia-de-correr-em-casa-desafio-10k-santa-rosa\/\"},\"wordCount\":170,\"publisher\":{\"@id\":\"https:\/\/15milhas.com.br\/wfe\/#organization\"},\"image\":{\"@id\":\"https:\/\/15milhas.com.br\/wfe\/dia-de-correr-em-casa-desafio-10k-santa-rosa\/#primaryimage\"},\"thumbnailUrl\":\"https:\/\/15milhas.com.br\/wfe\/wp-content\/uploads\/2024\/11\/aa1.jpg\",\"keywords\":[\"15 milhas\",\"amigosquecorrem\",\"corrida\",\"rua\",\"rustica\"],\"articleSection\":[\"Padr\u00e3o\"],\"inLanguage\":\"pt-BR\"},{\"@type\":\"WebPage\",\"@id\":\"https:\/\/15milhas.com.br\/wfe\/dia-de-correr-em-casa-desafio-10k-santa-rosa\/\",\"url\":\"https:\/\/15milhas.com.br\/wfe\/dia-de-correr-em-casa-desafio-10k-santa-rosa\/\",\"name\":\"Dia de correr em casa - Desafio 10k Santa Rosa - 15 Milhas\",\"isPartOf\":{\"@id\":\"https:\/\/15milhas.com.br\/wfe\/#website\"},\"primaryImageOfPage\":{\"@id\":\"https:\/\/15milhas.com.br\/wfe\/dia-de-correr-em-casa-desafio-10k-santa-rosa\/#primaryimage\"},\"image\":{\"@id\":\"https:\/\/15milhas.com.br\/wfe\/dia-de-correr-em-casa-desafio-10k-santa-rosa\/#primaryimage\"},\"thumbnailUrl\":\"https:\/\/15milhas.com.br\/wfe\/wp-content\/uploads\/2024\/11\/aa1.jpg\",\"datePublished\":\"2024-11-27T13:30:00+00:00\",\"dateModified\":\"2024-11-27T13:46:59+00:00\",\"breadcrumb\":{\"@id\":\"https:\/\/15milhas.com.br\/wfe\/dia-de-correr-em-casa-desafio-10k-santa-rosa\/#breadcrumb\"},\"inLanguage\":\"pt-BR\",\"potentialAction\":[{\"@type\":\"ReadAction\",\"target\":[\"https:\/\/15milhas.com.br\/wfe\/dia-de-correr-em-casa-desafio-10k-santa-rosa\/\"]}]},{\"@type\":\"ImageObject\",\"inLanguage\":\"pt-BR\",\"@id\":\"https:\/\/15milhas.com.br\/wfe\/dia-de-correr-em-casa-desafio-10k-santa-rosa\/#primaryimage\",\"url\":\"https:\/\/15milhas.com.br\/wfe\/wp-content\/uploads\/2024\/11\/aa1.jpg\",\"contentUrl\":\"https:\/\/15milhas.com.br\/wfe\/wp-content\/uploads\/2024\/11\/aa1.jpg\",\"width\":1062,\"height\":942,\"caption\":\"Dia de correr em casa...\"},{\"@type\":\"BreadcrumbList\",\"@id\":\"https:\/\/15milhas.com.br\/wfe\/dia-de-correr-em-casa-desafio-10k-santa-rosa\/#breadcrumb\",\"itemListElement\":[{\"@type\":\"ListItem\",\"position\":1,\"name\":\"In\u00edcio\",\"item\":\"https:\/\/15milhas.com.br\/wfe\/\"},{\"@type\":\"ListItem\",\"position\":2,\"name\":\"Dia de correr em casa &#8211; Desafio 10k Santa Rosa\"}]},{\"@type\":\"WebSite\",\"@id\":\"https:\/\/15milhas.com.br\/wfe\/#website\",\"url\":\"https:\/\/15milhas.com.br\/wfe\/\",\"name\":\"15 Milhas\",\"description\":\"Associa\u00e7\u00e3o de Corredores de Rua de Santa Rosa\",\"publisher\":{\"@id\":\"https:\/\/15milhas.com.br\/wfe\/#organization\"},\"potentialAction\":[{\"@type\":\"SearchAction\",\"target\":{\"@type\":\"EntryPoint\",\"urlTemplate\":\"https:\/\/15milhas.com.br\/wfe\/?s={search_term_string}\"},\"query-input\":{\"@type\":\"PropertyValueSpecification\",\"valueRequired\":true,\"valueName\":\"search_term_string\"}}],\"inLanguage\":\"pt-BR\"},{\"@type\":\"Organization\",\"@id\":\"https:\/\/15milhas.com.br\/wfe\/#organization\",\"name\":\"15 Milhas\",\"url\":\"https:\/\/15milhas.com.br\/wfe\/\",\"logo\":{\"@type\":\"ImageObject\",\"inLanguage\":\"pt-BR\",\"@id\":\"https:\/\/15milhas.com.br\/wfe\/#\/schema\/logo\/image\/\",\"url\":\"https:\/\/15milhas.com.br\/wfe\/wp-content\/uploads\/2022\/05\/logo-2.png\",\"contentUrl\":\"https:\/\/15milhas.com.br\/wfe\/wp-content\/uploads\/2022\/05\/logo-2.png\",\"width\":2236,\"height\":986,\"caption\":\"15 Milhas\"},\"image\":{\"@id\":\"https:\/\/15milhas.com.br\/wfe\/#\/schema\/logo\/image\/\"},\"sameAs\":[\"https:\/\/www.facebook.com\/15MilhasdeCorredoresdeRuadeSantaRosa\",\"https:\/\/www.instagram.com\/15_milhas\/\"]},{\"@type\":\"Person\",\"@id\":\"https:\/\/15milhas.com.br\/wfe\/#\/schema\/person\/d14570b6f600db5aa4f0153025cd1e0b\",\"name\":\"Anny\",\"url\":\"https:\/\/15milhas.com.br\/wfe\/author\/anny\/\"}]}<\/script>\n<!-- \/ Yoast SEO plugin. -->","yoast_head_json":{"title":"Dia de correr em casa - Desafio 10k Santa Rosa - 15 Milhas","robots":{"index":"index","follow":"follow","max-snippet":"max-snippet:-1","max-image-preview":"max-image-preview:large","max-video-preview":"max-video-preview:-1"},"canonical":"https:\/\/15milhas.com.br\/wfe\/dia-de-correr-em-casa-desafio-10k-santa-rosa\/","og_locale":"pt_BR","og_type":"article","og_title":"Dia de correr em casa - Desafio 10k Santa Rosa - 15 Milhas","og_url":"https:\/\/15milhas.com.br\/wfe\/dia-de-correr-em-casa-desafio-10k-santa-rosa\/","og_site_name":"15 Milhas","article_publisher":"https:\/\/www.facebook.com\/15MilhasdeCorredoresdeRuadeSantaRosa","article_published_time":"2024-11-27T13:30:00+00:00","article_modified_time":"2024-11-27T13:46:59+00:00","og_image":[{"width":1062,"height":942,"url":"https:\/\/15milhas.com.br\/wfe\/wp-content\/uploads\/2024\/11\/aa1.jpg","type":"image\/jpeg"}],"author":"Anny","twitter_card":"summary_large_image","twitter_misc":{"Escrito por":"Anny","Est. tempo de leitura":"1 minuto"},"schema":{"@context":"https:\/\/schema.org","@graph":[{"@type":"Article","@id":"https:\/\/15milhas.com.br\/wfe\/dia-de-correr-em-casa-desafio-10k-santa-rosa\/#article","isPartOf":{"@id":"https:\/\/15milhas.com.br\/wfe\/dia-de-correr-em-casa-desafio-10k-santa-rosa\/"},"author":{"name":"Anny","@id":"https:\/\/15milhas.com.br\/wfe\/#\/schema\/person\/d14570b6f600db5aa4f0153025cd1e0b"},"headline":"Dia de correr em casa &#8211; Desafio 10k Santa Rosa","datePublished":"2024-11-27T13:30:00+00:00","dateModified":"2024-11-27T13:46:59+00:00","mainEntityOfPage":{"@id":"https:\/\/15milhas.com.br\/wfe\/dia-de-correr-em-casa-desafio-10k-santa-rosa\/"},"wordCount":170,"publisher":{"@id":"https:\/\/15milhas.com.br\/wfe\/#organization"},"image":{"@id":"https:\/\/15milhas.com.br\/wfe\/dia-de-correr-em-casa-desafio-10k-santa-rosa\/#primaryimage"},"thumbnailUrl":"https:\/\/15milhas.com.br\/wfe\/wp-content\/uploads\/2024\/11\/aa1.jpg","keywords":["15 milhas","amigosquecorrem","corrida","rua","rustica"],"articleSection":["Padr\u00e3o"],"inLanguage":"pt-BR"},{"@type":"WebPage","@id":"https:\/\/15milhas.com.br\/wfe\/dia-de-correr-em-casa-desafio-10k-santa-rosa\/","url":"https:\/\/15milhas.com.br\/wfe\/dia-de-correr-em-casa-desafio-10k-santa-rosa\/","name":"Dia de correr em casa - Desafio 10k Santa Rosa - 15 Milhas","isPartOf":{"@id":"https:\/\/15milhas.com.br\/wfe\/#website"},"primaryImageOfPage":{"@id":"https:\/\/15milhas.com.br\/wfe\/dia-de-correr-em-casa-desafio-10k-santa-rosa\/#primaryimage"},"image":{"@id":"https:\/\/15milhas.com.br\/wfe\/dia-de-correr-em-casa-desafio-10k-santa-rosa\/#primaryimage"},"thumbnailUrl":"https:\/\/15milhas.com.br\/wfe\/wp-content\/uploads\/2024\/11\/aa1.jpg","datePublished":"2024-11-27T13:30:00+00:00","dateModified":"2024-11-27T13:46:59+00:00","breadcrumb":{"@id":"https:\/\/15milhas.com.br\/wfe\/dia-de-correr-em-casa-desafio-10k-santa-rosa\/#breadcrumb"},"inLanguage":"pt-BR","potentialAction":[{"@type":"ReadAction","target":["https:\/\/15milhas.com.br\/wfe\/dia-de-correr-em-casa-desafio-10k-santa-rosa\/"]}]},{"@type":"ImageObject","inLanguage":"pt-BR","@id":"https:\/\/15milhas.com.br\/wfe\/dia-de-correr-em-casa-desafio-10k-santa-rosa\/#primaryimage","url":"https:\/\/15milhas.com.br\/wfe\/wp-content\/uploads\/2024\/11\/aa1.jpg","contentUrl":"https:\/\/15milhas.com.br\/wfe\/wp-content\/uploads\/2024\/11\/aa1.jpg","width":1062,"height":942,"caption":"Dia de correr em casa..."},{"@type":"BreadcrumbList","@id":"https:\/\/15milhas.com.br\/wfe\/dia-de-correr-em-casa-desafio-10k-santa-rosa\/#breadcrumb","itemListElement":[{"@type":"ListItem","position":1,"name":"In\u00edcio","item":"https:\/\/15milhas.com.br\/wfe\/"},{"@type":"ListItem","position":2,"name":"Dia de correr em casa &#8211; Desafio 10k Santa Rosa"}]},{"@type":"WebSite","@id":"https:\/\/15milhas.com.br\/wfe\/#website","url":"https:\/\/15milhas.com.br\/wfe\/","name":"15 Milhas","description":"Associa\u00e7\u00e3o de Corredores de Rua de Santa Rosa","publisher":{"@id":"https:\/\/15milhas.com.br\/wfe\/#organization"},"potentialAction":[{"@type":"SearchAction","target":{"@type":"EntryPoint","urlTemplate":"https:\/\/15milhas.com.br\/wfe\/?s={search_term_string}"},"query-input":{"@type":"PropertyValueSpecification","valueRequired":true,"valueName":"search_term_string"}}],"inLanguage":"pt-BR"},{"@type":"Organization","@id":"https:\/\/15milhas.com.br\/wfe\/#organization","name":"15 Milhas","url":"https:\/\/15milhas.com.br\/wfe\/","logo":{"@type":"ImageObject","inLanguage":"pt-BR","@id":"https:\/\/15milhas.com.br\/wfe\/#\/schema\/logo\/image\/","url":"https:\/\/15milhas.com.br\/wfe\/wp-content\/uploads\/2022\/05\/logo-2.png","contentUrl":"https:\/\/15milhas.com.br\/wfe\/wp-content\/uploads\/2022\/05\/logo-2.png","width":2236,"height":986,"caption":"15 Milhas"},"image":{"@id":"https:\/\/15milhas.com.br\/wfe\/#\/schema\/logo\/image\/"},"sameAs":["https:\/\/www.facebook.com\/15MilhasdeCorredoresdeRuadeSantaRosa","https:\/\/www.instagram.com\/15_milhas\/"]},{"@type":"Person","@id":"https:\/\/15milhas.com.br\/wfe\/#\/schema\/person\/d14570b6f600db5aa4f0153025cd1e0b","name":"Anny","url":"https:\/\/15milhas.com.br\/wfe\/author\/anny\/"}]}},"rttpg_featured_image_url":{"full":["https:\/\/15milhas.com.br\/wfe\/wp-content\/uploads\/2024\/11\/aa1.jpg",1062,942,false],"landscape":["https:\/\/15milhas.com.br\/wfe\/wp-content\/uploads\/2024\/11\/aa1.jpg",1062,942,false],"portraits":["https:\/\/15milhas.com.br\/wfe\/wp-content\/uploads\/2024\/11\/aa1.jpg",1062,942,false],"thumbnail":["https:\/\/15milhas.com.br\/wfe\/wp-content\/uploads\/2024\/11\/aa1-150x150.jpg",150,150,true],"medium":["https:\/\/15milhas.com.br\/wfe\/wp-content\/uploads\/2024\/11\/aa1-300x266.jpg",300,266,true],"large":["https:\/\/15milhas.com.br\/wfe\/wp-content\/uploads\/2024\/11\/aa1-1024x908.jpg",1024,908,true],"1536x1536":["https:\/\/15milhas.com.br\/wfe\/wp-content\/uploads\/2024\/11\/aa1.jpg",1062,942,false],"2048x2048":["https:\/\/15milhas.com.br\/wfe\/wp-content\/uploads\/2024\/11\/aa1.jpg",1062,942,false]},"rttpg_author":{"display_name":"Anny","author_link":"https:\/\/15milhas.com.br\/wfe\/author\/anny\/"},"rttpg_comment":0,"rttpg_category":"<a href=\"https:\/\/15milhas.com.br\/wfe\/category\/padrao\/\" rel=\"category tag\">Padr\u00e3o<\/a>","rttpg_excerpt":null,"_links":{"self":[{"href":"https:\/\/15milhas.com.br\/wfe\/wp-json\/wp\/v2\/posts\/640","targetHints":{"allow":["GET"]}}],"collection":[{"href":"https:\/\/15milhas.com.br\/wfe\/wp-json\/wp\/v2\/posts"}],"about":[{"href":"https:\/\/15milhas.com.br\/wfe\/wp-json\/wp\/v2\/types\/post"}],"author":[{"embeddable":true,"href":"https:\/\/15milhas.com.br\/wfe\/wp-json\/wp\/v2\/users\/2"}],"replies":[{"embeddable":true,"href":"https:\/\/15milhas.com.br\/wfe\/wp-json\/wp\/v2\/comments?post=640"}],"version-history":[{"count":3,"href":"https:\/\/15milhas.com.br\/wfe\/wp-json\/wp\/v2\/posts\/640\/revisions"}],"predecessor-version":[{"id":646,"href":"https:\/\/15milhas.com.br\/wfe\/wp-json\/wp\/v2\/posts\/640\/revisions\/646"}],"wp:featuredmedia":[{"embeddable":true,"href":"https:\/\/15milhas.com.br\/wfe\/wp-json\/wp\/v2\/media\/641"}],"wp:attachment":[{"href":"https:\/\/15milhas.com.br\/wfe\/wp-json\/wp\/v2\/media?parent=640"}],"wp:term":[{"taxonomy":"category","embeddable":true,"href":"https:\/\/15milhas.com.br\/wfe\/wp-json\/wp\/v2\/categories?post=640"},{"taxonomy":"post_tag","embeddable":true,"href":"https:\/\/15milhas.com.br\/wfe\/wp-json\/wp\/v2\/tags?post=640"}],"curies":[{"name":"wp","href":"https:\/\/api.w.org\/{rel}","templated":true}]}}