{"id":656,"date":"2025-02-06T10:59:13","date_gmt":"2025-02-06T10:59:13","guid":{"rendered":"https:\/\/15milhas.com.br\/wfe\/?p=656"},"modified":"2025-02-06T11:45:39","modified_gmt":"2025-02-06T11:45:39","slug":"19a-ttt-travessia-torres-tramandai-praia-calor-e-superacao","status":"publish","type":"post","link":"https:\/\/15milhas.com.br\/wfe\/19a-ttt-travessia-torres-tramandai-praia-calor-e-superacao\/","title":{"rendered":"19\u00aa TTT \u2013 Travessia Torres &#8211; Tramanda\u00ed \u2013 Praia, calor e supera\u00e7\u00e3o."},"content":{"rendered":"\n<p><\/p>\n\n\n\n<figure class=\"wp-block-image size-large is-resized is-style-default\"><img loading=\"lazy\" decoding=\"async\" width=\"975\" height=\"1024\" src=\"http:\/\/15milhas.com.br\/wfe\/wp-content\/uploads\/2025\/02\/WhatsApp-Image-2025-02-04-at-13.38.39-e1738839476925-975x1024.jpeg\" alt=\"\" class=\"wp-image-658\" style=\"width:373px;height:auto\" srcset=\"https:\/\/15milhas.com.br\/wfe\/wp-content\/uploads\/2025\/02\/WhatsApp-Image-2025-02-04-at-13.38.39-e1738839476925-975x1024.jpeg 975w, https:\/\/15milhas.com.br\/wfe\/wp-content\/uploads\/2025\/02\/WhatsApp-Image-2025-02-04-at-13.38.39-e1738839476925-286x300.jpeg 286w, https:\/\/15milhas.com.br\/wfe\/wp-content\/uploads\/2025\/02\/WhatsApp-Image-2025-02-04-at-13.38.39-e1738839476925-768x806.jpeg 768w, https:\/\/15milhas.com.br\/wfe\/wp-content\/uploads\/2025\/02\/WhatsApp-Image-2025-02-04-at-13.38.39-e1738839476925.jpeg 1200w\" sizes=\"auto, (max-width: 975px) 100vw, 975px\" \/><\/figure>\n\n\n\n<p> Aline Karnikowski e Cristian Chagas representaram Santa Rosa percorrendo o trajeto da Meia Maratona.<\/p>\n\n\n\n<!--more-->\n\n\n\n<p><\/p>\n\n\n\n<p><\/p>\n\n\n\n<p>Muitos atletas se desafiaram pelas areias do litoral ga\u00facho e completaram a prova nas diferentes categorias.&nbsp;No 25 de janeiro, aconteceu a maior edi\u00e7\u00e3o da tradicional corrida de praia Travessia Torres Tramanda\u00ed (TTT) reuniu mais de 4 mil atletas no litoral ga\u00facho. O evento contou com uma grande estrutura para receber os corredores em Imb\u00e9, onde estava localizada a linha de chegada.<\/p>\n\n\n\n<p>A edi\u00e7\u00e3o recorde da TTT foi dividida nas provas de ultramaratona de 84 km, individual e revezamento, maratona de 42,195 km, meia maratona de 21,097 km e corrida de 8,3 km.<\/p>\n\n\n\n<p>Os atletas Cristian Chagas e Aline Karnikowski representaram muito bem Santa Rosa percorrendo o trajeto da Meia Maratona. Para Aline, a \u201cProva bem desafiadora com muito calor e pela primeira vez correndo na areia exigiu um espirito de supera\u00e7\u00e3o para finalizar cada km e cruzar a linha de chegada. Agradecemos os nossos apoiadores, a Equipe 15 Milhas e Raquiel  Dalmolin.\u201d<\/p>\n\n\n\n<figure class=\"wp-block-image size-large is-resized\"><img loading=\"lazy\" decoding=\"async\" width=\"768\" height=\"1024\" src=\"https:\/\/15milhas.com.br\/wfe\/wp-content\/uploads\/2025\/02\/WhatsApp-Image-2025-02-04-at-13.38.38-2-768x1024.jpeg\" alt=\"\" class=\"wp-image-666\" style=\"width:327px;height:auto\" srcset=\"https:\/\/15milhas.com.br\/wfe\/wp-content\/uploads\/2025\/02\/WhatsApp-Image-2025-02-04-at-13.38.38-2-768x1024.jpeg 768w, https:\/\/15milhas.com.br\/wfe\/wp-content\/uploads\/2025\/02\/WhatsApp-Image-2025-02-04-at-13.38.38-2-225x300.jpeg 225w, https:\/\/15milhas.com.br\/wfe\/wp-content\/uploads\/2025\/02\/WhatsApp-Image-2025-02-04-at-13.38.38-2-1152x1536.jpeg 1152w, https:\/\/15milhas.com.br\/wfe\/wp-content\/uploads\/2025\/02\/WhatsApp-Image-2025-02-04-at-13.38.38-2.jpeg 1200w\" sizes=\"auto, (max-width: 768px) 100vw, 768px\" \/><\/figure>\n\n\n\n<figure class=\"wp-block-image size-large is-resized\"><img loading=\"lazy\" decoding=\"async\" width=\"1024\" height=\"683\" src=\"https:\/\/15milhas.com.br\/wfe\/wp-content\/uploads\/2025\/02\/ttt-2025-scaled-1-1024x683.webp\" alt=\"\" class=\"wp-image-667\" style=\"width:327px;height:auto\" srcset=\"https:\/\/15milhas.com.br\/wfe\/wp-content\/uploads\/2025\/02\/ttt-2025-scaled-1-1024x683.webp 1024w, https:\/\/15milhas.com.br\/wfe\/wp-content\/uploads\/2025\/02\/ttt-2025-scaled-1-300x200.webp 300w, https:\/\/15milhas.com.br\/wfe\/wp-content\/uploads\/2025\/02\/ttt-2025-scaled-1-768x512.webp 768w, https:\/\/15milhas.com.br\/wfe\/wp-content\/uploads\/2025\/02\/ttt-2025-scaled-1.webp 1536w\" sizes=\"auto, (max-width: 1024px) 100vw, 1024px\" \/><\/figure>\n\n\n\n<p><\/p>\n","protected":false},"excerpt":{"rendered":"<p>Aline Karnikowski e Cristian Chagas representaram Santa Rosa percorrendo o trajeto da Meia Maratona.<\/p>\n","protected":false},"author":2,"featured_media":657,"comment_status":"closed","ping_status":"open","sticky":false,"template":"","format":"standard","meta":{"footnotes":""},"categories":[1],"tags":[],"class_list":["post-656","post","type-post","status-publish","format-standard","has-post-thumbnail","hentry","category-padrao"],"yoast_head":"<!-- This site is optimized with the Yoast SEO plugin v26.2 - https:\/\/yoast.com\/wordpress\/plugins\/seo\/ -->\n<title>19\u00aa TTT \u2013 Travessia Torres - Tramanda\u00ed \u2013 Praia, calor e supera\u00e7\u00e3o. - 15 Milhas<\/title>\n<meta name=\"robots\" content=\"index, follow, max-snippet:-1, max-image-preview:large, max-video-preview:-1\" \/>\n<link rel=\"canonical\" href=\"https:\/\/15milhas.com.br\/wfe\/19a-ttt-travessia-torres-tramandai-praia-calor-e-superacao\/\" \/>\n<meta property=\"og:locale\" content=\"pt_BR\" \/>\n<meta property=\"og:type\" content=\"article\" \/>\n<meta property=\"og:title\" content=\"19\u00aa TTT \u2013 Travessia Torres - Tramanda\u00ed \u2013 Praia, calor e supera\u00e7\u00e3o. - 15 Milhas\" \/>\n<meta property=\"og:description\" content=\"Aline Karnikowski e Cristian Chagas representaram Santa Rosa percorrendo o trajeto da Meia Maratona.\" \/>\n<meta property=\"og:url\" content=\"https:\/\/15milhas.com.br\/wfe\/19a-ttt-travessia-torres-tramandai-praia-calor-e-superacao\/\" \/>\n<meta property=\"og:site_name\" content=\"15 Milhas\" \/>\n<meta property=\"article:publisher\" content=\"https:\/\/www.facebook.com\/15MilhasdeCorredoresdeRuadeSantaRosa\" \/>\n<meta property=\"article:published_time\" content=\"2025-02-06T10:59:13+00:00\" \/>\n<meta property=\"article:modified_time\" content=\"2025-02-06T11:45:39+00:00\" \/>\n<meta property=\"og:image\" content=\"https:\/\/15milhas.com.br\/wfe\/wp-content\/uploads\/2025\/02\/WhatsApp-Image-2025-02-04-at-13.38.38.jpeg\" \/>\n\t<meta property=\"og:image:width\" content=\"1200\" \/>\n\t<meta property=\"og:image:height\" content=\"1600\" \/>\n\t<meta property=\"og:image:type\" content=\"image\/jpeg\" \/>\n<meta name=\"author\" content=\"Anny\" \/>\n<meta name=\"twitter:card\" content=\"summary_large_image\" \/>\n<meta name=\"twitter:label1\" content=\"Escrito por\" \/>\n\t<meta name=\"twitter:data1\" content=\"Anny\" \/>\n\t<meta name=\"twitter:label2\" content=\"Est. tempo de leitura\" \/>\n\t<meta name=\"twitter:data2\" content=\"1 minuto\" \/>\n<script type=\"application\/ld+json\" class=\"yoast-schema-graph\">{\"@context\":\"https:\/\/schema.org\",\"@graph\":[{\"@type\":\"Article\",\"@id\":\"https:\/\/15milhas.com.br\/wfe\/19a-ttt-travessia-torres-tramandai-praia-calor-e-superacao\/#article\",\"isPartOf\":{\"@id\":\"https:\/\/15milhas.com.br\/wfe\/19a-ttt-travessia-torres-tramandai-praia-calor-e-superacao\/\"},\"author\":{\"name\":\"Anny\",\"@id\":\"https:\/\/15milhas.com.br\/wfe\/#\/schema\/person\/d14570b6f600db5aa4f0153025cd1e0b\"},\"headline\":\"19\u00aa TTT \u2013 Travessia Torres &#8211; Tramanda\u00ed \u2013 Praia, calor e supera\u00e7\u00e3o.\",\"datePublished\":\"2025-02-06T10:59:13+00:00\",\"dateModified\":\"2025-02-06T11:45:39+00:00\",\"mainEntityOfPage\":{\"@id\":\"https:\/\/15milhas.com.br\/wfe\/19a-ttt-travessia-torres-tramandai-praia-calor-e-superacao\/\"},\"wordCount\":176,\"publisher\":{\"@id\":\"https:\/\/15milhas.com.br\/wfe\/#organization\"},\"image\":{\"@id\":\"https:\/\/15milhas.com.br\/wfe\/19a-ttt-travessia-torres-tramandai-praia-calor-e-superacao\/#primaryimage\"},\"thumbnailUrl\":\"https:\/\/15milhas.com.br\/wfe\/wp-content\/uploads\/2025\/02\/WhatsApp-Image-2025-02-04-at-13.38.38.jpeg\",\"articleSection\":[\"Padr\u00e3o\"],\"inLanguage\":\"pt-BR\"},{\"@type\":\"WebPage\",\"@id\":\"https:\/\/15milhas.com.br\/wfe\/19a-ttt-travessia-torres-tramandai-praia-calor-e-superacao\/\",\"url\":\"https:\/\/15milhas.com.br\/wfe\/19a-ttt-travessia-torres-tramandai-praia-calor-e-superacao\/\",\"name\":\"19\u00aa TTT \u2013 Travessia Torres - Tramanda\u00ed \u2013 Praia, calor e supera\u00e7\u00e3o. - 15 Milhas\",\"isPartOf\":{\"@id\":\"https:\/\/15milhas.com.br\/wfe\/#website\"},\"primaryImageOfPage\":{\"@id\":\"https:\/\/15milhas.com.br\/wfe\/19a-ttt-travessia-torres-tramandai-praia-calor-e-superacao\/#primaryimage\"},\"image\":{\"@id\":\"https:\/\/15milhas.com.br\/wfe\/19a-ttt-travessia-torres-tramandai-praia-calor-e-superacao\/#primaryimage\"},\"thumbnailUrl\":\"https:\/\/15milhas.com.br\/wfe\/wp-content\/uploads\/2025\/02\/WhatsApp-Image-2025-02-04-at-13.38.38.jpeg\",\"datePublished\":\"2025-02-06T10:59:13+00:00\",\"dateModified\":\"2025-02-06T11:45:39+00:00\",\"breadcrumb\":{\"@id\":\"https:\/\/15milhas.com.br\/wfe\/19a-ttt-travessia-torres-tramandai-praia-calor-e-superacao\/#breadcrumb\"},\"inLanguage\":\"pt-BR\",\"potentialAction\":[{\"@type\":\"ReadAction\",\"target\":[\"https:\/\/15milhas.com.br\/wfe\/19a-ttt-travessia-torres-tramandai-praia-calor-e-superacao\/\"]}]},{\"@type\":\"ImageObject\",\"inLanguage\":\"pt-BR\",\"@id\":\"https:\/\/15milhas.com.br\/wfe\/19a-ttt-travessia-torres-tramandai-praia-calor-e-superacao\/#primaryimage\",\"url\":\"https:\/\/15milhas.com.br\/wfe\/wp-content\/uploads\/2025\/02\/WhatsApp-Image-2025-02-04-at-13.38.38.jpeg\",\"contentUrl\":\"https:\/\/15milhas.com.br\/wfe\/wp-content\/uploads\/2025\/02\/WhatsApp-Image-2025-02-04-at-13.38.38.jpeg\",\"width\":1200,\"height\":1600},{\"@type\":\"BreadcrumbList\",\"@id\":\"https:\/\/15milhas.com.br\/wfe\/19a-ttt-travessia-torres-tramandai-praia-calor-e-superacao\/#breadcrumb\",\"itemListElement\":[{\"@type\":\"ListItem\",\"position\":1,\"name\":\"In\u00edcio\",\"item\":\"https:\/\/15milhas.com.br\/wfe\/\"},{\"@type\":\"ListItem\",\"position\":2,\"name\":\"19\u00aa TTT \u2013 Travessia Torres &#8211; Tramanda\u00ed \u2013 Praia, calor e supera\u00e7\u00e3o.\"}]},{\"@type\":\"WebSite\",\"@id\":\"https:\/\/15milhas.com.br\/wfe\/#website\",\"url\":\"https:\/\/15milhas.com.br\/wfe\/\",\"name\":\"15 Milhas\",\"description\":\"Associa\u00e7\u00e3o de Corredores de Rua de Santa Rosa\",\"publisher\":{\"@id\":\"https:\/\/15milhas.com.br\/wfe\/#organization\"},\"potentialAction\":[{\"@type\":\"SearchAction\",\"target\":{\"@type\":\"EntryPoint\",\"urlTemplate\":\"https:\/\/15milhas.com.br\/wfe\/?s={search_term_string}\"},\"query-input\":{\"@type\":\"PropertyValueSpecification\",\"valueRequired\":true,\"valueName\":\"search_term_string\"}}],\"inLanguage\":\"pt-BR\"},{\"@type\":\"Organization\",\"@id\":\"https:\/\/15milhas.com.br\/wfe\/#organization\",\"name\":\"15 Milhas\",\"url\":\"https:\/\/15milhas.com.br\/wfe\/\",\"logo\":{\"@type\":\"ImageObject\",\"inLanguage\":\"pt-BR\",\"@id\":\"https:\/\/15milhas.com.br\/wfe\/#\/schema\/logo\/image\/\",\"url\":\"https:\/\/15milhas.com.br\/wfe\/wp-content\/uploads\/2022\/05\/logo-2.png\",\"contentUrl\":\"https:\/\/15milhas.com.br\/wfe\/wp-content\/uploads\/2022\/05\/logo-2.png\",\"width\":2236,\"height\":986,\"caption\":\"15 Milhas\"},\"image\":{\"@id\":\"https:\/\/15milhas.com.br\/wfe\/#\/schema\/logo\/image\/\"},\"sameAs\":[\"https:\/\/www.facebook.com\/15MilhasdeCorredoresdeRuadeSantaRosa\",\"https:\/\/www.instagram.com\/15_milhas\/\"]},{\"@type\":\"Person\",\"@id\":\"https:\/\/15milhas.com.br\/wfe\/#\/schema\/person\/d14570b6f600db5aa4f0153025cd1e0b\",\"name\":\"Anny\",\"url\":\"https:\/\/15milhas.com.br\/wfe\/author\/anny\/\"}]}<\/script>\n<!-- \/ Yoast SEO plugin. -->","yoast_head_json":{"title":"19\u00aa TTT \u2013 Travessia Torres - Tramanda\u00ed \u2013 Praia, calor e supera\u00e7\u00e3o. - 15 Milhas","robots":{"index":"index","follow":"follow","max-snippet":"max-snippet:-1","max-image-preview":"max-image-preview:large","max-video-preview":"max-video-preview:-1"},"canonical":"https:\/\/15milhas.com.br\/wfe\/19a-ttt-travessia-torres-tramandai-praia-calor-e-superacao\/","og_locale":"pt_BR","og_type":"article","og_title":"19\u00aa TTT \u2013 Travessia Torres - Tramanda\u00ed \u2013 Praia, calor e supera\u00e7\u00e3o. - 15 Milhas","og_description":"Aline Karnikowski e Cristian Chagas representaram Santa Rosa percorrendo o trajeto da Meia Maratona.","og_url":"https:\/\/15milhas.com.br\/wfe\/19a-ttt-travessia-torres-tramandai-praia-calor-e-superacao\/","og_site_name":"15 Milhas","article_publisher":"https:\/\/www.facebook.com\/15MilhasdeCorredoresdeRuadeSantaRosa","article_published_time":"2025-02-06T10:59:13+00:00","article_modified_time":"2025-02-06T11:45:39+00:00","og_image":[{"width":1200,"height":1600,"url":"https:\/\/15milhas.com.br\/wfe\/wp-content\/uploads\/2025\/02\/WhatsApp-Image-2025-02-04-at-13.38.38.jpeg","type":"image\/jpeg"}],"author":"Anny","twitter_card":"summary_large_image","twitter_misc":{"Escrito por":"Anny","Est. tempo de leitura":"1 minuto"},"schema":{"@context":"https:\/\/schema.org","@graph":[{"@type":"Article","@id":"https:\/\/15milhas.com.br\/wfe\/19a-ttt-travessia-torres-tramandai-praia-calor-e-superacao\/#article","isPartOf":{"@id":"https:\/\/15milhas.com.br\/wfe\/19a-ttt-travessia-torres-tramandai-praia-calor-e-superacao\/"},"author":{"name":"Anny","@id":"https:\/\/15milhas.com.br\/wfe\/#\/schema\/person\/d14570b6f600db5aa4f0153025cd1e0b"},"headline":"19\u00aa TTT \u2013 Travessia Torres &#8211; Tramanda\u00ed \u2013 Praia, calor e supera\u00e7\u00e3o.","datePublished":"2025-02-06T10:59:13+00:00","dateModified":"2025-02-06T11:45:39+00:00","mainEntityOfPage":{"@id":"https:\/\/15milhas.com.br\/wfe\/19a-ttt-travessia-torres-tramandai-praia-calor-e-superacao\/"},"wordCount":176,"publisher":{"@id":"https:\/\/15milhas.com.br\/wfe\/#organization"},"image":{"@id":"https:\/\/15milhas.com.br\/wfe\/19a-ttt-travessia-torres-tramandai-praia-calor-e-superacao\/#primaryimage"},"thumbnailUrl":"https:\/\/15milhas.com.br\/wfe\/wp-content\/uploads\/2025\/02\/WhatsApp-Image-2025-02-04-at-13.38.38.jpeg","articleSection":["Padr\u00e3o"],"inLanguage":"pt-BR"},{"@type":"WebPage","@id":"https:\/\/15milhas.com.br\/wfe\/19a-ttt-travessia-torres-tramandai-praia-calor-e-superacao\/","url":"https:\/\/15milhas.com.br\/wfe\/19a-ttt-travessia-torres-tramandai-praia-calor-e-superacao\/","name":"19\u00aa TTT \u2013 Travessia Torres - Tramanda\u00ed \u2013 Praia, calor e supera\u00e7\u00e3o. - 15 Milhas","isPartOf":{"@id":"https:\/\/15milhas.com.br\/wfe\/#website"},"primaryImageOfPage":{"@id":"https:\/\/15milhas.com.br\/wfe\/19a-ttt-travessia-torres-tramandai-praia-calor-e-superacao\/#primaryimage"},"image":{"@id":"https:\/\/15milhas.com.br\/wfe\/19a-ttt-travessia-torres-tramandai-praia-calor-e-superacao\/#primaryimage"},"thumbnailUrl":"https:\/\/15milhas.com.br\/wfe\/wp-content\/uploads\/2025\/02\/WhatsApp-Image-2025-02-04-at-13.38.38.jpeg","datePublished":"2025-02-06T10:59:13+00:00","dateModified":"2025-02-06T11:45:39+00:00","breadcrumb":{"@id":"https:\/\/15milhas.com.br\/wfe\/19a-ttt-travessia-torres-tramandai-praia-calor-e-superacao\/#breadcrumb"},"inLanguage":"pt-BR","potentialAction":[{"@type":"ReadAction","target":["https:\/\/15milhas.com.br\/wfe\/19a-ttt-travessia-torres-tramandai-praia-calor-e-superacao\/"]}]},{"@type":"ImageObject","inLanguage":"pt-BR","@id":"https:\/\/15milhas.com.br\/wfe\/19a-ttt-travessia-torres-tramandai-praia-calor-e-superacao\/#primaryimage","url":"https:\/\/15milhas.com.br\/wfe\/wp-content\/uploads\/2025\/02\/WhatsApp-Image-2025-02-04-at-13.38.38.jpeg","contentUrl":"https:\/\/15milhas.com.br\/wfe\/wp-content\/uploads\/2025\/02\/WhatsApp-Image-2025-02-04-at-13.38.38.jpeg","width":1200,"height":1600},{"@type":"BreadcrumbList","@id":"https:\/\/15milhas.com.br\/wfe\/19a-ttt-travessia-torres-tramandai-praia-calor-e-superacao\/#breadcrumb","itemListElement":[{"@type":"ListItem","position":1,"name":"In\u00edcio","item":"https:\/\/15milhas.com.br\/wfe\/"},{"@type":"ListItem","position":2,"name":"19\u00aa TTT \u2013 Travessia Torres &#8211; Tramanda\u00ed \u2013 Praia, calor e supera\u00e7\u00e3o."}]},{"@type":"WebSite","@id":"https:\/\/15milhas.com.br\/wfe\/#website","url":"https:\/\/15milhas.com.br\/wfe\/","name":"15 Milhas","description":"Associa\u00e7\u00e3o de Corredores de Rua de Santa Rosa","publisher":{"@id":"https:\/\/15milhas.com.br\/wfe\/#organization"},"potentialAction":[{"@type":"SearchAction","target":{"@type":"EntryPoint","urlTemplate":"https:\/\/15milhas.com.br\/wfe\/?s={search_term_string}"},"query-input":{"@type":"PropertyValueSpecification","valueRequired":true,"valueName":"search_term_string"}}],"inLanguage":"pt-BR"},{"@type":"Organization","@id":"https:\/\/15milhas.com.br\/wfe\/#organization","name":"15 Milhas","url":"https:\/\/15milhas.com.br\/wfe\/","logo":{"@type":"ImageObject","inLanguage":"pt-BR","@id":"https:\/\/15milhas.com.br\/wfe\/#\/schema\/logo\/image\/","url":"https:\/\/15milhas.com.br\/wfe\/wp-content\/uploads\/2022\/05\/logo-2.png","contentUrl":"https:\/\/15milhas.com.br\/wfe\/wp-content\/uploads\/2022\/05\/logo-2.png","width":2236,"height":986,"caption":"15 Milhas"},"image":{"@id":"https:\/\/15milhas.com.br\/wfe\/#\/schema\/logo\/image\/"},"sameAs":["https:\/\/www.facebook.com\/15MilhasdeCorredoresdeRuadeSantaRosa","https:\/\/www.instagram.com\/15_milhas\/"]},{"@type":"Person","@id":"https:\/\/15milhas.com.br\/wfe\/#\/schema\/person\/d14570b6f600db5aa4f0153025cd1e0b","name":"Anny","url":"https:\/\/15milhas.com.br\/wfe\/author\/anny\/"}]}},"rttpg_featured_image_url":{"full":["https:\/\/15milhas.com.br\/wfe\/wp-content\/uploads\/2025\/02\/WhatsApp-Image-2025-02-04-at-13.38.38.jpeg",1200,1600,false],"landscape":["https:\/\/15milhas.com.br\/wfe\/wp-content\/uploads\/2025\/02\/WhatsApp-Image-2025-02-04-at-13.38.38.jpeg",1200,1600,false],"portraits":["https:\/\/15milhas.com.br\/wfe\/wp-content\/uploads\/2025\/02\/WhatsApp-Image-2025-02-04-at-13.38.38.jpeg",1200,1600,false],"thumbnail":["https:\/\/15milhas.com.br\/wfe\/wp-content\/uploads\/2025\/02\/WhatsApp-Image-2025-02-04-at-13.38.38-150x150.jpeg",150,150,true],"medium":["https:\/\/15milhas.com.br\/wfe\/wp-content\/uploads\/2025\/02\/WhatsApp-Image-2025-02-04-at-13.38.38-225x300.jpeg",225,300,true],"large":["https:\/\/15milhas.com.br\/wfe\/wp-content\/uploads\/2025\/02\/WhatsApp-Image-2025-02-04-at-13.38.38-768x1024.jpeg",768,1024,true],"1536x1536":["https:\/\/15milhas.com.br\/wfe\/wp-content\/uploads\/2025\/02\/WhatsApp-Image-2025-02-04-at-13.38.38-1152x1536.jpeg",1152,1536,true],"2048x2048":["https:\/\/15milhas.com.br\/wfe\/wp-content\/uploads\/2025\/02\/WhatsApp-Image-2025-02-04-at-13.38.38.jpeg",1200,1600,false]},"rttpg_author":{"display_name":"Anny","author_link":"https:\/\/15milhas.com.br\/wfe\/author\/anny\/"},"rttpg_comment":0,"rttpg_category":"<a href=\"https:\/\/15milhas.com.br\/wfe\/category\/padrao\/\" rel=\"category tag\">Padr\u00e3o<\/a>","rttpg_excerpt":"Aline Karnikowski e Cristian Chagas representaram Santa Rosa percorrendo o trajeto da Meia Maratona.","_links":{"self":[{"href":"https:\/\/15milhas.com.br\/wfe\/wp-json\/wp\/v2\/posts\/656","targetHints":{"allow":["GET"]}}],"collection":[{"href":"https:\/\/15milhas.com.br\/wfe\/wp-json\/wp\/v2\/posts"}],"about":[{"href":"https:\/\/15milhas.com.br\/wfe\/wp-json\/wp\/v2\/types\/post"}],"author":[{"embeddable":true,"href":"https:\/\/15milhas.com.br\/wfe\/wp-json\/wp\/v2\/users\/2"}],"replies":[{"embeddable":true,"href":"https:\/\/15milhas.com.br\/wfe\/wp-json\/wp\/v2\/comments?post=656"}],"version-history":[{"count":7,"href":"https:\/\/15milhas.com.br\/wfe\/wp-json\/wp\/v2\/posts\/656\/revisions"}],"predecessor-version":[{"id":672,"href":"https:\/\/15milhas.com.br\/wfe\/wp-json\/wp\/v2\/posts\/656\/revisions\/672"}],"wp:featuredmedia":[{"embeddable":true,"href":"https:\/\/15milhas.com.br\/wfe\/wp-json\/wp\/v2\/media\/657"}],"wp:attachment":[{"href":"https:\/\/15milhas.com.br\/wfe\/wp-json\/wp\/v2\/media?parent=656"}],"wp:term":[{"taxonomy":"category","embeddable":true,"href":"https:\/\/15milhas.com.br\/wfe\/wp-json\/wp\/v2\/categories?post=656"},{"taxonomy":"post_tag","embeddable":true,"href":"https:\/\/15milhas.com.br\/wfe\/wp-json\/wp\/v2\/tags?post=656"}],"curies":[{"name":"wp","href":"https:\/\/api.w.org\/{rel}","templated":true}]}}