{"id":675,"date":"2025-04-22T11:36:37","date_gmt":"2025-04-22T11:36:37","guid":{"rendered":"https:\/\/15milhas.com.br\/wfe\/?p=675"},"modified":"2025-08-24T13:49:43","modified_gmt":"2025-08-24T13:49:43","slug":"8a-rustica-15-milhas-correndo-com-eles","status":"publish","type":"post","link":"https:\/\/15milhas.com.br\/wfe\/8a-rustica-15-milhas-correndo-com-eles\/","title":{"rendered":"8\u00aa R\u00fastica 15 Milhas &#8211; Correndo com Eles &#8211;"},"content":{"rendered":"\n<figure class=\"wp-block-image size-large is-resized\"><img loading=\"lazy\" decoding=\"async\" width=\"683\" height=\"1024\" src=\"http:\/\/15milhas.com.br\/wfe\/wp-content\/uploads\/2025\/04\/PODAB1234-207-1-683x1024.jpg\" alt=\"\" class=\"wp-image-680\" style=\"width:211px;height:auto\" srcset=\"https:\/\/15milhas.com.br\/wfe\/wp-content\/uploads\/2025\/04\/PODAB1234-207-1-683x1024.jpg 683w, https:\/\/15milhas.com.br\/wfe\/wp-content\/uploads\/2025\/04\/PODAB1234-207-1-200x300.jpg 200w, https:\/\/15milhas.com.br\/wfe\/wp-content\/uploads\/2025\/04\/PODAB1234-207-1-768x1152.jpg 768w, https:\/\/15milhas.com.br\/wfe\/wp-content\/uploads\/2025\/04\/PODAB1234-207-1-1024x1536.jpg 1024w, https:\/\/15milhas.com.br\/wfe\/wp-content\/uploads\/2025\/04\/PODAB1234-207-1-1365x2048.jpg 1365w, https:\/\/15milhas.com.br\/wfe\/wp-content\/uploads\/2025\/04\/PODAB1234-207-1-scaled.jpg 1706w\" sizes=\"auto, (max-width: 683px) 100vw, 683px\" \/><\/figure>\n\n\n\n<p>Em alus\u00e3o ao Dia Internacional da S\u00edndrome de Down<\/p>\n\n\n\n<!--more-->\n\n\n\n<p>Foi realizado neste domingo (9) em Santa Rosa, a 8\u00aa R\u00fastica 15 Milhas \u2013 Correndo com Eles \u2013 em alus\u00e3o a S\u00edndrome de Down.<\/p>\n\n\n\n<p>A <a><\/a>corrida pela Inclus\u00e3o reuniu mais de 450 atletas e surpreendeu positivamente os organizadores.<\/p>\n\n\n\n<p>O evento, promovido pela Associa\u00e7\u00e3o 15 Milhas Corredores de Rua Santa Rosa, acontece anualmente e tem como objetivo promover a inclus\u00e3o de pessoas com defici\u00eancia na pr\u00e1tica do esporte. A iniciativa conta com o apoio da Associa\u00e7\u00e3o de Pais e Amigos da Proposito T21.<\/p>\n\n\n\n<p>Um dos momentos mais marcantes da corrida foi a participa\u00e7\u00e3o da Categoria Especial onde os participantes tiveram a oportunidade de correr e mostrar a todos que \u2018ser diferente \u00e9 normal\u201d.<\/p>\n\n\n\n<p>Os vencedores da dist\u00e2ncia de 6km foram:<\/p>\n\n\n\n<p>Categoria Masculina:<\/p>\n\n\n\n<p>EMANUEL GREFF &#8211; Ds Runnig<\/p>\n\n\n\n<p>RODRIGO RAMBO PETRI- ACELCOR<\/p>\n\n\n\n<p>ANDR\u00c9 CL\u00d3VIS HERTHER &#8211; CCI\/AAndreH<\/p>\n\n\n\n<p>ALISSON DIAS &#8211; CCI\/Prof. Edi<\/p>\n\n\n\n<p>IGOR FERREIRA KAEFER &#8211; Ventania Run<\/p>\n\n\n\n<p>Categoria Feminina:<\/p>\n\n\n\n<p>MARLANDA DA CUNHA &#8211; R4H\/Andr\u00e9H<\/p>\n\n\n\n<p>LUCIANA DA LUZ &#8211; Sicoob<\/p>\n\n\n\n<p>DENISE RAQUEL KAISEKAMP &#8211; MX RUNNER<\/p>\n\n\n\n<p>TAIANE PETTENON BANDEIRA &#8211; CCI<\/p>\n\n\n\n<p>NAIARA CASANOVA &#8211; G7 RUNNING<\/p>\n\n\n\n<figure class=\"wp-block-gallery has-nested-images columns-default is-cropped wp-block-gallery-1 is-layout-flex wp-block-gallery-is-layout-flex\">\n<figure class=\"wp-block-image size-large\"><img loading=\"lazy\" decoding=\"async\" width=\"1024\" height=\"683\" data-id=\"679\" src=\"https:\/\/15milhas.com.br\/wfe\/wp-content\/uploads\/2025\/04\/PODAB1234-223-1-1024x683.jpg\" alt=\"\" class=\"wp-image-679\" srcset=\"https:\/\/15milhas.com.br\/wfe\/wp-content\/uploads\/2025\/04\/PODAB1234-223-1-1024x683.jpg 1024w, https:\/\/15milhas.com.br\/wfe\/wp-content\/uploads\/2025\/04\/PODAB1234-223-1-300x200.jpg 300w, https:\/\/15milhas.com.br\/wfe\/wp-content\/uploads\/2025\/04\/PODAB1234-223-1-768x512.jpg 768w, https:\/\/15milhas.com.br\/wfe\/wp-content\/uploads\/2025\/04\/PODAB1234-223-1-1536x1024.jpg 1536w, https:\/\/15milhas.com.br\/wfe\/wp-content\/uploads\/2025\/04\/PODAB1234-223-1-2048x1365.jpg 2048w\" sizes=\"auto, (max-width: 1024px) 100vw, 1024px\" \/><\/figure>\n\n\n\n<figure class=\"wp-block-image size-large\"><img loading=\"lazy\" decoding=\"async\" width=\"1024\" height=\"683\" data-id=\"677\" src=\"https:\/\/15milhas.com.br\/wfe\/wp-content\/uploads\/2025\/04\/PODAB1234-212-1-1024x683.jpg\" alt=\"\" class=\"wp-image-677\" srcset=\"https:\/\/15milhas.com.br\/wfe\/wp-content\/uploads\/2025\/04\/PODAB1234-212-1-1024x683.jpg 1024w, https:\/\/15milhas.com.br\/wfe\/wp-content\/uploads\/2025\/04\/PODAB1234-212-1-300x200.jpg 300w, https:\/\/15milhas.com.br\/wfe\/wp-content\/uploads\/2025\/04\/PODAB1234-212-1-768x512.jpg 768w, https:\/\/15milhas.com.br\/wfe\/wp-content\/uploads\/2025\/04\/PODAB1234-212-1-1536x1024.jpg 1536w, https:\/\/15milhas.com.br\/wfe\/wp-content\/uploads\/2025\/04\/PODAB1234-212-1-2048x1365.jpg 2048w\" sizes=\"auto, (max-width: 1024px) 100vw, 1024px\" \/><\/figure>\n<\/figure>\n","protected":false},"excerpt":{"rendered":"<p>Em alus\u00e3o ao Dia Internacional da S\u00edndrome de Down<\/p>\n","protected":false},"author":2,"featured_media":680,"comment_status":"closed","ping_status":"open","sticky":false,"template":"","format":"standard","meta":{"footnotes":""},"categories":[50,1],"tags":[],"class_list":["post-675","post","type-post","status-publish","format-standard","has-post-thumbnail","hentry","category-noticias","category-padrao"],"yoast_head":"<!-- This site is optimized with the Yoast SEO plugin v26.2 - https:\/\/yoast.com\/wordpress\/plugins\/seo\/ -->\n<title>8\u00aa R\u00fastica 15 Milhas - Correndo com Eles - 15 Milhas<\/title>\n<meta name=\"robots\" content=\"index, follow, max-snippet:-1, max-image-preview:large, max-video-preview:-1\" \/>\n<link rel=\"canonical\" href=\"https:\/\/15milhas.com.br\/wfe\/8a-rustica-15-milhas-correndo-com-eles\/\" \/>\n<meta property=\"og:locale\" content=\"pt_BR\" \/>\n<meta property=\"og:type\" content=\"article\" \/>\n<meta property=\"og:title\" content=\"8\u00aa R\u00fastica 15 Milhas - Correndo com Eles - 15 Milhas\" \/>\n<meta property=\"og:description\" content=\"Em alus\u00e3o ao Dia Internacional da S\u00edndrome de Down\" \/>\n<meta property=\"og:url\" content=\"https:\/\/15milhas.com.br\/wfe\/8a-rustica-15-milhas-correndo-com-eles\/\" \/>\n<meta property=\"og:site_name\" content=\"15 Milhas\" \/>\n<meta property=\"article:publisher\" content=\"https:\/\/www.facebook.com\/15MilhasdeCorredoresdeRuadeSantaRosa\" \/>\n<meta property=\"article:published_time\" content=\"2025-04-22T11:36:37+00:00\" \/>\n<meta property=\"article:modified_time\" content=\"2025-08-24T13:49:43+00:00\" \/>\n<meta property=\"og:image\" content=\"https:\/\/15milhas.com.br\/wfe\/wp-content\/uploads\/2025\/04\/PODAB1234-207-1-scaled.jpg\" \/>\n\t<meta property=\"og:image:width\" content=\"1706\" \/>\n\t<meta property=\"og:image:height\" content=\"2560\" \/>\n\t<meta property=\"og:image:type\" content=\"image\/jpeg\" \/>\n<meta name=\"author\" content=\"Anny\" \/>\n<meta name=\"twitter:card\" content=\"summary_large_image\" \/>\n<meta name=\"twitter:label1\" content=\"Escrito por\" \/>\n\t<meta name=\"twitter:data1\" content=\"Anny\" \/>\n\t<meta name=\"twitter:label2\" content=\"Est. tempo de leitura\" \/>\n\t<meta name=\"twitter:data2\" content=\"1 minuto\" \/>\n<script type=\"application\/ld+json\" class=\"yoast-schema-graph\">{\"@context\":\"https:\/\/schema.org\",\"@graph\":[{\"@type\":\"Article\",\"@id\":\"https:\/\/15milhas.com.br\/wfe\/8a-rustica-15-milhas-correndo-com-eles\/#article\",\"isPartOf\":{\"@id\":\"https:\/\/15milhas.com.br\/wfe\/8a-rustica-15-milhas-correndo-com-eles\/\"},\"author\":{\"name\":\"Anny\",\"@id\":\"https:\/\/15milhas.com.br\/wfe\/#\/schema\/person\/d14570b6f600db5aa4f0153025cd1e0b\"},\"headline\":\"8\u00aa R\u00fastica 15 Milhas &#8211; Correndo com Eles &#8211;\",\"datePublished\":\"2025-04-22T11:36:37+00:00\",\"dateModified\":\"2025-08-24T13:49:43+00:00\",\"mainEntityOfPage\":{\"@id\":\"https:\/\/15milhas.com.br\/wfe\/8a-rustica-15-milhas-correndo-com-eles\/\"},\"wordCount\":202,\"publisher\":{\"@id\":\"https:\/\/15milhas.com.br\/wfe\/#organization\"},\"image\":{\"@id\":\"https:\/\/15milhas.com.br\/wfe\/8a-rustica-15-milhas-correndo-com-eles\/#primaryimage\"},\"thumbnailUrl\":\"https:\/\/15milhas.com.br\/wfe\/wp-content\/uploads\/2025\/04\/PODAB1234-207-1-scaled.jpg\",\"articleSection\":[\"Noticias\",\"Padr\u00e3o\"],\"inLanguage\":\"pt-BR\"},{\"@type\":\"WebPage\",\"@id\":\"https:\/\/15milhas.com.br\/wfe\/8a-rustica-15-milhas-correndo-com-eles\/\",\"url\":\"https:\/\/15milhas.com.br\/wfe\/8a-rustica-15-milhas-correndo-com-eles\/\",\"name\":\"8\u00aa R\u00fastica 15 Milhas - Correndo com Eles - 15 Milhas\",\"isPartOf\":{\"@id\":\"https:\/\/15milhas.com.br\/wfe\/#website\"},\"primaryImageOfPage\":{\"@id\":\"https:\/\/15milhas.com.br\/wfe\/8a-rustica-15-milhas-correndo-com-eles\/#primaryimage\"},\"image\":{\"@id\":\"https:\/\/15milhas.com.br\/wfe\/8a-rustica-15-milhas-correndo-com-eles\/#primaryimage\"},\"thumbnailUrl\":\"https:\/\/15milhas.com.br\/wfe\/wp-content\/uploads\/2025\/04\/PODAB1234-207-1-scaled.jpg\",\"datePublished\":\"2025-04-22T11:36:37+00:00\",\"dateModified\":\"2025-08-24T13:49:43+00:00\",\"breadcrumb\":{\"@id\":\"https:\/\/15milhas.com.br\/wfe\/8a-rustica-15-milhas-correndo-com-eles\/#breadcrumb\"},\"inLanguage\":\"pt-BR\",\"potentialAction\":[{\"@type\":\"ReadAction\",\"target\":[\"https:\/\/15milhas.com.br\/wfe\/8a-rustica-15-milhas-correndo-com-eles\/\"]}]},{\"@type\":\"ImageObject\",\"inLanguage\":\"pt-BR\",\"@id\":\"https:\/\/15milhas.com.br\/wfe\/8a-rustica-15-milhas-correndo-com-eles\/#primaryimage\",\"url\":\"https:\/\/15milhas.com.br\/wfe\/wp-content\/uploads\/2025\/04\/PODAB1234-207-1-scaled.jpg\",\"contentUrl\":\"https:\/\/15milhas.com.br\/wfe\/wp-content\/uploads\/2025\/04\/PODAB1234-207-1-scaled.jpg\",\"width\":1706,\"height\":2560,\"caption\":\"Em alus\u00e3o ao Dia Internacional da S\u00edndrome de Down\"},{\"@type\":\"BreadcrumbList\",\"@id\":\"https:\/\/15milhas.com.br\/wfe\/8a-rustica-15-milhas-correndo-com-eles\/#breadcrumb\",\"itemListElement\":[{\"@type\":\"ListItem\",\"position\":1,\"name\":\"In\u00edcio\",\"item\":\"https:\/\/15milhas.com.br\/wfe\/\"},{\"@type\":\"ListItem\",\"position\":2,\"name\":\"8\u00aa R\u00fastica 15 Milhas &#8211; Correndo com Eles &#8211;\"}]},{\"@type\":\"WebSite\",\"@id\":\"https:\/\/15milhas.com.br\/wfe\/#website\",\"url\":\"https:\/\/15milhas.com.br\/wfe\/\",\"name\":\"15 Milhas\",\"description\":\"Associa\u00e7\u00e3o de Corredores de Rua de Santa Rosa\",\"publisher\":{\"@id\":\"https:\/\/15milhas.com.br\/wfe\/#organization\"},\"potentialAction\":[{\"@type\":\"SearchAction\",\"target\":{\"@type\":\"EntryPoint\",\"urlTemplate\":\"https:\/\/15milhas.com.br\/wfe\/?s={search_term_string}\"},\"query-input\":{\"@type\":\"PropertyValueSpecification\",\"valueRequired\":true,\"valueName\":\"search_term_string\"}}],\"inLanguage\":\"pt-BR\"},{\"@type\":\"Organization\",\"@id\":\"https:\/\/15milhas.com.br\/wfe\/#organization\",\"name\":\"15 Milhas\",\"url\":\"https:\/\/15milhas.com.br\/wfe\/\",\"logo\":{\"@type\":\"ImageObject\",\"inLanguage\":\"pt-BR\",\"@id\":\"https:\/\/15milhas.com.br\/wfe\/#\/schema\/logo\/image\/\",\"url\":\"https:\/\/15milhas.com.br\/wfe\/wp-content\/uploads\/2022\/05\/logo-2.png\",\"contentUrl\":\"https:\/\/15milhas.com.br\/wfe\/wp-content\/uploads\/2022\/05\/logo-2.png\",\"width\":2236,\"height\":986,\"caption\":\"15 Milhas\"},\"image\":{\"@id\":\"https:\/\/15milhas.com.br\/wfe\/#\/schema\/logo\/image\/\"},\"sameAs\":[\"https:\/\/www.facebook.com\/15MilhasdeCorredoresdeRuadeSantaRosa\",\"https:\/\/www.instagram.com\/15_milhas\/\"]},{\"@type\":\"Person\",\"@id\":\"https:\/\/15milhas.com.br\/wfe\/#\/schema\/person\/d14570b6f600db5aa4f0153025cd1e0b\",\"name\":\"Anny\",\"url\":\"https:\/\/15milhas.com.br\/wfe\/author\/anny\/\"}]}<\/script>\n<!-- \/ Yoast SEO plugin. -->","yoast_head_json":{"title":"8\u00aa R\u00fastica 15 Milhas - Correndo com Eles - 15 Milhas","robots":{"index":"index","follow":"follow","max-snippet":"max-snippet:-1","max-image-preview":"max-image-preview:large","max-video-preview":"max-video-preview:-1"},"canonical":"https:\/\/15milhas.com.br\/wfe\/8a-rustica-15-milhas-correndo-com-eles\/","og_locale":"pt_BR","og_type":"article","og_title":"8\u00aa R\u00fastica 15 Milhas - Correndo com Eles - 15 Milhas","og_description":"Em alus\u00e3o ao Dia Internacional da S\u00edndrome de Down","og_url":"https:\/\/15milhas.com.br\/wfe\/8a-rustica-15-milhas-correndo-com-eles\/","og_site_name":"15 Milhas","article_publisher":"https:\/\/www.facebook.com\/15MilhasdeCorredoresdeRuadeSantaRosa","article_published_time":"2025-04-22T11:36:37+00:00","article_modified_time":"2025-08-24T13:49:43+00:00","og_image":[{"width":1706,"height":2560,"url":"https:\/\/15milhas.com.br\/wfe\/wp-content\/uploads\/2025\/04\/PODAB1234-207-1-scaled.jpg","type":"image\/jpeg"}],"author":"Anny","twitter_card":"summary_large_image","twitter_misc":{"Escrito por":"Anny","Est. tempo de leitura":"1 minuto"},"schema":{"@context":"https:\/\/schema.org","@graph":[{"@type":"Article","@id":"https:\/\/15milhas.com.br\/wfe\/8a-rustica-15-milhas-correndo-com-eles\/#article","isPartOf":{"@id":"https:\/\/15milhas.com.br\/wfe\/8a-rustica-15-milhas-correndo-com-eles\/"},"author":{"name":"Anny","@id":"https:\/\/15milhas.com.br\/wfe\/#\/schema\/person\/d14570b6f600db5aa4f0153025cd1e0b"},"headline":"8\u00aa R\u00fastica 15 Milhas &#8211; Correndo com Eles &#8211;","datePublished":"2025-04-22T11:36:37+00:00","dateModified":"2025-08-24T13:49:43+00:00","mainEntityOfPage":{"@id":"https:\/\/15milhas.com.br\/wfe\/8a-rustica-15-milhas-correndo-com-eles\/"},"wordCount":202,"publisher":{"@id":"https:\/\/15milhas.com.br\/wfe\/#organization"},"image":{"@id":"https:\/\/15milhas.com.br\/wfe\/8a-rustica-15-milhas-correndo-com-eles\/#primaryimage"},"thumbnailUrl":"https:\/\/15milhas.com.br\/wfe\/wp-content\/uploads\/2025\/04\/PODAB1234-207-1-scaled.jpg","articleSection":["Noticias","Padr\u00e3o"],"inLanguage":"pt-BR"},{"@type":"WebPage","@id":"https:\/\/15milhas.com.br\/wfe\/8a-rustica-15-milhas-correndo-com-eles\/","url":"https:\/\/15milhas.com.br\/wfe\/8a-rustica-15-milhas-correndo-com-eles\/","name":"8\u00aa R\u00fastica 15 Milhas - Correndo com Eles - 15 Milhas","isPartOf":{"@id":"https:\/\/15milhas.com.br\/wfe\/#website"},"primaryImageOfPage":{"@id":"https:\/\/15milhas.com.br\/wfe\/8a-rustica-15-milhas-correndo-com-eles\/#primaryimage"},"image":{"@id":"https:\/\/15milhas.com.br\/wfe\/8a-rustica-15-milhas-correndo-com-eles\/#primaryimage"},"thumbnailUrl":"https:\/\/15milhas.com.br\/wfe\/wp-content\/uploads\/2025\/04\/PODAB1234-207-1-scaled.jpg","datePublished":"2025-04-22T11:36:37+00:00","dateModified":"2025-08-24T13:49:43+00:00","breadcrumb":{"@id":"https:\/\/15milhas.com.br\/wfe\/8a-rustica-15-milhas-correndo-com-eles\/#breadcrumb"},"inLanguage":"pt-BR","potentialAction":[{"@type":"ReadAction","target":["https:\/\/15milhas.com.br\/wfe\/8a-rustica-15-milhas-correndo-com-eles\/"]}]},{"@type":"ImageObject","inLanguage":"pt-BR","@id":"https:\/\/15milhas.com.br\/wfe\/8a-rustica-15-milhas-correndo-com-eles\/#primaryimage","url":"https:\/\/15milhas.com.br\/wfe\/wp-content\/uploads\/2025\/04\/PODAB1234-207-1-scaled.jpg","contentUrl":"https:\/\/15milhas.com.br\/wfe\/wp-content\/uploads\/2025\/04\/PODAB1234-207-1-scaled.jpg","width":1706,"height":2560,"caption":"Em alus\u00e3o ao Dia Internacional da S\u00edndrome de Down"},{"@type":"BreadcrumbList","@id":"https:\/\/15milhas.com.br\/wfe\/8a-rustica-15-milhas-correndo-com-eles\/#breadcrumb","itemListElement":[{"@type":"ListItem","position":1,"name":"In\u00edcio","item":"https:\/\/15milhas.com.br\/wfe\/"},{"@type":"ListItem","position":2,"name":"8\u00aa R\u00fastica 15 Milhas &#8211; Correndo com Eles &#8211;"}]},{"@type":"WebSite","@id":"https:\/\/15milhas.com.br\/wfe\/#website","url":"https:\/\/15milhas.com.br\/wfe\/","name":"15 Milhas","description":"Associa\u00e7\u00e3o de Corredores de Rua de Santa Rosa","publisher":{"@id":"https:\/\/15milhas.com.br\/wfe\/#organization"},"potentialAction":[{"@type":"SearchAction","target":{"@type":"EntryPoint","urlTemplate":"https:\/\/15milhas.com.br\/wfe\/?s={search_term_string}"},"query-input":{"@type":"PropertyValueSpecification","valueRequired":true,"valueName":"search_term_string"}}],"inLanguage":"pt-BR"},{"@type":"Organization","@id":"https:\/\/15milhas.com.br\/wfe\/#organization","name":"15 Milhas","url":"https:\/\/15milhas.com.br\/wfe\/","logo":{"@type":"ImageObject","inLanguage":"pt-BR","@id":"https:\/\/15milhas.com.br\/wfe\/#\/schema\/logo\/image\/","url":"https:\/\/15milhas.com.br\/wfe\/wp-content\/uploads\/2022\/05\/logo-2.png","contentUrl":"https:\/\/15milhas.com.br\/wfe\/wp-content\/uploads\/2022\/05\/logo-2.png","width":2236,"height":986,"caption":"15 Milhas"},"image":{"@id":"https:\/\/15milhas.com.br\/wfe\/#\/schema\/logo\/image\/"},"sameAs":["https:\/\/www.facebook.com\/15MilhasdeCorredoresdeRuadeSantaRosa","https:\/\/www.instagram.com\/15_milhas\/"]},{"@type":"Person","@id":"https:\/\/15milhas.com.br\/wfe\/#\/schema\/person\/d14570b6f600db5aa4f0153025cd1e0b","name":"Anny","url":"https:\/\/15milhas.com.br\/wfe\/author\/anny\/"}]}},"rttpg_featured_image_url":{"full":["https:\/\/15milhas.com.br\/wfe\/wp-content\/uploads\/2025\/04\/PODAB1234-207-1-scaled.jpg",1706,2560,false],"landscape":["https:\/\/15milhas.com.br\/wfe\/wp-content\/uploads\/2025\/04\/PODAB1234-207-1-scaled.jpg",1706,2560,false],"portraits":["https:\/\/15milhas.com.br\/wfe\/wp-content\/uploads\/2025\/04\/PODAB1234-207-1-scaled.jpg",1706,2560,false],"thumbnail":["https:\/\/15milhas.com.br\/wfe\/wp-content\/uploads\/2025\/04\/PODAB1234-207-1-150x150.jpg",150,150,true],"medium":["https:\/\/15milhas.com.br\/wfe\/wp-content\/uploads\/2025\/04\/PODAB1234-207-1-200x300.jpg",200,300,true],"large":["https:\/\/15milhas.com.br\/wfe\/wp-content\/uploads\/2025\/04\/PODAB1234-207-1-683x1024.jpg",683,1024,true],"1536x1536":["https:\/\/15milhas.com.br\/wfe\/wp-content\/uploads\/2025\/04\/PODAB1234-207-1-1024x1536.jpg",1024,1536,true],"2048x2048":["https:\/\/15milhas.com.br\/wfe\/wp-content\/uploads\/2025\/04\/PODAB1234-207-1-1365x2048.jpg",1365,2048,true]},"rttpg_author":{"display_name":"Anny","author_link":"https:\/\/15milhas.com.br\/wfe\/author\/anny\/"},"rttpg_comment":0,"rttpg_category":"<a href=\"https:\/\/15milhas.com.br\/wfe\/category\/noticias\/\" rel=\"category tag\">Noticias<\/a> <a href=\"https:\/\/15milhas.com.br\/wfe\/category\/padrao\/\" rel=\"category tag\">Padr\u00e3o<\/a>","rttpg_excerpt":"Em alus\u00e3o ao Dia Internacional da S\u00edndrome de Down","_links":{"self":[{"href":"https:\/\/15milhas.com.br\/wfe\/wp-json\/wp\/v2\/posts\/675","targetHints":{"allow":["GET"]}}],"collection":[{"href":"https:\/\/15milhas.com.br\/wfe\/wp-json\/wp\/v2\/posts"}],"about":[{"href":"https:\/\/15milhas.com.br\/wfe\/wp-json\/wp\/v2\/types\/post"}],"author":[{"embeddable":true,"href":"https:\/\/15milhas.com.br\/wfe\/wp-json\/wp\/v2\/users\/2"}],"replies":[{"embeddable":true,"href":"https:\/\/15milhas.com.br\/wfe\/wp-json\/wp\/v2\/comments?post=675"}],"version-history":[{"count":3,"href":"https:\/\/15milhas.com.br\/wfe\/wp-json\/wp\/v2\/posts\/675\/revisions"}],"predecessor-version":[{"id":685,"href":"https:\/\/15milhas.com.br\/wfe\/wp-json\/wp\/v2\/posts\/675\/revisions\/685"}],"wp:featuredmedia":[{"embeddable":true,"href":"https:\/\/15milhas.com.br\/wfe\/wp-json\/wp\/v2\/media\/680"}],"wp:attachment":[{"href":"https:\/\/15milhas.com.br\/wfe\/wp-json\/wp\/v2\/media?parent=675"}],"wp:term":[{"taxonomy":"category","embeddable":true,"href":"https:\/\/15milhas.com.br\/wfe\/wp-json\/wp\/v2\/categories?post=675"},{"taxonomy":"post_tag","embeddable":true,"href":"https:\/\/15milhas.com.br\/wfe\/wp-json\/wp\/v2\/tags?post=675"}],"curies":[{"name":"wp","href":"https:\/\/api.w.org\/{rel}","templated":true}]}}