{"id":700,"date":"2025-06-15T20:39:38","date_gmt":"2025-06-15T20:39:38","guid":{"rendered":"https:\/\/15milhas.com.br\/wfe\/?p=700"},"modified":"2025-08-24T13:49:22","modified_gmt":"2025-08-24T13:49:22","slug":"campeonato-estadual-de-atletismo-sub20-porto-alegre","status":"publish","type":"post","link":"https:\/\/15milhas.com.br\/wfe\/campeonato-estadual-de-atletismo-sub20-porto-alegre\/","title":{"rendered":"Campeonato Estadual de Atletismo Sub20 &#8211; Porto Alegre"},"content":{"rendered":"\n<figure class=\"wp-block-image size-large is-resized\"><img loading=\"lazy\" decoding=\"async\" width=\"1024\" height=\"768\" src=\"https:\/\/15milhas.com.br\/wfe\/wp-content\/uploads\/2025\/06\/WhatsApp-Image-2025-06-15-at-11.59.07-1-1024x768.jpeg\" alt=\"\" class=\"wp-image-701\" style=\"width:515px;height:auto\" srcset=\"https:\/\/15milhas.com.br\/wfe\/wp-content\/uploads\/2025\/06\/WhatsApp-Image-2025-06-15-at-11.59.07-1-1024x768.jpeg 1024w, https:\/\/15milhas.com.br\/wfe\/wp-content\/uploads\/2025\/06\/WhatsApp-Image-2025-06-15-at-11.59.07-1-300x225.jpeg 300w, https:\/\/15milhas.com.br\/wfe\/wp-content\/uploads\/2025\/06\/WhatsApp-Image-2025-06-15-at-11.59.07-1-768x576.jpeg 768w, https:\/\/15milhas.com.br\/wfe\/wp-content\/uploads\/2025\/06\/WhatsApp-Image-2025-06-15-at-11.59.07-1-1536x1152.jpeg 1536w, https:\/\/15milhas.com.br\/wfe\/wp-content\/uploads\/2025\/06\/WhatsApp-Image-2025-06-15-at-11.59.07-1.jpeg 1600w\" sizes=\"auto, (max-width: 1024px) 100vw, 1024px\" \/><\/figure>\n\n\n\n<!--more-->\n\n\n<a class=\"wp-block-read-more\" href=\"https:\/\/15milhas.com.br\/wfe\/campeonato-estadual-de-atletismo-sub20-porto-alegre\/\" target=\"_self\">Campeonato Estadual de Atletismo Sub20 &#8211; Porto Alegre<br><br><span class=\"screen-reader-text\">: Campeonato Estadual de Atletismo Sub20 &#8211; Porto Alegre<\/span><\/a>\n\n\n<details class=\"wp-block-details is-layout-flow wp-block-details-is-layout-flow\"><summary>Neste s\u00e1bado estivemos participando do Campeonato Estadual Sub20 em Porto Alegre com os atletas do Projeto Atletismo na Escola<\/summary>\n<p><br><\/p>\n<\/details>\n\n\n\n<details class=\"wp-block-details is-layout-flow wp-block-details-is-layout-flow\"><summary><\/summary>\n<p>Neste s\u00e1bado estivemos participando do Campeonato Estadual Sub20 em Porto Alegre com os atletas do Projeto Atletismo na Escola qie conta com o apoio da Prefeitura Municipal de Santa Rosa, atrav\u00e9s da\u00a0<a href=\"https:\/\/www.instagram.com\/esporte_santa_rosa_rs\/\">@esporte_santa_rosa_rs<\/a>\u00a0e do secret\u00e1rio\u00a0<a href=\"https:\/\/www.instagram.com\/cauha\/\">@cauha<\/a><br>Agradecemos aos pais pela confian\u00e7a!<br><br>Agradecemos aos apoiadores\u00a0<a href=\"https:\/\/www.instagram.com\/metalurgicaMarks\/\">@metalurgicaMarks<\/a>\u00a0<a href=\"https:\/\/www.instagram.com\/3marcosoficial\/\">@3marcosoficial<\/a>\u00a0<a href=\"https:\/\/www.instagram.com\/orquidarioquinze\/\">@orquidarioquinze<\/a>\u00a0<a href=\"https:\/\/www.instagram.com\/agr_terraforte\/\">@agr_terraforte<\/a><br><a href=\"https:\/\/www.instagram.com\/auto.postovacaria\/\">@auto.postovacaria<\/a>\u00a0<a href=\"https:\/\/www.instagram.com\/barAvenida\/\">@barAvenida<\/a><br>A professora Anny deixou uma mensagem aos alunos: &#8220;Quanto orgulho de cada um de voc\u00eas!! E por vezes pedi a Deus que me d\u00ea coragem, for\u00e7as para seguir e que n\u00e3o me deixe desistir de lutar por algo melhor\u2026 sei das dificuldades que a gente enfrenta para estar l\u00e1, n\u00e3o temos suporte necess\u00e1rio, desde uniformes adequados, sapatilhas para as competi\u00e7\u00f5es tendo que correr de t\u00eanis que nem \u00e9 o mais adequado\u2026 N\u00e3o temos transporte confort\u00e1vel, mas um dia isso a de mudar para melhor \ud83e\udd1e tenho f\u00e9.<br>Mas voc\u00eas foram gigantes! Eu tenho maior orgulho de toda hist\u00f3ria que estamos escrevendo.<br> Vamos pra pr\u00f3xima! Eu acredito em voc\u00eas! Podemos ir al\u00e9m!<br>Na vida, nenhuma conquista \u00e9 alcan\u00e7ada sozinha. Quando reconhecemos o valor da uni\u00e3o e cultivamos gratid\u00e3o por quem caminha ao nosso lado, abrimos espa\u00e7o para realiza\u00e7\u00f5es ainda maiores.<br><br><a href=\"https:\/\/www.instagram.com\/explore\/tags\/atletismo\/\">#Atletismo<\/a>\u00a0<a href=\"https:\/\/www.instagram.com\/explore\/tags\/uni%C3%A3o\/\">#uni\u00e3o<\/a>\u00a0<a href=\"https:\/\/www.instagram.com\/explore\/tags\/supera%C3%A7%C3%A3o\/\">#supera\u00e7\u00e3o<\/a>\u00a0<a href=\"https:\/\/www.instagram.com\/explore\/tags\/relacionamento\/\">#relacionamento<\/a>\u00a0<a href=\"https:\/\/www.instagram.com\/explore\/tags\/esporte\/\">#esporte<\/a>\u00a0<a href=\"https:\/\/www.instagram.com\/explore\/tags\/sa%C3%BAde\/\">#sa\u00fade<\/a>\u00a0<a href=\"https:\/\/www.instagram.com\/explore\/tags\/atitude\/\">#atitude<\/a>\u00a0<a href=\"https:\/\/www.instagram.com\/explore\/tags\/gratid%C3%A3o\/\">#gratid\u00e3o<\/a>\u00a0<a href=\"https:\/\/www.instagram.com\/explore\/tags\/amorpelacorridaderua\/\">#amorpelacorridaderua<\/a>\u00a0<a href=\"https:\/\/www.instagram.com\/explore\/tags\/trabalhoemequipe\/\">#trabalhoemequipe<\/a><\/p>\n\n\n\n<p><\/p>\n<\/details>\n","protected":false},"excerpt":{"rendered":"","protected":false},"author":2,"featured_media":0,"comment_status":"closed","ping_status":"open","sticky":false,"template":"","format":"standard","meta":{"footnotes":""},"categories":[50,1],"tags":[],"class_list":["post-700","post","type-post","status-publish","format-standard","hentry","category-noticias","category-padrao"],"yoast_head":"<!-- This site is optimized with the Yoast SEO plugin v26.2 - https:\/\/yoast.com\/wordpress\/plugins\/seo\/ -->\n<title>Campeonato Estadual de Atletismo Sub20 - Porto Alegre - 15 Milhas<\/title>\n<meta name=\"robots\" content=\"index, follow, max-snippet:-1, max-image-preview:large, max-video-preview:-1\" \/>\n<link rel=\"canonical\" href=\"https:\/\/15milhas.com.br\/wfe\/campeonato-estadual-de-atletismo-sub20-porto-alegre\/\" \/>\n<meta property=\"og:locale\" content=\"pt_BR\" \/>\n<meta property=\"og:type\" content=\"article\" \/>\n<meta property=\"og:title\" content=\"Campeonato Estadual de Atletismo Sub20 - Porto Alegre - 15 Milhas\" \/>\n<meta property=\"og:url\" content=\"https:\/\/15milhas.com.br\/wfe\/campeonato-estadual-de-atletismo-sub20-porto-alegre\/\" \/>\n<meta property=\"og:site_name\" content=\"15 Milhas\" \/>\n<meta property=\"article:publisher\" content=\"https:\/\/www.facebook.com\/15MilhasdeCorredoresdeRuadeSantaRosa\" \/>\n<meta property=\"article:published_time\" content=\"2025-06-15T20:39:38+00:00\" \/>\n<meta property=\"article:modified_time\" content=\"2025-08-24T13:49:22+00:00\" \/>\n<meta property=\"og:image\" content=\"https:\/\/15milhas.com.br\/wfe\/wp-content\/uploads\/2025\/06\/WhatsApp-Image-2025-06-15-at-11.59.07-1.jpeg\" \/>\n\t<meta property=\"og:image:width\" content=\"1600\" \/>\n\t<meta property=\"og:image:height\" content=\"1200\" \/>\n\t<meta property=\"og:image:type\" content=\"image\/jpeg\" \/>\n<meta name=\"author\" content=\"Anny\" \/>\n<meta name=\"twitter:card\" content=\"summary_large_image\" \/>\n<meta name=\"twitter:label1\" content=\"Escrito por\" \/>\n\t<meta name=\"twitter:data1\" content=\"Anny\" \/>\n\t<meta name=\"twitter:label2\" content=\"Est. tempo de leitura\" \/>\n\t<meta name=\"twitter:data2\" content=\"1 minuto\" \/>\n<script type=\"application\/ld+json\" class=\"yoast-schema-graph\">{\"@context\":\"https:\/\/schema.org\",\"@graph\":[{\"@type\":\"Article\",\"@id\":\"https:\/\/15milhas.com.br\/wfe\/campeonato-estadual-de-atletismo-sub20-porto-alegre\/#article\",\"isPartOf\":{\"@id\":\"https:\/\/15milhas.com.br\/wfe\/campeonato-estadual-de-atletismo-sub20-porto-alegre\/\"},\"author\":{\"name\":\"Anny\",\"@id\":\"https:\/\/15milhas.com.br\/wfe\/#\/schema\/person\/d14570b6f600db5aa4f0153025cd1e0b\"},\"headline\":\"Campeonato Estadual de Atletismo Sub20 &#8211; Porto Alegre\",\"datePublished\":\"2025-06-15T20:39:38+00:00\",\"dateModified\":\"2025-08-24T13:49:22+00:00\",\"mainEntityOfPage\":{\"@id\":\"https:\/\/15milhas.com.br\/wfe\/campeonato-estadual-de-atletismo-sub20-porto-alegre\/\"},\"wordCount\":257,\"publisher\":{\"@id\":\"https:\/\/15milhas.com.br\/wfe\/#organization\"},\"image\":{\"@id\":\"https:\/\/15milhas.com.br\/wfe\/campeonato-estadual-de-atletismo-sub20-porto-alegre\/#primaryimage\"},\"thumbnailUrl\":\"https:\/\/15milhas.com.br\/wfe\/wp-content\/uploads\/2025\/06\/WhatsApp-Image-2025-06-15-at-11.59.07-1-1024x768.jpeg\",\"articleSection\":[\"Noticias\",\"Padr\u00e3o\"],\"inLanguage\":\"pt-BR\"},{\"@type\":\"WebPage\",\"@id\":\"https:\/\/15milhas.com.br\/wfe\/campeonato-estadual-de-atletismo-sub20-porto-alegre\/\",\"url\":\"https:\/\/15milhas.com.br\/wfe\/campeonato-estadual-de-atletismo-sub20-porto-alegre\/\",\"name\":\"Campeonato Estadual de Atletismo Sub20 - Porto Alegre - 15 Milhas\",\"isPartOf\":{\"@id\":\"https:\/\/15milhas.com.br\/wfe\/#website\"},\"primaryImageOfPage\":{\"@id\":\"https:\/\/15milhas.com.br\/wfe\/campeonato-estadual-de-atletismo-sub20-porto-alegre\/#primaryimage\"},\"image\":{\"@id\":\"https:\/\/15milhas.com.br\/wfe\/campeonato-estadual-de-atletismo-sub20-porto-alegre\/#primaryimage\"},\"thumbnailUrl\":\"https:\/\/15milhas.com.br\/wfe\/wp-content\/uploads\/2025\/06\/WhatsApp-Image-2025-06-15-at-11.59.07-1-1024x768.jpeg\",\"datePublished\":\"2025-06-15T20:39:38+00:00\",\"dateModified\":\"2025-08-24T13:49:22+00:00\",\"breadcrumb\":{\"@id\":\"https:\/\/15milhas.com.br\/wfe\/campeonato-estadual-de-atletismo-sub20-porto-alegre\/#breadcrumb\"},\"inLanguage\":\"pt-BR\",\"potentialAction\":[{\"@type\":\"ReadAction\",\"target\":[\"https:\/\/15milhas.com.br\/wfe\/campeonato-estadual-de-atletismo-sub20-porto-alegre\/\"]}]},{\"@type\":\"ImageObject\",\"inLanguage\":\"pt-BR\",\"@id\":\"https:\/\/15milhas.com.br\/wfe\/campeonato-estadual-de-atletismo-sub20-porto-alegre\/#primaryimage\",\"url\":\"https:\/\/15milhas.com.br\/wfe\/wp-content\/uploads\/2025\/06\/WhatsApp-Image-2025-06-15-at-11.59.07-1.jpeg\",\"contentUrl\":\"https:\/\/15milhas.com.br\/wfe\/wp-content\/uploads\/2025\/06\/WhatsApp-Image-2025-06-15-at-11.59.07-1.jpeg\",\"width\":1600,\"height\":1200},{\"@type\":\"BreadcrumbList\",\"@id\":\"https:\/\/15milhas.com.br\/wfe\/campeonato-estadual-de-atletismo-sub20-porto-alegre\/#breadcrumb\",\"itemListElement\":[{\"@type\":\"ListItem\",\"position\":1,\"name\":\"In\u00edcio\",\"item\":\"https:\/\/15milhas.com.br\/wfe\/\"},{\"@type\":\"ListItem\",\"position\":2,\"name\":\"Campeonato Estadual de Atletismo Sub20 &#8211; Porto Alegre\"}]},{\"@type\":\"WebSite\",\"@id\":\"https:\/\/15milhas.com.br\/wfe\/#website\",\"url\":\"https:\/\/15milhas.com.br\/wfe\/\",\"name\":\"15 Milhas\",\"description\":\"Associa\u00e7\u00e3o de Corredores de Rua de Santa Rosa\",\"publisher\":{\"@id\":\"https:\/\/15milhas.com.br\/wfe\/#organization\"},\"potentialAction\":[{\"@type\":\"SearchAction\",\"target\":{\"@type\":\"EntryPoint\",\"urlTemplate\":\"https:\/\/15milhas.com.br\/wfe\/?s={search_term_string}\"},\"query-input\":{\"@type\":\"PropertyValueSpecification\",\"valueRequired\":true,\"valueName\":\"search_term_string\"}}],\"inLanguage\":\"pt-BR\"},{\"@type\":\"Organization\",\"@id\":\"https:\/\/15milhas.com.br\/wfe\/#organization\",\"name\":\"15 Milhas\",\"url\":\"https:\/\/15milhas.com.br\/wfe\/\",\"logo\":{\"@type\":\"ImageObject\",\"inLanguage\":\"pt-BR\",\"@id\":\"https:\/\/15milhas.com.br\/wfe\/#\/schema\/logo\/image\/\",\"url\":\"https:\/\/15milhas.com.br\/wfe\/wp-content\/uploads\/2022\/05\/logo-2.png\",\"contentUrl\":\"https:\/\/15milhas.com.br\/wfe\/wp-content\/uploads\/2022\/05\/logo-2.png\",\"width\":2236,\"height\":986,\"caption\":\"15 Milhas\"},\"image\":{\"@id\":\"https:\/\/15milhas.com.br\/wfe\/#\/schema\/logo\/image\/\"},\"sameAs\":[\"https:\/\/www.facebook.com\/15MilhasdeCorredoresdeRuadeSantaRosa\",\"https:\/\/www.instagram.com\/15_milhas\/\"]},{\"@type\":\"Person\",\"@id\":\"https:\/\/15milhas.com.br\/wfe\/#\/schema\/person\/d14570b6f600db5aa4f0153025cd1e0b\",\"name\":\"Anny\",\"url\":\"https:\/\/15milhas.com.br\/wfe\/author\/anny\/\"}]}<\/script>\n<!-- \/ Yoast SEO plugin. -->","yoast_head_json":{"title":"Campeonato Estadual de Atletismo Sub20 - Porto Alegre - 15 Milhas","robots":{"index":"index","follow":"follow","max-snippet":"max-snippet:-1","max-image-preview":"max-image-preview:large","max-video-preview":"max-video-preview:-1"},"canonical":"https:\/\/15milhas.com.br\/wfe\/campeonato-estadual-de-atletismo-sub20-porto-alegre\/","og_locale":"pt_BR","og_type":"article","og_title":"Campeonato Estadual de Atletismo Sub20 - Porto Alegre - 15 Milhas","og_url":"https:\/\/15milhas.com.br\/wfe\/campeonato-estadual-de-atletismo-sub20-porto-alegre\/","og_site_name":"15 Milhas","article_publisher":"https:\/\/www.facebook.com\/15MilhasdeCorredoresdeRuadeSantaRosa","article_published_time":"2025-06-15T20:39:38+00:00","article_modified_time":"2025-08-24T13:49:22+00:00","og_image":[{"width":1600,"height":1200,"url":"https:\/\/15milhas.com.br\/wfe\/wp-content\/uploads\/2025\/06\/WhatsApp-Image-2025-06-15-at-11.59.07-1.jpeg","type":"image\/jpeg"}],"author":"Anny","twitter_card":"summary_large_image","twitter_misc":{"Escrito por":"Anny","Est. tempo de leitura":"1 minuto"},"schema":{"@context":"https:\/\/schema.org","@graph":[{"@type":"Article","@id":"https:\/\/15milhas.com.br\/wfe\/campeonato-estadual-de-atletismo-sub20-porto-alegre\/#article","isPartOf":{"@id":"https:\/\/15milhas.com.br\/wfe\/campeonato-estadual-de-atletismo-sub20-porto-alegre\/"},"author":{"name":"Anny","@id":"https:\/\/15milhas.com.br\/wfe\/#\/schema\/person\/d14570b6f600db5aa4f0153025cd1e0b"},"headline":"Campeonato Estadual de Atletismo Sub20 &#8211; Porto Alegre","datePublished":"2025-06-15T20:39:38+00:00","dateModified":"2025-08-24T13:49:22+00:00","mainEntityOfPage":{"@id":"https:\/\/15milhas.com.br\/wfe\/campeonato-estadual-de-atletismo-sub20-porto-alegre\/"},"wordCount":257,"publisher":{"@id":"https:\/\/15milhas.com.br\/wfe\/#organization"},"image":{"@id":"https:\/\/15milhas.com.br\/wfe\/campeonato-estadual-de-atletismo-sub20-porto-alegre\/#primaryimage"},"thumbnailUrl":"https:\/\/15milhas.com.br\/wfe\/wp-content\/uploads\/2025\/06\/WhatsApp-Image-2025-06-15-at-11.59.07-1-1024x768.jpeg","articleSection":["Noticias","Padr\u00e3o"],"inLanguage":"pt-BR"},{"@type":"WebPage","@id":"https:\/\/15milhas.com.br\/wfe\/campeonato-estadual-de-atletismo-sub20-porto-alegre\/","url":"https:\/\/15milhas.com.br\/wfe\/campeonato-estadual-de-atletismo-sub20-porto-alegre\/","name":"Campeonato Estadual de Atletismo Sub20 - Porto Alegre - 15 Milhas","isPartOf":{"@id":"https:\/\/15milhas.com.br\/wfe\/#website"},"primaryImageOfPage":{"@id":"https:\/\/15milhas.com.br\/wfe\/campeonato-estadual-de-atletismo-sub20-porto-alegre\/#primaryimage"},"image":{"@id":"https:\/\/15milhas.com.br\/wfe\/campeonato-estadual-de-atletismo-sub20-porto-alegre\/#primaryimage"},"thumbnailUrl":"https:\/\/15milhas.com.br\/wfe\/wp-content\/uploads\/2025\/06\/WhatsApp-Image-2025-06-15-at-11.59.07-1-1024x768.jpeg","datePublished":"2025-06-15T20:39:38+00:00","dateModified":"2025-08-24T13:49:22+00:00","breadcrumb":{"@id":"https:\/\/15milhas.com.br\/wfe\/campeonato-estadual-de-atletismo-sub20-porto-alegre\/#breadcrumb"},"inLanguage":"pt-BR","potentialAction":[{"@type":"ReadAction","target":["https:\/\/15milhas.com.br\/wfe\/campeonato-estadual-de-atletismo-sub20-porto-alegre\/"]}]},{"@type":"ImageObject","inLanguage":"pt-BR","@id":"https:\/\/15milhas.com.br\/wfe\/campeonato-estadual-de-atletismo-sub20-porto-alegre\/#primaryimage","url":"https:\/\/15milhas.com.br\/wfe\/wp-content\/uploads\/2025\/06\/WhatsApp-Image-2025-06-15-at-11.59.07-1.jpeg","contentUrl":"https:\/\/15milhas.com.br\/wfe\/wp-content\/uploads\/2025\/06\/WhatsApp-Image-2025-06-15-at-11.59.07-1.jpeg","width":1600,"height":1200},{"@type":"BreadcrumbList","@id":"https:\/\/15milhas.com.br\/wfe\/campeonato-estadual-de-atletismo-sub20-porto-alegre\/#breadcrumb","itemListElement":[{"@type":"ListItem","position":1,"name":"In\u00edcio","item":"https:\/\/15milhas.com.br\/wfe\/"},{"@type":"ListItem","position":2,"name":"Campeonato Estadual de Atletismo Sub20 &#8211; Porto Alegre"}]},{"@type":"WebSite","@id":"https:\/\/15milhas.com.br\/wfe\/#website","url":"https:\/\/15milhas.com.br\/wfe\/","name":"15 Milhas","description":"Associa\u00e7\u00e3o de Corredores de Rua de Santa Rosa","publisher":{"@id":"https:\/\/15milhas.com.br\/wfe\/#organization"},"potentialAction":[{"@type":"SearchAction","target":{"@type":"EntryPoint","urlTemplate":"https:\/\/15milhas.com.br\/wfe\/?s={search_term_string}"},"query-input":{"@type":"PropertyValueSpecification","valueRequired":true,"valueName":"search_term_string"}}],"inLanguage":"pt-BR"},{"@type":"Organization","@id":"https:\/\/15milhas.com.br\/wfe\/#organization","name":"15 Milhas","url":"https:\/\/15milhas.com.br\/wfe\/","logo":{"@type":"ImageObject","inLanguage":"pt-BR","@id":"https:\/\/15milhas.com.br\/wfe\/#\/schema\/logo\/image\/","url":"https:\/\/15milhas.com.br\/wfe\/wp-content\/uploads\/2022\/05\/logo-2.png","contentUrl":"https:\/\/15milhas.com.br\/wfe\/wp-content\/uploads\/2022\/05\/logo-2.png","width":2236,"height":986,"caption":"15 Milhas"},"image":{"@id":"https:\/\/15milhas.com.br\/wfe\/#\/schema\/logo\/image\/"},"sameAs":["https:\/\/www.facebook.com\/15MilhasdeCorredoresdeRuadeSantaRosa","https:\/\/www.instagram.com\/15_milhas\/"]},{"@type":"Person","@id":"https:\/\/15milhas.com.br\/wfe\/#\/schema\/person\/d14570b6f600db5aa4f0153025cd1e0b","name":"Anny","url":"https:\/\/15milhas.com.br\/wfe\/author\/anny\/"}]}},"rttpg_featured_image_url":null,"rttpg_author":{"display_name":"Anny","author_link":"https:\/\/15milhas.com.br\/wfe\/author\/anny\/"},"rttpg_comment":0,"rttpg_category":"<a href=\"https:\/\/15milhas.com.br\/wfe\/category\/noticias\/\" rel=\"category tag\">Noticias<\/a> <a href=\"https:\/\/15milhas.com.br\/wfe\/category\/padrao\/\" rel=\"category tag\">Padr\u00e3o<\/a>","rttpg_excerpt":null,"_links":{"self":[{"href":"https:\/\/15milhas.com.br\/wfe\/wp-json\/wp\/v2\/posts\/700","targetHints":{"allow":["GET"]}}],"collection":[{"href":"https:\/\/15milhas.com.br\/wfe\/wp-json\/wp\/v2\/posts"}],"about":[{"href":"https:\/\/15milhas.com.br\/wfe\/wp-json\/wp\/v2\/types\/post"}],"author":[{"embeddable":true,"href":"https:\/\/15milhas.com.br\/wfe\/wp-json\/wp\/v2\/users\/2"}],"replies":[{"embeddable":true,"href":"https:\/\/15milhas.com.br\/wfe\/wp-json\/wp\/v2\/comments?post=700"}],"version-history":[{"count":13,"href":"https:\/\/15milhas.com.br\/wfe\/wp-json\/wp\/v2\/posts\/700\/revisions"}],"predecessor-version":[{"id":715,"href":"https:\/\/15milhas.com.br\/wfe\/wp-json\/wp\/v2\/posts\/700\/revisions\/715"}],"wp:attachment":[{"href":"https:\/\/15milhas.com.br\/wfe\/wp-json\/wp\/v2\/media?parent=700"}],"wp:term":[{"taxonomy":"category","embeddable":true,"href":"https:\/\/15milhas.com.br\/wfe\/wp-json\/wp\/v2\/categories?post=700"},{"taxonomy":"post_tag","embeddable":true,"href":"https:\/\/15milhas.com.br\/wfe\/wp-json\/wp\/v2\/tags?post=700"}],"curies":[{"name":"wp","href":"https:\/\/api.w.org\/{rel}","templated":true}]}}