{"id":726,"date":"2025-06-23T17:19:57","date_gmt":"2025-06-23T17:19:57","guid":{"rendered":"https:\/\/15milhas.com.br\/wfe\/?p=726"},"modified":"2025-08-24T13:51:52","modified_gmt":"2025-08-24T13:51:52","slug":"xii-circuito-de-corrida-de-rua-etapa-panambi","status":"publish","type":"post","link":"https:\/\/15milhas.com.br\/wfe\/xii-circuito-de-corrida-de-rua-etapa-panambi\/","title":{"rendered":"XII Circuito de Corrida de Rua &#8211; Etapa Panambi"},"content":{"rendered":"\n<figure class=\"wp-block-image size-large is-resized\"><img loading=\"lazy\" decoding=\"async\" width=\"840\" height=\"1024\" src=\"http:\/\/15milhas.com.br\/wfe\/wp-content\/uploads\/2025\/06\/WhatsApp-Image-2025-06-23-at-09.19.51-840x1024.jpeg\" alt=\"Dar o primeiro passo n\u00e3o \u00e9 f\u00e1cil. Acordar cedo, treinar depois de um dia cansativo ou at\u00e9 enfrentar a chuva para correr pode parecer um grande desafio.\" class=\"wp-image-718\" style=\"width:409px;height:auto\" srcset=\"https:\/\/15milhas.com.br\/wfe\/wp-content\/uploads\/2025\/06\/WhatsApp-Image-2025-06-23-at-09.19.51-840x1024.jpeg 840w, https:\/\/15milhas.com.br\/wfe\/wp-content\/uploads\/2025\/06\/WhatsApp-Image-2025-06-23-at-09.19.51-246x300.jpeg 246w, https:\/\/15milhas.com.br\/wfe\/wp-content\/uploads\/2025\/06\/WhatsApp-Image-2025-06-23-at-09.19.51-768x936.jpeg 768w, https:\/\/15milhas.com.br\/wfe\/wp-content\/uploads\/2025\/06\/WhatsApp-Image-2025-06-23-at-09.19.51.jpeg 1079w\" sizes=\"auto, (max-width: 840px) 100vw, 840px\" \/><\/figure>\n\n\n\n<p>Motiva\u00e7\u00e3o, consist\u00eancia e resili\u00eancia s\u00e3o essenciais para alcan\u00e7ar o sucesso. Equipe 15 Milhas superou as adversidades e fez bonito neste domingo.<\/p>\n\n\n\n<!--more-->\n\n\n\n<p>Dar o primeiro passo n\u00e3o \u00e9 f\u00e1cil. Acordar cedo, treinar depois de um dia cansativo ou at\u00e9 enfrentar a chuva para correr pode parecer um grande desafio. Neste domingo foi dia de correr em Panambi. A dificuldade em dar o primeiro passo \u00e9 um sentimento comum&#8230; A tenta\u00e7\u00e3o de adiar ou desistir \u00e9 grande, mas \u00e9 importante lembrar que cada pequeno avan\u00e7o \u00e9 uma vit\u00f3ria.\u00a0Nem mesmo o frio e a chuva fez com que esta turma ficasse em casa. Depois de rodar mais de 150km enfrentaram as dist\u00e2ncias da prova e percorreram 5km, 2km, 600m e a categoria especial.<\/p>\n\n\n\n<p><\/p>\n\n\n\n<p><\/p>\n\n\n\n<div class=\"wp-block-columns is-layout-flex wp-container-core-columns-is-layout-9d6595d7 wp-block-columns-is-layout-flex\">\n<div class=\"wp-block-column is-layout-flow wp-block-column-is-layout-flow\" style=\"flex-basis:100%\">\n<figure class=\"wp-block-gallery has-nested-images columns-2 is-cropped wp-block-gallery-1 is-layout-flex wp-block-gallery-is-layout-flex\">\n<figure class=\"wp-block-image size-large\"><img loading=\"lazy\" decoding=\"async\" width=\"1024\" height=\"682\" data-id=\"721\" src=\"https:\/\/15milhas.com.br\/wfe\/wp-content\/uploads\/2025\/06\/3a-1024x682.jpg\" alt=\"Diego em sua prova de 600m\" class=\"wp-image-721\" srcset=\"https:\/\/15milhas.com.br\/wfe\/wp-content\/uploads\/2025\/06\/3a-1024x682.jpg 1024w, https:\/\/15milhas.com.br\/wfe\/wp-content\/uploads\/2025\/06\/3a-300x200.jpg 300w, https:\/\/15milhas.com.br\/wfe\/wp-content\/uploads\/2025\/06\/3a-768x512.jpg 768w, https:\/\/15milhas.com.br\/wfe\/wp-content\/uploads\/2025\/06\/3a-1536x1023.jpg 1536w, https:\/\/15milhas.com.br\/wfe\/wp-content\/uploads\/2025\/06\/3a.jpg 1600w\" sizes=\"auto, (max-width: 1024px) 100vw, 1024px\" \/><\/figure>\n\n\n\n<figure class=\"wp-block-image size-large\"><img loading=\"lazy\" decoding=\"async\" width=\"1024\" height=\"685\" data-id=\"722\" src=\"https:\/\/15milhas.com.br\/wfe\/wp-content\/uploads\/2025\/06\/2a-1024x685.jpg\" alt=\"Douglas na categoria especial\" class=\"wp-image-722\" srcset=\"https:\/\/15milhas.com.br\/wfe\/wp-content\/uploads\/2025\/06\/2a-1024x685.jpg 1024w, https:\/\/15milhas.com.br\/wfe\/wp-content\/uploads\/2025\/06\/2a-300x201.jpg 300w, https:\/\/15milhas.com.br\/wfe\/wp-content\/uploads\/2025\/06\/2a-768x514.jpg 768w, https:\/\/15milhas.com.br\/wfe\/wp-content\/uploads\/2025\/06\/2a-1536x1028.jpg 1536w, https:\/\/15milhas.com.br\/wfe\/wp-content\/uploads\/2025\/06\/2a.jpg 1591w\" sizes=\"auto, (max-width: 1024px) 100vw, 1024px\" \/><\/figure>\n\n\n\n<figure class=\"wp-block-image size-large\"><img loading=\"lazy\" decoding=\"async\" width=\"684\" height=\"1024\" data-id=\"720\" src=\"https:\/\/15milhas.com.br\/wfe\/wp-content\/uploads\/2025\/06\/WhatsApp-Image-2025-06-23-at-09.31.21-684x1024.jpeg\" alt=\"Claudia 5km\" class=\"wp-image-720\" srcset=\"https:\/\/15milhas.com.br\/wfe\/wp-content\/uploads\/2025\/06\/WhatsApp-Image-2025-06-23-at-09.31.21-684x1024.jpeg 684w, https:\/\/15milhas.com.br\/wfe\/wp-content\/uploads\/2025\/06\/WhatsApp-Image-2025-06-23-at-09.31.21-200x300.jpeg 200w, https:\/\/15milhas.com.br\/wfe\/wp-content\/uploads\/2025\/06\/WhatsApp-Image-2025-06-23-at-09.31.21-768x1149.jpeg 768w, https:\/\/15milhas.com.br\/wfe\/wp-content\/uploads\/2025\/06\/WhatsApp-Image-2025-06-23-at-09.31.21.jpeg 902w\" sizes=\"auto, (max-width: 684px) 100vw, 684px\" \/><\/figure>\n\n\n\n<figure class=\"wp-block-image size-large\"><img loading=\"lazy\" decoding=\"async\" width=\"819\" height=\"1024\" data-id=\"719\" src=\"https:\/\/15milhas.com.br\/wfe\/wp-content\/uploads\/2025\/06\/4a-819x1024.jpg\" alt=\"Eloiza 5Km\" class=\"wp-image-719\" srcset=\"https:\/\/15milhas.com.br\/wfe\/wp-content\/uploads\/2025\/06\/4a-819x1024.jpg 819w, https:\/\/15milhas.com.br\/wfe\/wp-content\/uploads\/2025\/06\/4a-240x300.jpg 240w, https:\/\/15milhas.com.br\/wfe\/wp-content\/uploads\/2025\/06\/4a-768x960.jpg 768w, https:\/\/15milhas.com.br\/wfe\/wp-content\/uploads\/2025\/06\/4a-1229x1536.jpg 1229w, https:\/\/15milhas.com.br\/wfe\/wp-content\/uploads\/2025\/06\/4a.jpg 1440w\" sizes=\"auto, (max-width: 819px) 100vw, 819px\" \/><\/figure>\n<\/figure>\n<\/div>\n<\/div>\n\n\n\n<p><\/p>\n","protected":false},"excerpt":{"rendered":"<p>Motiva\u00e7\u00e3o, consist\u00eancia e resili\u00eancia s\u00e3o essenciais para alcan\u00e7ar o sucesso. Equipe 15 Milhas superou as adversidades e fez bonito neste domingo.<\/p>\n","protected":false},"author":2,"featured_media":718,"comment_status":"closed","ping_status":"open","sticky":false,"template":"","format":"standard","meta":{"footnotes":""},"categories":[50,1],"tags":[],"class_list":["post-726","post","type-post","status-publish","format-standard","has-post-thumbnail","hentry","category-noticias","category-padrao"],"yoast_head":"<!-- This site is optimized with the Yoast SEO plugin v26.2 - https:\/\/yoast.com\/wordpress\/plugins\/seo\/ -->\n<title>XII Circuito de Corrida de Rua - Etapa Panambi - 15 Milhas<\/title>\n<meta name=\"robots\" content=\"index, follow, max-snippet:-1, max-image-preview:large, max-video-preview:-1\" \/>\n<link rel=\"canonical\" href=\"https:\/\/15milhas.com.br\/wfe\/xii-circuito-de-corrida-de-rua-etapa-panambi\/\" \/>\n<meta property=\"og:locale\" content=\"pt_BR\" \/>\n<meta property=\"og:type\" content=\"article\" \/>\n<meta property=\"og:title\" content=\"XII Circuito de Corrida de Rua - Etapa Panambi - 15 Milhas\" \/>\n<meta property=\"og:description\" content=\"Motiva\u00e7\u00e3o, consist\u00eancia e resili\u00eancia s\u00e3o essenciais para alcan\u00e7ar o sucesso. Equipe 15 Milhas superou as adversidades e fez bonito neste domingo.\" \/>\n<meta property=\"og:url\" content=\"https:\/\/15milhas.com.br\/wfe\/xii-circuito-de-corrida-de-rua-etapa-panambi\/\" \/>\n<meta property=\"og:site_name\" content=\"15 Milhas\" \/>\n<meta property=\"article:publisher\" content=\"https:\/\/www.facebook.com\/15MilhasdeCorredoresdeRuadeSantaRosa\" \/>\n<meta property=\"article:published_time\" content=\"2025-06-23T17:19:57+00:00\" \/>\n<meta property=\"article:modified_time\" content=\"2025-08-24T13:51:52+00:00\" \/>\n<meta property=\"og:image\" content=\"https:\/\/15milhas.com.br\/wfe\/wp-content\/uploads\/2025\/06\/WhatsApp-Image-2025-06-23-at-09.19.51.jpeg\" \/>\n\t<meta property=\"og:image:width\" content=\"1079\" \/>\n\t<meta property=\"og:image:height\" content=\"1315\" \/>\n\t<meta property=\"og:image:type\" content=\"image\/jpeg\" \/>\n<meta name=\"author\" content=\"Anny\" \/>\n<meta name=\"twitter:card\" content=\"summary_large_image\" \/>\n<meta name=\"twitter:label1\" content=\"Escrito por\" \/>\n\t<meta name=\"twitter:data1\" content=\"Anny\" \/>\n\t<meta name=\"twitter:label2\" content=\"Est. tempo de leitura\" \/>\n\t<meta name=\"twitter:data2\" content=\"1 minuto\" \/>\n<script type=\"application\/ld+json\" class=\"yoast-schema-graph\">{\"@context\":\"https:\/\/schema.org\",\"@graph\":[{\"@type\":\"Article\",\"@id\":\"https:\/\/15milhas.com.br\/wfe\/xii-circuito-de-corrida-de-rua-etapa-panambi\/#article\",\"isPartOf\":{\"@id\":\"https:\/\/15milhas.com.br\/wfe\/xii-circuito-de-corrida-de-rua-etapa-panambi\/\"},\"author\":{\"name\":\"Anny\",\"@id\":\"https:\/\/15milhas.com.br\/wfe\/#\/schema\/person\/d14570b6f600db5aa4f0153025cd1e0b\"},\"headline\":\"XII Circuito de Corrida de Rua &#8211; Etapa Panambi\",\"datePublished\":\"2025-06-23T17:19:57+00:00\",\"dateModified\":\"2025-08-24T13:51:52+00:00\",\"mainEntityOfPage\":{\"@id\":\"https:\/\/15milhas.com.br\/wfe\/xii-circuito-de-corrida-de-rua-etapa-panambi\/\"},\"wordCount\":135,\"publisher\":{\"@id\":\"https:\/\/15milhas.com.br\/wfe\/#organization\"},\"image\":{\"@id\":\"https:\/\/15milhas.com.br\/wfe\/xii-circuito-de-corrida-de-rua-etapa-panambi\/#primaryimage\"},\"thumbnailUrl\":\"https:\/\/15milhas.com.br\/wfe\/wp-content\/uploads\/2025\/06\/WhatsApp-Image-2025-06-23-at-09.19.51.jpeg\",\"articleSection\":[\"Noticias\",\"Padr\u00e3o\"],\"inLanguage\":\"pt-BR\"},{\"@type\":\"WebPage\",\"@id\":\"https:\/\/15milhas.com.br\/wfe\/xii-circuito-de-corrida-de-rua-etapa-panambi\/\",\"url\":\"https:\/\/15milhas.com.br\/wfe\/xii-circuito-de-corrida-de-rua-etapa-panambi\/\",\"name\":\"XII Circuito de Corrida de Rua - Etapa Panambi - 15 Milhas\",\"isPartOf\":{\"@id\":\"https:\/\/15milhas.com.br\/wfe\/#website\"},\"primaryImageOfPage\":{\"@id\":\"https:\/\/15milhas.com.br\/wfe\/xii-circuito-de-corrida-de-rua-etapa-panambi\/#primaryimage\"},\"image\":{\"@id\":\"https:\/\/15milhas.com.br\/wfe\/xii-circuito-de-corrida-de-rua-etapa-panambi\/#primaryimage\"},\"thumbnailUrl\":\"https:\/\/15milhas.com.br\/wfe\/wp-content\/uploads\/2025\/06\/WhatsApp-Image-2025-06-23-at-09.19.51.jpeg\",\"datePublished\":\"2025-06-23T17:19:57+00:00\",\"dateModified\":\"2025-08-24T13:51:52+00:00\",\"breadcrumb\":{\"@id\":\"https:\/\/15milhas.com.br\/wfe\/xii-circuito-de-corrida-de-rua-etapa-panambi\/#breadcrumb\"},\"inLanguage\":\"pt-BR\",\"potentialAction\":[{\"@type\":\"ReadAction\",\"target\":[\"https:\/\/15milhas.com.br\/wfe\/xii-circuito-de-corrida-de-rua-etapa-panambi\/\"]}]},{\"@type\":\"ImageObject\",\"inLanguage\":\"pt-BR\",\"@id\":\"https:\/\/15milhas.com.br\/wfe\/xii-circuito-de-corrida-de-rua-etapa-panambi\/#primaryimage\",\"url\":\"https:\/\/15milhas.com.br\/wfe\/wp-content\/uploads\/2025\/06\/WhatsApp-Image-2025-06-23-at-09.19.51.jpeg\",\"contentUrl\":\"https:\/\/15milhas.com.br\/wfe\/wp-content\/uploads\/2025\/06\/WhatsApp-Image-2025-06-23-at-09.19.51.jpeg\",\"width\":1079,\"height\":1315,\"caption\":\"Dar o primeiro passo n\u00e3o \u00e9 f\u00e1cil. Acordar cedo, treinar depois de um dia cansativo ou at\u00e9 enfrentar a chuva para correr pode parecer um grande desafio.\"},{\"@type\":\"BreadcrumbList\",\"@id\":\"https:\/\/15milhas.com.br\/wfe\/xii-circuito-de-corrida-de-rua-etapa-panambi\/#breadcrumb\",\"itemListElement\":[{\"@type\":\"ListItem\",\"position\":1,\"name\":\"In\u00edcio\",\"item\":\"https:\/\/15milhas.com.br\/wfe\/\"},{\"@type\":\"ListItem\",\"position\":2,\"name\":\"XII Circuito de Corrida de Rua &#8211; Etapa Panambi\"}]},{\"@type\":\"WebSite\",\"@id\":\"https:\/\/15milhas.com.br\/wfe\/#website\",\"url\":\"https:\/\/15milhas.com.br\/wfe\/\",\"name\":\"15 Milhas\",\"description\":\"Associa\u00e7\u00e3o de Corredores de Rua de Santa Rosa\",\"publisher\":{\"@id\":\"https:\/\/15milhas.com.br\/wfe\/#organization\"},\"potentialAction\":[{\"@type\":\"SearchAction\",\"target\":{\"@type\":\"EntryPoint\",\"urlTemplate\":\"https:\/\/15milhas.com.br\/wfe\/?s={search_term_string}\"},\"query-input\":{\"@type\":\"PropertyValueSpecification\",\"valueRequired\":true,\"valueName\":\"search_term_string\"}}],\"inLanguage\":\"pt-BR\"},{\"@type\":\"Organization\",\"@id\":\"https:\/\/15milhas.com.br\/wfe\/#organization\",\"name\":\"15 Milhas\",\"url\":\"https:\/\/15milhas.com.br\/wfe\/\",\"logo\":{\"@type\":\"ImageObject\",\"inLanguage\":\"pt-BR\",\"@id\":\"https:\/\/15milhas.com.br\/wfe\/#\/schema\/logo\/image\/\",\"url\":\"https:\/\/15milhas.com.br\/wfe\/wp-content\/uploads\/2022\/05\/logo-2.png\",\"contentUrl\":\"https:\/\/15milhas.com.br\/wfe\/wp-content\/uploads\/2022\/05\/logo-2.png\",\"width\":2236,\"height\":986,\"caption\":\"15 Milhas\"},\"image\":{\"@id\":\"https:\/\/15milhas.com.br\/wfe\/#\/schema\/logo\/image\/\"},\"sameAs\":[\"https:\/\/www.facebook.com\/15MilhasdeCorredoresdeRuadeSantaRosa\",\"https:\/\/www.instagram.com\/15_milhas\/\"]},{\"@type\":\"Person\",\"@id\":\"https:\/\/15milhas.com.br\/wfe\/#\/schema\/person\/d14570b6f600db5aa4f0153025cd1e0b\",\"name\":\"Anny\",\"url\":\"https:\/\/15milhas.com.br\/wfe\/author\/anny\/\"}]}<\/script>\n<!-- \/ Yoast SEO plugin. -->","yoast_head_json":{"title":"XII Circuito de Corrida de Rua - Etapa Panambi - 15 Milhas","robots":{"index":"index","follow":"follow","max-snippet":"max-snippet:-1","max-image-preview":"max-image-preview:large","max-video-preview":"max-video-preview:-1"},"canonical":"https:\/\/15milhas.com.br\/wfe\/xii-circuito-de-corrida-de-rua-etapa-panambi\/","og_locale":"pt_BR","og_type":"article","og_title":"XII Circuito de Corrida de Rua - Etapa Panambi - 15 Milhas","og_description":"Motiva\u00e7\u00e3o, consist\u00eancia e resili\u00eancia s\u00e3o essenciais para alcan\u00e7ar o sucesso. Equipe 15 Milhas superou as adversidades e fez bonito neste domingo.","og_url":"https:\/\/15milhas.com.br\/wfe\/xii-circuito-de-corrida-de-rua-etapa-panambi\/","og_site_name":"15 Milhas","article_publisher":"https:\/\/www.facebook.com\/15MilhasdeCorredoresdeRuadeSantaRosa","article_published_time":"2025-06-23T17:19:57+00:00","article_modified_time":"2025-08-24T13:51:52+00:00","og_image":[{"width":1079,"height":1315,"url":"https:\/\/15milhas.com.br\/wfe\/wp-content\/uploads\/2025\/06\/WhatsApp-Image-2025-06-23-at-09.19.51.jpeg","type":"image\/jpeg"}],"author":"Anny","twitter_card":"summary_large_image","twitter_misc":{"Escrito por":"Anny","Est. tempo de leitura":"1 minuto"},"schema":{"@context":"https:\/\/schema.org","@graph":[{"@type":"Article","@id":"https:\/\/15milhas.com.br\/wfe\/xii-circuito-de-corrida-de-rua-etapa-panambi\/#article","isPartOf":{"@id":"https:\/\/15milhas.com.br\/wfe\/xii-circuito-de-corrida-de-rua-etapa-panambi\/"},"author":{"name":"Anny","@id":"https:\/\/15milhas.com.br\/wfe\/#\/schema\/person\/d14570b6f600db5aa4f0153025cd1e0b"},"headline":"XII Circuito de Corrida de Rua &#8211; Etapa Panambi","datePublished":"2025-06-23T17:19:57+00:00","dateModified":"2025-08-24T13:51:52+00:00","mainEntityOfPage":{"@id":"https:\/\/15milhas.com.br\/wfe\/xii-circuito-de-corrida-de-rua-etapa-panambi\/"},"wordCount":135,"publisher":{"@id":"https:\/\/15milhas.com.br\/wfe\/#organization"},"image":{"@id":"https:\/\/15milhas.com.br\/wfe\/xii-circuito-de-corrida-de-rua-etapa-panambi\/#primaryimage"},"thumbnailUrl":"https:\/\/15milhas.com.br\/wfe\/wp-content\/uploads\/2025\/06\/WhatsApp-Image-2025-06-23-at-09.19.51.jpeg","articleSection":["Noticias","Padr\u00e3o"],"inLanguage":"pt-BR"},{"@type":"WebPage","@id":"https:\/\/15milhas.com.br\/wfe\/xii-circuito-de-corrida-de-rua-etapa-panambi\/","url":"https:\/\/15milhas.com.br\/wfe\/xii-circuito-de-corrida-de-rua-etapa-panambi\/","name":"XII Circuito de Corrida de Rua - Etapa Panambi - 15 Milhas","isPartOf":{"@id":"https:\/\/15milhas.com.br\/wfe\/#website"},"primaryImageOfPage":{"@id":"https:\/\/15milhas.com.br\/wfe\/xii-circuito-de-corrida-de-rua-etapa-panambi\/#primaryimage"},"image":{"@id":"https:\/\/15milhas.com.br\/wfe\/xii-circuito-de-corrida-de-rua-etapa-panambi\/#primaryimage"},"thumbnailUrl":"https:\/\/15milhas.com.br\/wfe\/wp-content\/uploads\/2025\/06\/WhatsApp-Image-2025-06-23-at-09.19.51.jpeg","datePublished":"2025-06-23T17:19:57+00:00","dateModified":"2025-08-24T13:51:52+00:00","breadcrumb":{"@id":"https:\/\/15milhas.com.br\/wfe\/xii-circuito-de-corrida-de-rua-etapa-panambi\/#breadcrumb"},"inLanguage":"pt-BR","potentialAction":[{"@type":"ReadAction","target":["https:\/\/15milhas.com.br\/wfe\/xii-circuito-de-corrida-de-rua-etapa-panambi\/"]}]},{"@type":"ImageObject","inLanguage":"pt-BR","@id":"https:\/\/15milhas.com.br\/wfe\/xii-circuito-de-corrida-de-rua-etapa-panambi\/#primaryimage","url":"https:\/\/15milhas.com.br\/wfe\/wp-content\/uploads\/2025\/06\/WhatsApp-Image-2025-06-23-at-09.19.51.jpeg","contentUrl":"https:\/\/15milhas.com.br\/wfe\/wp-content\/uploads\/2025\/06\/WhatsApp-Image-2025-06-23-at-09.19.51.jpeg","width":1079,"height":1315,"caption":"Dar o primeiro passo n\u00e3o \u00e9 f\u00e1cil. Acordar cedo, treinar depois de um dia cansativo ou at\u00e9 enfrentar a chuva para correr pode parecer um grande desafio."},{"@type":"BreadcrumbList","@id":"https:\/\/15milhas.com.br\/wfe\/xii-circuito-de-corrida-de-rua-etapa-panambi\/#breadcrumb","itemListElement":[{"@type":"ListItem","position":1,"name":"In\u00edcio","item":"https:\/\/15milhas.com.br\/wfe\/"},{"@type":"ListItem","position":2,"name":"XII Circuito de Corrida de Rua &#8211; Etapa Panambi"}]},{"@type":"WebSite","@id":"https:\/\/15milhas.com.br\/wfe\/#website","url":"https:\/\/15milhas.com.br\/wfe\/","name":"15 Milhas","description":"Associa\u00e7\u00e3o de Corredores de Rua de Santa Rosa","publisher":{"@id":"https:\/\/15milhas.com.br\/wfe\/#organization"},"potentialAction":[{"@type":"SearchAction","target":{"@type":"EntryPoint","urlTemplate":"https:\/\/15milhas.com.br\/wfe\/?s={search_term_string}"},"query-input":{"@type":"PropertyValueSpecification","valueRequired":true,"valueName":"search_term_string"}}],"inLanguage":"pt-BR"},{"@type":"Organization","@id":"https:\/\/15milhas.com.br\/wfe\/#organization","name":"15 Milhas","url":"https:\/\/15milhas.com.br\/wfe\/","logo":{"@type":"ImageObject","inLanguage":"pt-BR","@id":"https:\/\/15milhas.com.br\/wfe\/#\/schema\/logo\/image\/","url":"https:\/\/15milhas.com.br\/wfe\/wp-content\/uploads\/2022\/05\/logo-2.png","contentUrl":"https:\/\/15milhas.com.br\/wfe\/wp-content\/uploads\/2022\/05\/logo-2.png","width":2236,"height":986,"caption":"15 Milhas"},"image":{"@id":"https:\/\/15milhas.com.br\/wfe\/#\/schema\/logo\/image\/"},"sameAs":["https:\/\/www.facebook.com\/15MilhasdeCorredoresdeRuadeSantaRosa","https:\/\/www.instagram.com\/15_milhas\/"]},{"@type":"Person","@id":"https:\/\/15milhas.com.br\/wfe\/#\/schema\/person\/d14570b6f600db5aa4f0153025cd1e0b","name":"Anny","url":"https:\/\/15milhas.com.br\/wfe\/author\/anny\/"}]}},"rttpg_featured_image_url":{"full":["https:\/\/15milhas.com.br\/wfe\/wp-content\/uploads\/2025\/06\/WhatsApp-Image-2025-06-23-at-09.19.51.jpeg",1079,1315,false],"landscape":["https:\/\/15milhas.com.br\/wfe\/wp-content\/uploads\/2025\/06\/WhatsApp-Image-2025-06-23-at-09.19.51.jpeg",1079,1315,false],"portraits":["https:\/\/15milhas.com.br\/wfe\/wp-content\/uploads\/2025\/06\/WhatsApp-Image-2025-06-23-at-09.19.51.jpeg",1079,1315,false],"thumbnail":["https:\/\/15milhas.com.br\/wfe\/wp-content\/uploads\/2025\/06\/WhatsApp-Image-2025-06-23-at-09.19.51-150x150.jpeg",150,150,true],"medium":["https:\/\/15milhas.com.br\/wfe\/wp-content\/uploads\/2025\/06\/WhatsApp-Image-2025-06-23-at-09.19.51-246x300.jpeg",246,300,true],"large":["https:\/\/15milhas.com.br\/wfe\/wp-content\/uploads\/2025\/06\/WhatsApp-Image-2025-06-23-at-09.19.51-840x1024.jpeg",840,1024,true],"1536x1536":["https:\/\/15milhas.com.br\/wfe\/wp-content\/uploads\/2025\/06\/WhatsApp-Image-2025-06-23-at-09.19.51.jpeg",1079,1315,false],"2048x2048":["https:\/\/15milhas.com.br\/wfe\/wp-content\/uploads\/2025\/06\/WhatsApp-Image-2025-06-23-at-09.19.51.jpeg",1079,1315,false]},"rttpg_author":{"display_name":"Anny","author_link":"https:\/\/15milhas.com.br\/wfe\/author\/anny\/"},"rttpg_comment":0,"rttpg_category":"<a href=\"https:\/\/15milhas.com.br\/wfe\/category\/noticias\/\" rel=\"category tag\">Noticias<\/a> <a href=\"https:\/\/15milhas.com.br\/wfe\/category\/padrao\/\" rel=\"category tag\">Padr\u00e3o<\/a>","rttpg_excerpt":"Motiva\u00e7\u00e3o, consist\u00eancia e resili\u00eancia s\u00e3o essenciais para alcan\u00e7ar o sucesso. Equipe 15 Milhas superou as adversidades e fez bonito neste domingo.","_links":{"self":[{"href":"https:\/\/15milhas.com.br\/wfe\/wp-json\/wp\/v2\/posts\/726","targetHints":{"allow":["GET"]}}],"collection":[{"href":"https:\/\/15milhas.com.br\/wfe\/wp-json\/wp\/v2\/posts"}],"about":[{"href":"https:\/\/15milhas.com.br\/wfe\/wp-json\/wp\/v2\/types\/post"}],"author":[{"embeddable":true,"href":"https:\/\/15milhas.com.br\/wfe\/wp-json\/wp\/v2\/users\/2"}],"replies":[{"embeddable":true,"href":"https:\/\/15milhas.com.br\/wfe\/wp-json\/wp\/v2\/comments?post=726"}],"version-history":[{"count":5,"href":"https:\/\/15milhas.com.br\/wfe\/wp-json\/wp\/v2\/posts\/726\/revisions"}],"predecessor-version":[{"id":734,"href":"https:\/\/15milhas.com.br\/wfe\/wp-json\/wp\/v2\/posts\/726\/revisions\/734"}],"wp:featuredmedia":[{"embeddable":true,"href":"https:\/\/15milhas.com.br\/wfe\/wp-json\/wp\/v2\/media\/718"}],"wp:attachment":[{"href":"https:\/\/15milhas.com.br\/wfe\/wp-json\/wp\/v2\/media?parent=726"}],"wp:term":[{"taxonomy":"category","embeddable":true,"href":"https:\/\/15milhas.com.br\/wfe\/wp-json\/wp\/v2\/categories?post=726"},{"taxonomy":"post_tag","embeddable":true,"href":"https:\/\/15milhas.com.br\/wfe\/wp-json\/wp\/v2\/tags?post=726"}],"curies":[{"name":"wp","href":"https:\/\/api.w.org\/{rel}","templated":true}]}}