{"id":752,"date":"2025-08-24T12:25:46","date_gmt":"2025-08-24T12:25:46","guid":{"rendered":"https:\/\/15milhas.com.br\/wfe\/?p=752"},"modified":"2025-08-24T13:48:34","modified_gmt":"2025-08-24T13:48:34","slug":"atleta-da-equipe-15-milhas-brilha-nas-olimpiadas-da-apae","status":"publish","type":"post","link":"https:\/\/15milhas.com.br\/wfe\/atleta-da-equipe-15-milhas-brilha-nas-olimpiadas-da-apae\/","title":{"rendered":"Atleta da equipe 15 Milhas brilha nas Olimp\u00edadas da APAE"},"content":{"rendered":"\n<figure class=\"wp-block-image size-large is-resized\"><img loading=\"lazy\" decoding=\"async\" width=\"740\" height=\"1024\" src=\"https:\/\/15milhas.com.br\/wfe\/wp-content\/uploads\/2025\/08\/WhatsApp-Image-2025-04-01-at-22.07.51-1-740x1024.jpeg\" alt=\"\" class=\"wp-image-754\" style=\"width:412px;height:auto\" srcset=\"https:\/\/15milhas.com.br\/wfe\/wp-content\/uploads\/2025\/08\/WhatsApp-Image-2025-04-01-at-22.07.51-1-740x1024.jpeg 740w, https:\/\/15milhas.com.br\/wfe\/wp-content\/uploads\/2025\/08\/WhatsApp-Image-2025-04-01-at-22.07.51-1-217x300.jpeg 217w, https:\/\/15milhas.com.br\/wfe\/wp-content\/uploads\/2025\/08\/WhatsApp-Image-2025-04-01-at-22.07.51-1-768x1062.jpeg 768w, https:\/\/15milhas.com.br\/wfe\/wp-content\/uploads\/2025\/08\/WhatsApp-Image-2025-04-01-at-22.07.51-1-1110x1536.jpeg 1110w, https:\/\/15milhas.com.br\/wfe\/wp-content\/uploads\/2025\/08\/WhatsApp-Image-2025-04-01-at-22.07.51-1.jpeg 1156w\" sizes=\"auto, (max-width: 740px) 100vw, 740px\" \/><\/figure>\n\n\n\n<p>Victor Assun\u00e7\u00e3o obteve \u00f3timos resultados nas etapas de classifica\u00e7\u00e3o regional e estadual e classificou para a etapa nacional com data a ser marcada. <\/p>\n","protected":false},"excerpt":{"rendered":"<p>Victor Assun\u00e7\u00e3o obteve \u00f3timos resultados nas etapas de classifica\u00e7\u00e3o regional e estadual e classificou para a etapa nacional com data a ser marcada.<\/p>\n","protected":false},"author":2,"featured_media":0,"comment_status":"closed","ping_status":"open","sticky":false,"template":"","format":"standard","meta":{"footnotes":""},"categories":[50,1],"tags":[38,26,34],"class_list":["post-752","post","type-post","status-publish","format-standard","hentry","category-noticias","category-padrao","tag-15-milhas","tag-corrida","tag-missoes"],"yoast_head":"<!-- This site is optimized with the Yoast SEO plugin v26.2 - https:\/\/yoast.com\/wordpress\/plugins\/seo\/ -->\n<title>Atleta da equipe 15 Milhas brilha nas Olimp\u00edadas da APAE - 15 Milhas<\/title>\n<meta name=\"robots\" content=\"index, follow, max-snippet:-1, max-image-preview:large, max-video-preview:-1\" \/>\n<link rel=\"canonical\" href=\"https:\/\/15milhas.com.br\/wfe\/atleta-da-equipe-15-milhas-brilha-nas-olimpiadas-da-apae\/\" \/>\n<meta property=\"og:locale\" content=\"pt_BR\" \/>\n<meta property=\"og:type\" content=\"article\" \/>\n<meta property=\"og:title\" content=\"Atleta da equipe 15 Milhas brilha nas Olimp\u00edadas da APAE - 15 Milhas\" \/>\n<meta property=\"og:description\" content=\"Victor Assun\u00e7\u00e3o obteve \u00f3timos resultados nas etapas de classifica\u00e7\u00e3o regional e estadual e classificou para a etapa nacional com data a ser marcada.\" \/>\n<meta property=\"og:url\" content=\"https:\/\/15milhas.com.br\/wfe\/atleta-da-equipe-15-milhas-brilha-nas-olimpiadas-da-apae\/\" \/>\n<meta property=\"og:site_name\" content=\"15 Milhas\" \/>\n<meta property=\"article:publisher\" content=\"https:\/\/www.facebook.com\/15MilhasdeCorredoresdeRuadeSantaRosa\" \/>\n<meta property=\"article:published_time\" content=\"2025-08-24T12:25:46+00:00\" \/>\n<meta property=\"article:modified_time\" content=\"2025-08-24T13:48:34+00:00\" \/>\n<meta property=\"og:image\" content=\"https:\/\/15milhas.com.br\/wfe\/wp-content\/uploads\/2025\/08\/WhatsApp-Image-2025-04-01-at-22.07.51-1.jpeg\" \/>\n\t<meta property=\"og:image:width\" content=\"1156\" \/>\n\t<meta property=\"og:image:height\" content=\"1599\" \/>\n\t<meta property=\"og:image:type\" content=\"image\/jpeg\" \/>\n<meta name=\"author\" content=\"Anny\" \/>\n<meta name=\"twitter:card\" content=\"summary_large_image\" \/>\n<meta name=\"twitter:label1\" content=\"Escrito por\" \/>\n\t<meta name=\"twitter:data1\" content=\"Anny\" \/>\n<script type=\"application\/ld+json\" class=\"yoast-schema-graph\">{\"@context\":\"https:\/\/schema.org\",\"@graph\":[{\"@type\":\"Article\",\"@id\":\"https:\/\/15milhas.com.br\/wfe\/atleta-da-equipe-15-milhas-brilha-nas-olimpiadas-da-apae\/#article\",\"isPartOf\":{\"@id\":\"https:\/\/15milhas.com.br\/wfe\/atleta-da-equipe-15-milhas-brilha-nas-olimpiadas-da-apae\/\"},\"author\":{\"name\":\"Anny\",\"@id\":\"https:\/\/15milhas.com.br\/wfe\/#\/schema\/person\/d14570b6f600db5aa4f0153025cd1e0b\"},\"headline\":\"Atleta da equipe 15 Milhas brilha nas Olimp\u00edadas da APAE\",\"datePublished\":\"2025-08-24T12:25:46+00:00\",\"dateModified\":\"2025-08-24T13:48:34+00:00\",\"mainEntityOfPage\":{\"@id\":\"https:\/\/15milhas.com.br\/wfe\/atleta-da-equipe-15-milhas-brilha-nas-olimpiadas-da-apae\/\"},\"wordCount\":35,\"publisher\":{\"@id\":\"https:\/\/15milhas.com.br\/wfe\/#organization\"},\"image\":{\"@id\":\"https:\/\/15milhas.com.br\/wfe\/atleta-da-equipe-15-milhas-brilha-nas-olimpiadas-da-apae\/#primaryimage\"},\"thumbnailUrl\":\"https:\/\/15milhas.com.br\/wfe\/wp-content\/uploads\/2025\/08\/WhatsApp-Image-2025-04-01-at-22.07.51-1-740x1024.jpeg\",\"keywords\":[\"15 milhas\",\"corrida\",\"miss\u00f5es\"],\"articleSection\":[\"Noticias\",\"Padr\u00e3o\"],\"inLanguage\":\"pt-BR\"},{\"@type\":\"WebPage\",\"@id\":\"https:\/\/15milhas.com.br\/wfe\/atleta-da-equipe-15-milhas-brilha-nas-olimpiadas-da-apae\/\",\"url\":\"https:\/\/15milhas.com.br\/wfe\/atleta-da-equipe-15-milhas-brilha-nas-olimpiadas-da-apae\/\",\"name\":\"Atleta da equipe 15 Milhas brilha nas Olimp\u00edadas da APAE - 15 Milhas\",\"isPartOf\":{\"@id\":\"https:\/\/15milhas.com.br\/wfe\/#website\"},\"primaryImageOfPage\":{\"@id\":\"https:\/\/15milhas.com.br\/wfe\/atleta-da-equipe-15-milhas-brilha-nas-olimpiadas-da-apae\/#primaryimage\"},\"image\":{\"@id\":\"https:\/\/15milhas.com.br\/wfe\/atleta-da-equipe-15-milhas-brilha-nas-olimpiadas-da-apae\/#primaryimage\"},\"thumbnailUrl\":\"https:\/\/15milhas.com.br\/wfe\/wp-content\/uploads\/2025\/08\/WhatsApp-Image-2025-04-01-at-22.07.51-1-740x1024.jpeg\",\"datePublished\":\"2025-08-24T12:25:46+00:00\",\"dateModified\":\"2025-08-24T13:48:34+00:00\",\"breadcrumb\":{\"@id\":\"https:\/\/15milhas.com.br\/wfe\/atleta-da-equipe-15-milhas-brilha-nas-olimpiadas-da-apae\/#breadcrumb\"},\"inLanguage\":\"pt-BR\",\"potentialAction\":[{\"@type\":\"ReadAction\",\"target\":[\"https:\/\/15milhas.com.br\/wfe\/atleta-da-equipe-15-milhas-brilha-nas-olimpiadas-da-apae\/\"]}]},{\"@type\":\"ImageObject\",\"inLanguage\":\"pt-BR\",\"@id\":\"https:\/\/15milhas.com.br\/wfe\/atleta-da-equipe-15-milhas-brilha-nas-olimpiadas-da-apae\/#primaryimage\",\"url\":\"https:\/\/15milhas.com.br\/wfe\/wp-content\/uploads\/2025\/08\/WhatsApp-Image-2025-04-01-at-22.07.51-1.jpeg\",\"contentUrl\":\"https:\/\/15milhas.com.br\/wfe\/wp-content\/uploads\/2025\/08\/WhatsApp-Image-2025-04-01-at-22.07.51-1.jpeg\",\"width\":1156,\"height\":1599},{\"@type\":\"BreadcrumbList\",\"@id\":\"https:\/\/15milhas.com.br\/wfe\/atleta-da-equipe-15-milhas-brilha-nas-olimpiadas-da-apae\/#breadcrumb\",\"itemListElement\":[{\"@type\":\"ListItem\",\"position\":1,\"name\":\"In\u00edcio\",\"item\":\"https:\/\/15milhas.com.br\/wfe\/\"},{\"@type\":\"ListItem\",\"position\":2,\"name\":\"Atleta da equipe 15 Milhas brilha nas Olimp\u00edadas da APAE\"}]},{\"@type\":\"WebSite\",\"@id\":\"https:\/\/15milhas.com.br\/wfe\/#website\",\"url\":\"https:\/\/15milhas.com.br\/wfe\/\",\"name\":\"15 Milhas\",\"description\":\"Associa\u00e7\u00e3o de Corredores de Rua de Santa Rosa\",\"publisher\":{\"@id\":\"https:\/\/15milhas.com.br\/wfe\/#organization\"},\"potentialAction\":[{\"@type\":\"SearchAction\",\"target\":{\"@type\":\"EntryPoint\",\"urlTemplate\":\"https:\/\/15milhas.com.br\/wfe\/?s={search_term_string}\"},\"query-input\":{\"@type\":\"PropertyValueSpecification\",\"valueRequired\":true,\"valueName\":\"search_term_string\"}}],\"inLanguage\":\"pt-BR\"},{\"@type\":\"Organization\",\"@id\":\"https:\/\/15milhas.com.br\/wfe\/#organization\",\"name\":\"15 Milhas\",\"url\":\"https:\/\/15milhas.com.br\/wfe\/\",\"logo\":{\"@type\":\"ImageObject\",\"inLanguage\":\"pt-BR\",\"@id\":\"https:\/\/15milhas.com.br\/wfe\/#\/schema\/logo\/image\/\",\"url\":\"https:\/\/15milhas.com.br\/wfe\/wp-content\/uploads\/2022\/05\/logo-2.png\",\"contentUrl\":\"https:\/\/15milhas.com.br\/wfe\/wp-content\/uploads\/2022\/05\/logo-2.png\",\"width\":2236,\"height\":986,\"caption\":\"15 Milhas\"},\"image\":{\"@id\":\"https:\/\/15milhas.com.br\/wfe\/#\/schema\/logo\/image\/\"},\"sameAs\":[\"https:\/\/www.facebook.com\/15MilhasdeCorredoresdeRuadeSantaRosa\",\"https:\/\/www.instagram.com\/15_milhas\/\"]},{\"@type\":\"Person\",\"@id\":\"https:\/\/15milhas.com.br\/wfe\/#\/schema\/person\/d14570b6f600db5aa4f0153025cd1e0b\",\"name\":\"Anny\",\"url\":\"https:\/\/15milhas.com.br\/wfe\/author\/anny\/\"}]}<\/script>\n<!-- \/ Yoast SEO plugin. -->","yoast_head_json":{"title":"Atleta da equipe 15 Milhas brilha nas Olimp\u00edadas da APAE - 15 Milhas","robots":{"index":"index","follow":"follow","max-snippet":"max-snippet:-1","max-image-preview":"max-image-preview:large","max-video-preview":"max-video-preview:-1"},"canonical":"https:\/\/15milhas.com.br\/wfe\/atleta-da-equipe-15-milhas-brilha-nas-olimpiadas-da-apae\/","og_locale":"pt_BR","og_type":"article","og_title":"Atleta da equipe 15 Milhas brilha nas Olimp\u00edadas da APAE - 15 Milhas","og_description":"Victor Assun\u00e7\u00e3o obteve \u00f3timos resultados nas etapas de classifica\u00e7\u00e3o regional e estadual e classificou para a etapa nacional com data a ser marcada.","og_url":"https:\/\/15milhas.com.br\/wfe\/atleta-da-equipe-15-milhas-brilha-nas-olimpiadas-da-apae\/","og_site_name":"15 Milhas","article_publisher":"https:\/\/www.facebook.com\/15MilhasdeCorredoresdeRuadeSantaRosa","article_published_time":"2025-08-24T12:25:46+00:00","article_modified_time":"2025-08-24T13:48:34+00:00","og_image":[{"width":1156,"height":1599,"url":"https:\/\/15milhas.com.br\/wfe\/wp-content\/uploads\/2025\/08\/WhatsApp-Image-2025-04-01-at-22.07.51-1.jpeg","type":"image\/jpeg"}],"author":"Anny","twitter_card":"summary_large_image","twitter_misc":{"Escrito por":"Anny"},"schema":{"@context":"https:\/\/schema.org","@graph":[{"@type":"Article","@id":"https:\/\/15milhas.com.br\/wfe\/atleta-da-equipe-15-milhas-brilha-nas-olimpiadas-da-apae\/#article","isPartOf":{"@id":"https:\/\/15milhas.com.br\/wfe\/atleta-da-equipe-15-milhas-brilha-nas-olimpiadas-da-apae\/"},"author":{"name":"Anny","@id":"https:\/\/15milhas.com.br\/wfe\/#\/schema\/person\/d14570b6f600db5aa4f0153025cd1e0b"},"headline":"Atleta da equipe 15 Milhas brilha nas Olimp\u00edadas da APAE","datePublished":"2025-08-24T12:25:46+00:00","dateModified":"2025-08-24T13:48:34+00:00","mainEntityOfPage":{"@id":"https:\/\/15milhas.com.br\/wfe\/atleta-da-equipe-15-milhas-brilha-nas-olimpiadas-da-apae\/"},"wordCount":35,"publisher":{"@id":"https:\/\/15milhas.com.br\/wfe\/#organization"},"image":{"@id":"https:\/\/15milhas.com.br\/wfe\/atleta-da-equipe-15-milhas-brilha-nas-olimpiadas-da-apae\/#primaryimage"},"thumbnailUrl":"https:\/\/15milhas.com.br\/wfe\/wp-content\/uploads\/2025\/08\/WhatsApp-Image-2025-04-01-at-22.07.51-1-740x1024.jpeg","keywords":["15 milhas","corrida","miss\u00f5es"],"articleSection":["Noticias","Padr\u00e3o"],"inLanguage":"pt-BR"},{"@type":"WebPage","@id":"https:\/\/15milhas.com.br\/wfe\/atleta-da-equipe-15-milhas-brilha-nas-olimpiadas-da-apae\/","url":"https:\/\/15milhas.com.br\/wfe\/atleta-da-equipe-15-milhas-brilha-nas-olimpiadas-da-apae\/","name":"Atleta da equipe 15 Milhas brilha nas Olimp\u00edadas da APAE - 15 Milhas","isPartOf":{"@id":"https:\/\/15milhas.com.br\/wfe\/#website"},"primaryImageOfPage":{"@id":"https:\/\/15milhas.com.br\/wfe\/atleta-da-equipe-15-milhas-brilha-nas-olimpiadas-da-apae\/#primaryimage"},"image":{"@id":"https:\/\/15milhas.com.br\/wfe\/atleta-da-equipe-15-milhas-brilha-nas-olimpiadas-da-apae\/#primaryimage"},"thumbnailUrl":"https:\/\/15milhas.com.br\/wfe\/wp-content\/uploads\/2025\/08\/WhatsApp-Image-2025-04-01-at-22.07.51-1-740x1024.jpeg","datePublished":"2025-08-24T12:25:46+00:00","dateModified":"2025-08-24T13:48:34+00:00","breadcrumb":{"@id":"https:\/\/15milhas.com.br\/wfe\/atleta-da-equipe-15-milhas-brilha-nas-olimpiadas-da-apae\/#breadcrumb"},"inLanguage":"pt-BR","potentialAction":[{"@type":"ReadAction","target":["https:\/\/15milhas.com.br\/wfe\/atleta-da-equipe-15-milhas-brilha-nas-olimpiadas-da-apae\/"]}]},{"@type":"ImageObject","inLanguage":"pt-BR","@id":"https:\/\/15milhas.com.br\/wfe\/atleta-da-equipe-15-milhas-brilha-nas-olimpiadas-da-apae\/#primaryimage","url":"https:\/\/15milhas.com.br\/wfe\/wp-content\/uploads\/2025\/08\/WhatsApp-Image-2025-04-01-at-22.07.51-1.jpeg","contentUrl":"https:\/\/15milhas.com.br\/wfe\/wp-content\/uploads\/2025\/08\/WhatsApp-Image-2025-04-01-at-22.07.51-1.jpeg","width":1156,"height":1599},{"@type":"BreadcrumbList","@id":"https:\/\/15milhas.com.br\/wfe\/atleta-da-equipe-15-milhas-brilha-nas-olimpiadas-da-apae\/#breadcrumb","itemListElement":[{"@type":"ListItem","position":1,"name":"In\u00edcio","item":"https:\/\/15milhas.com.br\/wfe\/"},{"@type":"ListItem","position":2,"name":"Atleta da equipe 15 Milhas brilha nas Olimp\u00edadas da APAE"}]},{"@type":"WebSite","@id":"https:\/\/15milhas.com.br\/wfe\/#website","url":"https:\/\/15milhas.com.br\/wfe\/","name":"15 Milhas","description":"Associa\u00e7\u00e3o de Corredores de Rua de Santa Rosa","publisher":{"@id":"https:\/\/15milhas.com.br\/wfe\/#organization"},"potentialAction":[{"@type":"SearchAction","target":{"@type":"EntryPoint","urlTemplate":"https:\/\/15milhas.com.br\/wfe\/?s={search_term_string}"},"query-input":{"@type":"PropertyValueSpecification","valueRequired":true,"valueName":"search_term_string"}}],"inLanguage":"pt-BR"},{"@type":"Organization","@id":"https:\/\/15milhas.com.br\/wfe\/#organization","name":"15 Milhas","url":"https:\/\/15milhas.com.br\/wfe\/","logo":{"@type":"ImageObject","inLanguage":"pt-BR","@id":"https:\/\/15milhas.com.br\/wfe\/#\/schema\/logo\/image\/","url":"https:\/\/15milhas.com.br\/wfe\/wp-content\/uploads\/2022\/05\/logo-2.png","contentUrl":"https:\/\/15milhas.com.br\/wfe\/wp-content\/uploads\/2022\/05\/logo-2.png","width":2236,"height":986,"caption":"15 Milhas"},"image":{"@id":"https:\/\/15milhas.com.br\/wfe\/#\/schema\/logo\/image\/"},"sameAs":["https:\/\/www.facebook.com\/15MilhasdeCorredoresdeRuadeSantaRosa","https:\/\/www.instagram.com\/15_milhas\/"]},{"@type":"Person","@id":"https:\/\/15milhas.com.br\/wfe\/#\/schema\/person\/d14570b6f600db5aa4f0153025cd1e0b","name":"Anny","url":"https:\/\/15milhas.com.br\/wfe\/author\/anny\/"}]}},"rttpg_featured_image_url":null,"rttpg_author":{"display_name":"Anny","author_link":"https:\/\/15milhas.com.br\/wfe\/author\/anny\/"},"rttpg_comment":0,"rttpg_category":"<a href=\"https:\/\/15milhas.com.br\/wfe\/category\/noticias\/\" rel=\"category tag\">Noticias<\/a> <a href=\"https:\/\/15milhas.com.br\/wfe\/category\/padrao\/\" rel=\"category tag\">Padr\u00e3o<\/a>","rttpg_excerpt":"Victor Assun\u00e7\u00e3o obteve \u00f3timos resultados nas etapas de classifica\u00e7\u00e3o regional e estadual e classificou para a etapa nacional com data a ser marcada.","_links":{"self":[{"href":"https:\/\/15milhas.com.br\/wfe\/wp-json\/wp\/v2\/posts\/752","targetHints":{"allow":["GET"]}}],"collection":[{"href":"https:\/\/15milhas.com.br\/wfe\/wp-json\/wp\/v2\/posts"}],"about":[{"href":"https:\/\/15milhas.com.br\/wfe\/wp-json\/wp\/v2\/types\/post"}],"author":[{"embeddable":true,"href":"https:\/\/15milhas.com.br\/wfe\/wp-json\/wp\/v2\/users\/2"}],"replies":[{"embeddable":true,"href":"https:\/\/15milhas.com.br\/wfe\/wp-json\/wp\/v2\/comments?post=752"}],"version-history":[{"count":2,"href":"https:\/\/15milhas.com.br\/wfe\/wp-json\/wp\/v2\/posts\/752\/revisions"}],"predecessor-version":[{"id":756,"href":"https:\/\/15milhas.com.br\/wfe\/wp-json\/wp\/v2\/posts\/752\/revisions\/756"}],"wp:attachment":[{"href":"https:\/\/15milhas.com.br\/wfe\/wp-json\/wp\/v2\/media?parent=752"}],"wp:term":[{"taxonomy":"category","embeddable":true,"href":"https:\/\/15milhas.com.br\/wfe\/wp-json\/wp\/v2\/categories?post=752"},{"taxonomy":"post_tag","embeddable":true,"href":"https:\/\/15milhas.com.br\/wfe\/wp-json\/wp\/v2\/tags?post=752"}],"curies":[{"name":"wp","href":"https:\/\/api.w.org\/{rel}","templated":true}]}}