{"id":791,"date":"2025-08-24T13:40:54","date_gmt":"2025-08-24T13:40:54","guid":{"rendered":"https:\/\/15milhas.com.br\/wfe\/?p=791"},"modified":"2025-10-23T13:33:12","modified_gmt":"2025-10-23T13:33:12","slug":"15-milhas-abre-sua-primeira-filial-em-alecrim-%f0%9f%8f%83%e2%99%80%ef%b8%8f%f0%9f%8f%83%e2%99%82%ef%b8%8f","status":"publish","type":"post","link":"https:\/\/15milhas.com.br\/wfe\/15-milhas-abre-sua-primeira-filial-em-alecrim-%f0%9f%8f%83%e2%99%80%ef%b8%8f%f0%9f%8f%83%e2%99%82%ef%b8%8f\/","title":{"rendered":"15 Milhas abre sua primeira filial em Alecrim!"},"content":{"rendered":"\n<figure class=\"wp-block-image size-large is-resized\"><img loading=\"lazy\" decoding=\"async\" width=\"1024\" height=\"1024\" src=\"https:\/\/15milhas.com.br\/wfe\/wp-content\/uploads\/2025\/08\/15-Milhas-abre-sua-primeira-filial-em-Alecrim-1024x1024.png\" alt=\"\" class=\"wp-image-792\" style=\"width:517px;height:auto\" srcset=\"https:\/\/15milhas.com.br\/wfe\/wp-content\/uploads\/2025\/08\/15-Milhas-abre-sua-primeira-filial-em-Alecrim-1024x1024.png 1024w, https:\/\/15milhas.com.br\/wfe\/wp-content\/uploads\/2025\/08\/15-Milhas-abre-sua-primeira-filial-em-Alecrim-300x300.png 300w, https:\/\/15milhas.com.br\/wfe\/wp-content\/uploads\/2025\/08\/15-Milhas-abre-sua-primeira-filial-em-Alecrim-150x150.png 150w, https:\/\/15milhas.com.br\/wfe\/wp-content\/uploads\/2025\/08\/15-Milhas-abre-sua-primeira-filial-em-Alecrim-768x768.png 768w, https:\/\/15milhas.com.br\/wfe\/wp-content\/uploads\/2025\/08\/15-Milhas-abre-sua-primeira-filial-em-Alecrim.png 1080w\" sizes=\"auto, (max-width: 1024px) 100vw, 1024px\" \/><\/figure>\n\n\n\n<p>Ap\u00f3s 9 anos de muito trabalho, conquistas e reconhecimento, a Equipe 15 Milhas d\u00e1 mais um passo importante em sua trajet\u00f3ria: a abertura da sua primeira filial na cidade de Alecrim.<\/p>\n","protected":false},"excerpt":{"rendered":"<p>Ap\u00f3s 9 anos de muito trabalho, conquistas e reconhecimento, a Equipe 15 Milhas d\u00e1 mais um passo importante em sua trajet\u00f3ria: a abertura da sua primeira filial na cidade de Alecrim.<\/p>\n","protected":false},"author":2,"featured_media":792,"comment_status":"closed","ping_status":"open","sticky":false,"template":"","format":"standard","meta":{"footnotes":""},"categories":[50,1],"tags":[38,53,26,32],"class_list":["post-791","post","type-post","status-publish","format-standard","has-post-thumbnail","hentry","category-noticias","category-padrao","tag-15-milhas","tag-amigosquecorrem","tag-corrida","tag-rua"],"yoast_head":"<!-- This site is optimized with the Yoast SEO plugin v26.2 - https:\/\/yoast.com\/wordpress\/plugins\/seo\/ -->\n<title>15 Milhas abre sua primeira filial em Alecrim! - 15 Milhas<\/title>\n<meta name=\"robots\" content=\"index, follow, max-snippet:-1, max-image-preview:large, max-video-preview:-1\" \/>\n<link rel=\"canonical\" href=\"https:\/\/15milhas.com.br\/wfe\/15-milhas-abre-sua-primeira-filial-em-alecrim-\ud83c\udfc3\u2640\ufe0f\ud83c\udfc3\u2642\ufe0f\/\" \/>\n<meta property=\"og:locale\" content=\"pt_BR\" \/>\n<meta property=\"og:type\" content=\"article\" \/>\n<meta property=\"og:title\" content=\"15 Milhas abre sua primeira filial em Alecrim! - 15 Milhas\" \/>\n<meta property=\"og:description\" content=\"Ap\u00f3s 9 anos de muito trabalho, conquistas e reconhecimento, a Equipe 15 Milhas d\u00e1 mais um passo importante em sua trajet\u00f3ria: a abertura da sua primeira filial na cidade de Alecrim.\" \/>\n<meta property=\"og:url\" content=\"https:\/\/15milhas.com.br\/wfe\/15-milhas-abre-sua-primeira-filial-em-alecrim-\ud83c\udfc3\u2640\ufe0f\ud83c\udfc3\u2642\ufe0f\/\" \/>\n<meta property=\"og:site_name\" content=\"15 Milhas\" \/>\n<meta property=\"article:publisher\" content=\"https:\/\/www.facebook.com\/15MilhasdeCorredoresdeRuadeSantaRosa\" \/>\n<meta property=\"article:published_time\" content=\"2025-08-24T13:40:54+00:00\" \/>\n<meta property=\"article:modified_time\" content=\"2025-10-23T13:33:12+00:00\" \/>\n<meta property=\"og:image\" content=\"https:\/\/15milhas.com.br\/wfe\/wp-content\/uploads\/2025\/08\/15-Milhas-abre-sua-primeira-filial-em-Alecrim.png\" \/>\n\t<meta property=\"og:image:width\" content=\"1080\" \/>\n\t<meta property=\"og:image:height\" content=\"1080\" \/>\n\t<meta property=\"og:image:type\" content=\"image\/png\" \/>\n<meta name=\"author\" content=\"Anny\" \/>\n<meta name=\"twitter:card\" content=\"summary_large_image\" \/>\n<meta name=\"twitter:label1\" content=\"Escrito por\" \/>\n\t<meta name=\"twitter:data1\" content=\"Anny\" \/>\n<script type=\"application\/ld+json\" class=\"yoast-schema-graph\">{\"@context\":\"https:\/\/schema.org\",\"@graph\":[{\"@type\":\"Article\",\"@id\":\"https:\/\/15milhas.com.br\/wfe\/15-milhas-abre-sua-primeira-filial-em-alecrim-%f0%9f%8f%83%e2%99%80%ef%b8%8f%f0%9f%8f%83%e2%99%82%ef%b8%8f\/#article\",\"isPartOf\":{\"@id\":\"https:\/\/15milhas.com.br\/wfe\/15-milhas-abre-sua-primeira-filial-em-alecrim-%f0%9f%8f%83%e2%99%80%ef%b8%8f%f0%9f%8f%83%e2%99%82%ef%b8%8f\/\"},\"author\":{\"name\":\"Anny\",\"@id\":\"https:\/\/15milhas.com.br\/wfe\/#\/schema\/person\/d14570b6f600db5aa4f0153025cd1e0b\"},\"headline\":\"15 Milhas abre sua primeira filial em Alecrim!\",\"datePublished\":\"2025-08-24T13:40:54+00:00\",\"dateModified\":\"2025-10-23T13:33:12+00:00\",\"mainEntityOfPage\":{\"@id\":\"https:\/\/15milhas.com.br\/wfe\/15-milhas-abre-sua-primeira-filial-em-alecrim-%f0%9f%8f%83%e2%99%80%ef%b8%8f%f0%9f%8f%83%e2%99%82%ef%b8%8f\/\"},\"wordCount\":38,\"publisher\":{\"@id\":\"https:\/\/15milhas.com.br\/wfe\/#organization\"},\"image\":{\"@id\":\"https:\/\/15milhas.com.br\/wfe\/15-milhas-abre-sua-primeira-filial-em-alecrim-%f0%9f%8f%83%e2%99%80%ef%b8%8f%f0%9f%8f%83%e2%99%82%ef%b8%8f\/#primaryimage\"},\"thumbnailUrl\":\"https:\/\/15milhas.com.br\/wfe\/wp-content\/uploads\/2025\/08\/15-Milhas-abre-sua-primeira-filial-em-Alecrim.png\",\"keywords\":[\"15 milhas\",\"amigosquecorrem\",\"corrida\",\"rua\"],\"articleSection\":[\"Noticias\",\"Padr\u00e3o\"],\"inLanguage\":\"pt-BR\"},{\"@type\":\"WebPage\",\"@id\":\"https:\/\/15milhas.com.br\/wfe\/15-milhas-abre-sua-primeira-filial-em-alecrim-%f0%9f%8f%83%e2%99%80%ef%b8%8f%f0%9f%8f%83%e2%99%82%ef%b8%8f\/\",\"url\":\"https:\/\/15milhas.com.br\/wfe\/15-milhas-abre-sua-primeira-filial-em-alecrim-%f0%9f%8f%83%e2%99%80%ef%b8%8f%f0%9f%8f%83%e2%99%82%ef%b8%8f\/\",\"name\":\"15 Milhas abre sua primeira filial em Alecrim! - 15 Milhas\",\"isPartOf\":{\"@id\":\"https:\/\/15milhas.com.br\/wfe\/#website\"},\"primaryImageOfPage\":{\"@id\":\"https:\/\/15milhas.com.br\/wfe\/15-milhas-abre-sua-primeira-filial-em-alecrim-%f0%9f%8f%83%e2%99%80%ef%b8%8f%f0%9f%8f%83%e2%99%82%ef%b8%8f\/#primaryimage\"},\"image\":{\"@id\":\"https:\/\/15milhas.com.br\/wfe\/15-milhas-abre-sua-primeira-filial-em-alecrim-%f0%9f%8f%83%e2%99%80%ef%b8%8f%f0%9f%8f%83%e2%99%82%ef%b8%8f\/#primaryimage\"},\"thumbnailUrl\":\"https:\/\/15milhas.com.br\/wfe\/wp-content\/uploads\/2025\/08\/15-Milhas-abre-sua-primeira-filial-em-Alecrim.png\",\"datePublished\":\"2025-08-24T13:40:54+00:00\",\"dateModified\":\"2025-10-23T13:33:12+00:00\",\"breadcrumb\":{\"@id\":\"https:\/\/15milhas.com.br\/wfe\/15-milhas-abre-sua-primeira-filial-em-alecrim-%f0%9f%8f%83%e2%99%80%ef%b8%8f%f0%9f%8f%83%e2%99%82%ef%b8%8f\/#breadcrumb\"},\"inLanguage\":\"pt-BR\",\"potentialAction\":[{\"@type\":\"ReadAction\",\"target\":[\"https:\/\/15milhas.com.br\/wfe\/15-milhas-abre-sua-primeira-filial-em-alecrim-%f0%9f%8f%83%e2%99%80%ef%b8%8f%f0%9f%8f%83%e2%99%82%ef%b8%8f\/\"]}]},{\"@type\":\"ImageObject\",\"inLanguage\":\"pt-BR\",\"@id\":\"https:\/\/15milhas.com.br\/wfe\/15-milhas-abre-sua-primeira-filial-em-alecrim-%f0%9f%8f%83%e2%99%80%ef%b8%8f%f0%9f%8f%83%e2%99%82%ef%b8%8f\/#primaryimage\",\"url\":\"https:\/\/15milhas.com.br\/wfe\/wp-content\/uploads\/2025\/08\/15-Milhas-abre-sua-primeira-filial-em-Alecrim.png\",\"contentUrl\":\"https:\/\/15milhas.com.br\/wfe\/wp-content\/uploads\/2025\/08\/15-Milhas-abre-sua-primeira-filial-em-Alecrim.png\",\"width\":1080,\"height\":1080},{\"@type\":\"BreadcrumbList\",\"@id\":\"https:\/\/15milhas.com.br\/wfe\/15-milhas-abre-sua-primeira-filial-em-alecrim-%f0%9f%8f%83%e2%99%80%ef%b8%8f%f0%9f%8f%83%e2%99%82%ef%b8%8f\/#breadcrumb\",\"itemListElement\":[{\"@type\":\"ListItem\",\"position\":1,\"name\":\"In\u00edcio\",\"item\":\"https:\/\/15milhas.com.br\/wfe\/\"},{\"@type\":\"ListItem\",\"position\":2,\"name\":\"15 Milhas abre sua primeira filial em Alecrim!\"}]},{\"@type\":\"WebSite\",\"@id\":\"https:\/\/15milhas.com.br\/wfe\/#website\",\"url\":\"https:\/\/15milhas.com.br\/wfe\/\",\"name\":\"15 Milhas\",\"description\":\"Associa\u00e7\u00e3o de Corredores de Rua de Santa Rosa\",\"publisher\":{\"@id\":\"https:\/\/15milhas.com.br\/wfe\/#organization\"},\"potentialAction\":[{\"@type\":\"SearchAction\",\"target\":{\"@type\":\"EntryPoint\",\"urlTemplate\":\"https:\/\/15milhas.com.br\/wfe\/?s={search_term_string}\"},\"query-input\":{\"@type\":\"PropertyValueSpecification\",\"valueRequired\":true,\"valueName\":\"search_term_string\"}}],\"inLanguage\":\"pt-BR\"},{\"@type\":\"Organization\",\"@id\":\"https:\/\/15milhas.com.br\/wfe\/#organization\",\"name\":\"15 Milhas\",\"url\":\"https:\/\/15milhas.com.br\/wfe\/\",\"logo\":{\"@type\":\"ImageObject\",\"inLanguage\":\"pt-BR\",\"@id\":\"https:\/\/15milhas.com.br\/wfe\/#\/schema\/logo\/image\/\",\"url\":\"https:\/\/15milhas.com.br\/wfe\/wp-content\/uploads\/2022\/05\/logo-2.png\",\"contentUrl\":\"https:\/\/15milhas.com.br\/wfe\/wp-content\/uploads\/2022\/05\/logo-2.png\",\"width\":2236,\"height\":986,\"caption\":\"15 Milhas\"},\"image\":{\"@id\":\"https:\/\/15milhas.com.br\/wfe\/#\/schema\/logo\/image\/\"},\"sameAs\":[\"https:\/\/www.facebook.com\/15MilhasdeCorredoresdeRuadeSantaRosa\",\"https:\/\/www.instagram.com\/15_milhas\/\"]},{\"@type\":\"Person\",\"@id\":\"https:\/\/15milhas.com.br\/wfe\/#\/schema\/person\/d14570b6f600db5aa4f0153025cd1e0b\",\"name\":\"Anny\",\"url\":\"https:\/\/15milhas.com.br\/wfe\/author\/anny\/\"}]}<\/script>\n<!-- \/ Yoast SEO plugin. -->","yoast_head_json":{"title":"15 Milhas abre sua primeira filial em Alecrim! - 15 Milhas","robots":{"index":"index","follow":"follow","max-snippet":"max-snippet:-1","max-image-preview":"max-image-preview:large","max-video-preview":"max-video-preview:-1"},"canonical":"https:\/\/15milhas.com.br\/wfe\/15-milhas-abre-sua-primeira-filial-em-alecrim-\ud83c\udfc3\u2640\ufe0f\ud83c\udfc3\u2642\ufe0f\/","og_locale":"pt_BR","og_type":"article","og_title":"15 Milhas abre sua primeira filial em Alecrim! - 15 Milhas","og_description":"Ap\u00f3s 9 anos de muito trabalho, conquistas e reconhecimento, a Equipe 15 Milhas d\u00e1 mais um passo importante em sua trajet\u00f3ria: a abertura da sua primeira filial na cidade de Alecrim.","og_url":"https:\/\/15milhas.com.br\/wfe\/15-milhas-abre-sua-primeira-filial-em-alecrim-\ud83c\udfc3\u2640\ufe0f\ud83c\udfc3\u2642\ufe0f\/","og_site_name":"15 Milhas","article_publisher":"https:\/\/www.facebook.com\/15MilhasdeCorredoresdeRuadeSantaRosa","article_published_time":"2025-08-24T13:40:54+00:00","article_modified_time":"2025-10-23T13:33:12+00:00","og_image":[{"width":1080,"height":1080,"url":"https:\/\/15milhas.com.br\/wfe\/wp-content\/uploads\/2025\/08\/15-Milhas-abre-sua-primeira-filial-em-Alecrim.png","type":"image\/png"}],"author":"Anny","twitter_card":"summary_large_image","twitter_misc":{"Escrito por":"Anny"},"schema":{"@context":"https:\/\/schema.org","@graph":[{"@type":"Article","@id":"https:\/\/15milhas.com.br\/wfe\/15-milhas-abre-sua-primeira-filial-em-alecrim-%f0%9f%8f%83%e2%99%80%ef%b8%8f%f0%9f%8f%83%e2%99%82%ef%b8%8f\/#article","isPartOf":{"@id":"https:\/\/15milhas.com.br\/wfe\/15-milhas-abre-sua-primeira-filial-em-alecrim-%f0%9f%8f%83%e2%99%80%ef%b8%8f%f0%9f%8f%83%e2%99%82%ef%b8%8f\/"},"author":{"name":"Anny","@id":"https:\/\/15milhas.com.br\/wfe\/#\/schema\/person\/d14570b6f600db5aa4f0153025cd1e0b"},"headline":"15 Milhas abre sua primeira filial em Alecrim!","datePublished":"2025-08-24T13:40:54+00:00","dateModified":"2025-10-23T13:33:12+00:00","mainEntityOfPage":{"@id":"https:\/\/15milhas.com.br\/wfe\/15-milhas-abre-sua-primeira-filial-em-alecrim-%f0%9f%8f%83%e2%99%80%ef%b8%8f%f0%9f%8f%83%e2%99%82%ef%b8%8f\/"},"wordCount":38,"publisher":{"@id":"https:\/\/15milhas.com.br\/wfe\/#organization"},"image":{"@id":"https:\/\/15milhas.com.br\/wfe\/15-milhas-abre-sua-primeira-filial-em-alecrim-%f0%9f%8f%83%e2%99%80%ef%b8%8f%f0%9f%8f%83%e2%99%82%ef%b8%8f\/#primaryimage"},"thumbnailUrl":"https:\/\/15milhas.com.br\/wfe\/wp-content\/uploads\/2025\/08\/15-Milhas-abre-sua-primeira-filial-em-Alecrim.png","keywords":["15 milhas","amigosquecorrem","corrida","rua"],"articleSection":["Noticias","Padr\u00e3o"],"inLanguage":"pt-BR"},{"@type":"WebPage","@id":"https:\/\/15milhas.com.br\/wfe\/15-milhas-abre-sua-primeira-filial-em-alecrim-%f0%9f%8f%83%e2%99%80%ef%b8%8f%f0%9f%8f%83%e2%99%82%ef%b8%8f\/","url":"https:\/\/15milhas.com.br\/wfe\/15-milhas-abre-sua-primeira-filial-em-alecrim-%f0%9f%8f%83%e2%99%80%ef%b8%8f%f0%9f%8f%83%e2%99%82%ef%b8%8f\/","name":"15 Milhas abre sua primeira filial em Alecrim! - 15 Milhas","isPartOf":{"@id":"https:\/\/15milhas.com.br\/wfe\/#website"},"primaryImageOfPage":{"@id":"https:\/\/15milhas.com.br\/wfe\/15-milhas-abre-sua-primeira-filial-em-alecrim-%f0%9f%8f%83%e2%99%80%ef%b8%8f%f0%9f%8f%83%e2%99%82%ef%b8%8f\/#primaryimage"},"image":{"@id":"https:\/\/15milhas.com.br\/wfe\/15-milhas-abre-sua-primeira-filial-em-alecrim-%f0%9f%8f%83%e2%99%80%ef%b8%8f%f0%9f%8f%83%e2%99%82%ef%b8%8f\/#primaryimage"},"thumbnailUrl":"https:\/\/15milhas.com.br\/wfe\/wp-content\/uploads\/2025\/08\/15-Milhas-abre-sua-primeira-filial-em-Alecrim.png","datePublished":"2025-08-24T13:40:54+00:00","dateModified":"2025-10-23T13:33:12+00:00","breadcrumb":{"@id":"https:\/\/15milhas.com.br\/wfe\/15-milhas-abre-sua-primeira-filial-em-alecrim-%f0%9f%8f%83%e2%99%80%ef%b8%8f%f0%9f%8f%83%e2%99%82%ef%b8%8f\/#breadcrumb"},"inLanguage":"pt-BR","potentialAction":[{"@type":"ReadAction","target":["https:\/\/15milhas.com.br\/wfe\/15-milhas-abre-sua-primeira-filial-em-alecrim-%f0%9f%8f%83%e2%99%80%ef%b8%8f%f0%9f%8f%83%e2%99%82%ef%b8%8f\/"]}]},{"@type":"ImageObject","inLanguage":"pt-BR","@id":"https:\/\/15milhas.com.br\/wfe\/15-milhas-abre-sua-primeira-filial-em-alecrim-%f0%9f%8f%83%e2%99%80%ef%b8%8f%f0%9f%8f%83%e2%99%82%ef%b8%8f\/#primaryimage","url":"https:\/\/15milhas.com.br\/wfe\/wp-content\/uploads\/2025\/08\/15-Milhas-abre-sua-primeira-filial-em-Alecrim.png","contentUrl":"https:\/\/15milhas.com.br\/wfe\/wp-content\/uploads\/2025\/08\/15-Milhas-abre-sua-primeira-filial-em-Alecrim.png","width":1080,"height":1080},{"@type":"BreadcrumbList","@id":"https:\/\/15milhas.com.br\/wfe\/15-milhas-abre-sua-primeira-filial-em-alecrim-%f0%9f%8f%83%e2%99%80%ef%b8%8f%f0%9f%8f%83%e2%99%82%ef%b8%8f\/#breadcrumb","itemListElement":[{"@type":"ListItem","position":1,"name":"In\u00edcio","item":"https:\/\/15milhas.com.br\/wfe\/"},{"@type":"ListItem","position":2,"name":"15 Milhas abre sua primeira filial em Alecrim!"}]},{"@type":"WebSite","@id":"https:\/\/15milhas.com.br\/wfe\/#website","url":"https:\/\/15milhas.com.br\/wfe\/","name":"15 Milhas","description":"Associa\u00e7\u00e3o de Corredores de Rua de Santa Rosa","publisher":{"@id":"https:\/\/15milhas.com.br\/wfe\/#organization"},"potentialAction":[{"@type":"SearchAction","target":{"@type":"EntryPoint","urlTemplate":"https:\/\/15milhas.com.br\/wfe\/?s={search_term_string}"},"query-input":{"@type":"PropertyValueSpecification","valueRequired":true,"valueName":"search_term_string"}}],"inLanguage":"pt-BR"},{"@type":"Organization","@id":"https:\/\/15milhas.com.br\/wfe\/#organization","name":"15 Milhas","url":"https:\/\/15milhas.com.br\/wfe\/","logo":{"@type":"ImageObject","inLanguage":"pt-BR","@id":"https:\/\/15milhas.com.br\/wfe\/#\/schema\/logo\/image\/","url":"https:\/\/15milhas.com.br\/wfe\/wp-content\/uploads\/2022\/05\/logo-2.png","contentUrl":"https:\/\/15milhas.com.br\/wfe\/wp-content\/uploads\/2022\/05\/logo-2.png","width":2236,"height":986,"caption":"15 Milhas"},"image":{"@id":"https:\/\/15milhas.com.br\/wfe\/#\/schema\/logo\/image\/"},"sameAs":["https:\/\/www.facebook.com\/15MilhasdeCorredoresdeRuadeSantaRosa","https:\/\/www.instagram.com\/15_milhas\/"]},{"@type":"Person","@id":"https:\/\/15milhas.com.br\/wfe\/#\/schema\/person\/d14570b6f600db5aa4f0153025cd1e0b","name":"Anny","url":"https:\/\/15milhas.com.br\/wfe\/author\/anny\/"}]}},"rttpg_featured_image_url":{"full":["https:\/\/15milhas.com.br\/wfe\/wp-content\/uploads\/2025\/08\/15-Milhas-abre-sua-primeira-filial-em-Alecrim.png",1080,1080,false],"landscape":["https:\/\/15milhas.com.br\/wfe\/wp-content\/uploads\/2025\/08\/15-Milhas-abre-sua-primeira-filial-em-Alecrim.png",1080,1080,false],"portraits":["https:\/\/15milhas.com.br\/wfe\/wp-content\/uploads\/2025\/08\/15-Milhas-abre-sua-primeira-filial-em-Alecrim.png",1080,1080,false],"thumbnail":["https:\/\/15milhas.com.br\/wfe\/wp-content\/uploads\/2025\/08\/15-Milhas-abre-sua-primeira-filial-em-Alecrim-150x150.png",150,150,true],"medium":["https:\/\/15milhas.com.br\/wfe\/wp-content\/uploads\/2025\/08\/15-Milhas-abre-sua-primeira-filial-em-Alecrim-300x300.png",300,300,true],"large":["https:\/\/15milhas.com.br\/wfe\/wp-content\/uploads\/2025\/08\/15-Milhas-abre-sua-primeira-filial-em-Alecrim-1024x1024.png",1024,1024,true],"1536x1536":["https:\/\/15milhas.com.br\/wfe\/wp-content\/uploads\/2025\/08\/15-Milhas-abre-sua-primeira-filial-em-Alecrim.png",1080,1080,false],"2048x2048":["https:\/\/15milhas.com.br\/wfe\/wp-content\/uploads\/2025\/08\/15-Milhas-abre-sua-primeira-filial-em-Alecrim.png",1080,1080,false]},"rttpg_author":{"display_name":"Anny","author_link":"https:\/\/15milhas.com.br\/wfe\/author\/anny\/"},"rttpg_comment":0,"rttpg_category":"<a href=\"https:\/\/15milhas.com.br\/wfe\/category\/noticias\/\" rel=\"category tag\">Noticias<\/a> <a href=\"https:\/\/15milhas.com.br\/wfe\/category\/padrao\/\" rel=\"category tag\">Padr\u00e3o<\/a>","rttpg_excerpt":"Ap\u00f3s 9 anos de muito trabalho, conquistas e reconhecimento, a Equipe 15 Milhas d\u00e1 mais um passo importante em sua trajet\u00f3ria: a abertura da sua primeira filial na cidade de Alecrim.","_links":{"self":[{"href":"https:\/\/15milhas.com.br\/wfe\/wp-json\/wp\/v2\/posts\/791","targetHints":{"allow":["GET"]}}],"collection":[{"href":"https:\/\/15milhas.com.br\/wfe\/wp-json\/wp\/v2\/posts"}],"about":[{"href":"https:\/\/15milhas.com.br\/wfe\/wp-json\/wp\/v2\/types\/post"}],"author":[{"embeddable":true,"href":"https:\/\/15milhas.com.br\/wfe\/wp-json\/wp\/v2\/users\/2"}],"replies":[{"embeddable":true,"href":"https:\/\/15milhas.com.br\/wfe\/wp-json\/wp\/v2\/comments?post=791"}],"version-history":[{"count":2,"href":"https:\/\/15milhas.com.br\/wfe\/wp-json\/wp\/v2\/posts\/791\/revisions"}],"predecessor-version":[{"id":836,"href":"https:\/\/15milhas.com.br\/wfe\/wp-json\/wp\/v2\/posts\/791\/revisions\/836"}],"wp:featuredmedia":[{"embeddable":true,"href":"https:\/\/15milhas.com.br\/wfe\/wp-json\/wp\/v2\/media\/792"}],"wp:attachment":[{"href":"https:\/\/15milhas.com.br\/wfe\/wp-json\/wp\/v2\/media?parent=791"}],"wp:term":[{"taxonomy":"category","embeddable":true,"href":"https:\/\/15milhas.com.br\/wfe\/wp-json\/wp\/v2\/categories?post=791"},{"taxonomy":"post_tag","embeddable":true,"href":"https:\/\/15milhas.com.br\/wfe\/wp-json\/wp\/v2\/tags?post=791"}],"curies":[{"name":"wp","href":"https:\/\/api.w.org\/{rel}","templated":true}]}}