{"id":800,"date":"2025-09-11T13:42:00","date_gmt":"2025-09-11T13:42:00","guid":{"rendered":"https:\/\/15milhas.com.br\/wfe\/?p=800"},"modified":"2025-10-14T13:52:05","modified_gmt":"2025-10-14T13:52:05","slug":"uma-conquista-que-fortalece-nossa-historia","status":"publish","type":"post","link":"https:\/\/15milhas.com.br\/wfe\/uma-conquista-que-fortalece-nossa-historia\/","title":{"rendered":"Uma conquista que fortalece nossa hist\u00f3ria!"},"content":{"rendered":"<div class=\"wp-block-image\">\n<figure class=\"alignleft size-large is-resized\"><img loading=\"lazy\" decoding=\"async\" width=\"1024\" height=\"1024\" src=\"http:\/\/15milhas.com.br\/wfe\/wp-content\/uploads\/2025\/10\/545488660_18125272150480215_4544431557195833555_n-1024x1024.webp\" alt=\"\" class=\"wp-image-801\" style=\"width:428px;height:auto\" srcset=\"https:\/\/15milhas.com.br\/wfe\/wp-content\/uploads\/2025\/10\/545488660_18125272150480215_4544431557195833555_n-1024x1024.webp 1024w, https:\/\/15milhas.com.br\/wfe\/wp-content\/uploads\/2025\/10\/545488660_18125272150480215_4544431557195833555_n-300x300.webp 300w, https:\/\/15milhas.com.br\/wfe\/wp-content\/uploads\/2025\/10\/545488660_18125272150480215_4544431557195833555_n-150x150.webp 150w, https:\/\/15milhas.com.br\/wfe\/wp-content\/uploads\/2025\/10\/545488660_18125272150480215_4544431557195833555_n-768x768.webp 768w, https:\/\/15milhas.com.br\/wfe\/wp-content\/uploads\/2025\/10\/545488660_18125272150480215_4544431557195833555_n.webp 1440w\" sizes=\"auto, (max-width: 1024px) 100vw, 1024px\" \/><\/figure>\n<\/div>\n\n\n<p>A inaugura\u00e7\u00e3o do Centro de Esporte e Sa\u00fade 15 Milhas foi um momento hist\u00f3rico e emocionante para todos n\u00f3s.<\/p>\n\n\n\n<p>Agradecemos a presen\u00e7a dos membros da nossa equipe, que s\u00e3o pe\u00e7as fundamentais nesta caminhada, sempre com dedica\u00e7\u00e3o e esp\u00edrito coletivo.<\/p>\n\n\n\n<!--more-->\n\n\n\n<p>Nossa gratid\u00e3o tamb\u00e9m ao Prefeito&nbsp;<a href=\"https:\/\/www.instagram.com\/mantei.anderson\/\">@mantei.anderson<\/a>&nbsp;, aos vereadores&nbsp;<a href=\"https:\/\/www.instagram.com\/rafaelrufino\/\">@rafaelrufino<\/a>,&nbsp;<a href=\"https:\/\/www.instagram.com\/jairalmeidavereador\/\">@jairalmeidavereador<\/a>&nbsp;e&nbsp;<a href=\"https:\/\/www.instagram.com\/nasi.carlos\/\">@nasi.carlos<\/a>&nbsp;ao secret\u00e1rio de Esportes&nbsp;<a href=\"https:\/\/www.instagram.com\/treinador_braz\/\">@treinador_braz<\/a>&nbsp;aos representantes da&nbsp;<a href=\"https:\/\/www.instagram.com\/brphonia\/\">@brphonia<\/a>&nbsp;, grandes parceiros que acreditam em nosso trabalho, al\u00e9m de familiares e amigos que estiveram conosco compartilhando essa conquista.<\/p>\n\n\n\n<p>Este centro \u00e9 fruto da uni\u00e3o de esfor\u00e7os, da paix\u00e3o pelo esporte e do desejo de transformar vidas. Nosso agradecimento a uma das pessoas mais importantes para que este sonho se tornasse realidade, nosso querido amigo&nbsp;<a href=\"https:\/\/www.instagram.com\/depmauriciors\/\">@depmauriciors<\/a>&nbsp;<br>Seguimos firmes, com o cora\u00e7\u00e3o cheio de orgulho e gratid\u00e3o, fortalecendo ainda mais a miss\u00e3o da Equipe 15 Milhas.<\/p>\n","protected":false},"excerpt":{"rendered":"<p>A inaugura\u00e7\u00e3o do Centro de Esporte e Sa\u00fade 15 Milhas foi um momento hist\u00f3rico e emocionante para todos n\u00f3s. Agradecemos a presen\u00e7a dos membros da nossa equipe, que s\u00e3o pe\u00e7as fundamentais nesta caminhada, sempre com dedica\u00e7\u00e3o e esp\u00edrito coletivo.<\/p>\n","protected":false},"author":3,"featured_media":801,"comment_status":"closed","ping_status":"open","sticky":false,"template":"","format":"standard","meta":{"footnotes":""},"categories":[50],"tags":[],"class_list":["post-800","post","type-post","status-publish","format-standard","has-post-thumbnail","hentry","category-noticias"],"yoast_head":"<!-- This site is optimized with the Yoast SEO plugin v26.2 - https:\/\/yoast.com\/wordpress\/plugins\/seo\/ -->\n<title>Uma conquista que fortalece nossa hist\u00f3ria! - 15 Milhas<\/title>\n<meta name=\"robots\" content=\"index, follow, max-snippet:-1, max-image-preview:large, max-video-preview:-1\" \/>\n<link rel=\"canonical\" href=\"https:\/\/15milhas.com.br\/wfe\/uma-conquista-que-fortalece-nossa-historia\/\" \/>\n<meta property=\"og:locale\" content=\"pt_BR\" \/>\n<meta property=\"og:type\" content=\"article\" \/>\n<meta property=\"og:title\" content=\"Uma conquista que fortalece nossa hist\u00f3ria! - 15 Milhas\" \/>\n<meta property=\"og:description\" content=\"A inaugura\u00e7\u00e3o do Centro de Esporte e Sa\u00fade 15 Milhas foi um momento hist\u00f3rico e emocionante para todos n\u00f3s. Agradecemos a presen\u00e7a dos membros da nossa equipe, que s\u00e3o pe\u00e7as fundamentais nesta caminhada, sempre com dedica\u00e7\u00e3o e esp\u00edrito coletivo.\" \/>\n<meta property=\"og:url\" content=\"https:\/\/15milhas.com.br\/wfe\/uma-conquista-que-fortalece-nossa-historia\/\" \/>\n<meta property=\"og:site_name\" content=\"15 Milhas\" \/>\n<meta property=\"article:publisher\" content=\"https:\/\/www.facebook.com\/15MilhasdeCorredoresdeRuadeSantaRosa\" \/>\n<meta property=\"article:published_time\" content=\"2025-09-11T13:42:00+00:00\" \/>\n<meta property=\"article:modified_time\" content=\"2025-10-14T13:52:05+00:00\" \/>\n<meta property=\"og:image\" content=\"https:\/\/15milhas.com.br\/wfe\/wp-content\/uploads\/2025\/10\/545488660_18125272150480215_4544431557195833555_n.webp\" \/>\n\t<meta property=\"og:image:width\" content=\"1440\" \/>\n\t<meta property=\"og:image:height\" content=\"1440\" \/>\n\t<meta property=\"og:image:type\" content=\"image\/webp\" \/>\n<meta name=\"author\" content=\"Assessoria de Comunica\u00e7\u00e3o - 15 Milhas\" \/>\n<meta name=\"twitter:card\" content=\"summary_large_image\" \/>\n<meta name=\"twitter:label1\" content=\"Escrito por\" \/>\n\t<meta name=\"twitter:data1\" content=\"Assessoria de Comunica\u00e7\u00e3o - 15 Milhas\" \/>\n\t<meta name=\"twitter:label2\" content=\"Est. tempo de leitura\" \/>\n\t<meta name=\"twitter:data2\" content=\"1 minuto\" \/>\n<script type=\"application\/ld+json\" class=\"yoast-schema-graph\">{\"@context\":\"https:\/\/schema.org\",\"@graph\":[{\"@type\":\"Article\",\"@id\":\"https:\/\/15milhas.com.br\/wfe\/uma-conquista-que-fortalece-nossa-historia\/#article\",\"isPartOf\":{\"@id\":\"https:\/\/15milhas.com.br\/wfe\/uma-conquista-que-fortalece-nossa-historia\/\"},\"author\":{\"name\":\"Assessoria de Comunica\u00e7\u00e3o - 15 Milhas\",\"@id\":\"https:\/\/15milhas.com.br\/wfe\/#\/schema\/person\/bd61dde135687ca5fc7183d3fbf0a6d6\"},\"headline\":\"Uma conquista que fortalece nossa hist\u00f3ria!\",\"datePublished\":\"2025-09-11T13:42:00+00:00\",\"dateModified\":\"2025-10-14T13:52:05+00:00\",\"mainEntityOfPage\":{\"@id\":\"https:\/\/15milhas.com.br\/wfe\/uma-conquista-que-fortalece-nossa-historia\/\"},\"wordCount\":173,\"publisher\":{\"@id\":\"https:\/\/15milhas.com.br\/wfe\/#organization\"},\"image\":{\"@id\":\"https:\/\/15milhas.com.br\/wfe\/uma-conquista-que-fortalece-nossa-historia\/#primaryimage\"},\"thumbnailUrl\":\"https:\/\/15milhas.com.br\/wfe\/wp-content\/uploads\/2025\/10\/545488660_18125272150480215_4544431557195833555_n.webp\",\"articleSection\":[\"Noticias\"],\"inLanguage\":\"pt-BR\"},{\"@type\":\"WebPage\",\"@id\":\"https:\/\/15milhas.com.br\/wfe\/uma-conquista-que-fortalece-nossa-historia\/\",\"url\":\"https:\/\/15milhas.com.br\/wfe\/uma-conquista-que-fortalece-nossa-historia\/\",\"name\":\"Uma conquista que fortalece nossa hist\u00f3ria! - 15 Milhas\",\"isPartOf\":{\"@id\":\"https:\/\/15milhas.com.br\/wfe\/#website\"},\"primaryImageOfPage\":{\"@id\":\"https:\/\/15milhas.com.br\/wfe\/uma-conquista-que-fortalece-nossa-historia\/#primaryimage\"},\"image\":{\"@id\":\"https:\/\/15milhas.com.br\/wfe\/uma-conquista-que-fortalece-nossa-historia\/#primaryimage\"},\"thumbnailUrl\":\"https:\/\/15milhas.com.br\/wfe\/wp-content\/uploads\/2025\/10\/545488660_18125272150480215_4544431557195833555_n.webp\",\"datePublished\":\"2025-09-11T13:42:00+00:00\",\"dateModified\":\"2025-10-14T13:52:05+00:00\",\"breadcrumb\":{\"@id\":\"https:\/\/15milhas.com.br\/wfe\/uma-conquista-que-fortalece-nossa-historia\/#breadcrumb\"},\"inLanguage\":\"pt-BR\",\"potentialAction\":[{\"@type\":\"ReadAction\",\"target\":[\"https:\/\/15milhas.com.br\/wfe\/uma-conquista-que-fortalece-nossa-historia\/\"]}]},{\"@type\":\"ImageObject\",\"inLanguage\":\"pt-BR\",\"@id\":\"https:\/\/15milhas.com.br\/wfe\/uma-conquista-que-fortalece-nossa-historia\/#primaryimage\",\"url\":\"https:\/\/15milhas.com.br\/wfe\/wp-content\/uploads\/2025\/10\/545488660_18125272150480215_4544431557195833555_n.webp\",\"contentUrl\":\"https:\/\/15milhas.com.br\/wfe\/wp-content\/uploads\/2025\/10\/545488660_18125272150480215_4544431557195833555_n.webp\",\"width\":1440,\"height\":1440},{\"@type\":\"BreadcrumbList\",\"@id\":\"https:\/\/15milhas.com.br\/wfe\/uma-conquista-que-fortalece-nossa-historia\/#breadcrumb\",\"itemListElement\":[{\"@type\":\"ListItem\",\"position\":1,\"name\":\"In\u00edcio\",\"item\":\"https:\/\/15milhas.com.br\/wfe\/\"},{\"@type\":\"ListItem\",\"position\":2,\"name\":\"Uma conquista que fortalece nossa hist\u00f3ria!\"}]},{\"@type\":\"WebSite\",\"@id\":\"https:\/\/15milhas.com.br\/wfe\/#website\",\"url\":\"https:\/\/15milhas.com.br\/wfe\/\",\"name\":\"15 Milhas\",\"description\":\"Associa\u00e7\u00e3o de Corredores de Rua de Santa Rosa\",\"publisher\":{\"@id\":\"https:\/\/15milhas.com.br\/wfe\/#organization\"},\"potentialAction\":[{\"@type\":\"SearchAction\",\"target\":{\"@type\":\"EntryPoint\",\"urlTemplate\":\"https:\/\/15milhas.com.br\/wfe\/?s={search_term_string}\"},\"query-input\":{\"@type\":\"PropertyValueSpecification\",\"valueRequired\":true,\"valueName\":\"search_term_string\"}}],\"inLanguage\":\"pt-BR\"},{\"@type\":\"Organization\",\"@id\":\"https:\/\/15milhas.com.br\/wfe\/#organization\",\"name\":\"15 Milhas\",\"url\":\"https:\/\/15milhas.com.br\/wfe\/\",\"logo\":{\"@type\":\"ImageObject\",\"inLanguage\":\"pt-BR\",\"@id\":\"https:\/\/15milhas.com.br\/wfe\/#\/schema\/logo\/image\/\",\"url\":\"https:\/\/15milhas.com.br\/wfe\/wp-content\/uploads\/2022\/05\/logo-2.png\",\"contentUrl\":\"https:\/\/15milhas.com.br\/wfe\/wp-content\/uploads\/2022\/05\/logo-2.png\",\"width\":2236,\"height\":986,\"caption\":\"15 Milhas\"},\"image\":{\"@id\":\"https:\/\/15milhas.com.br\/wfe\/#\/schema\/logo\/image\/\"},\"sameAs\":[\"https:\/\/www.facebook.com\/15MilhasdeCorredoresdeRuadeSantaRosa\",\"https:\/\/www.instagram.com\/15_milhas\/\"]},{\"@type\":\"Person\",\"@id\":\"https:\/\/15milhas.com.br\/wfe\/#\/schema\/person\/bd61dde135687ca5fc7183d3fbf0a6d6\",\"name\":\"Assessoria de Comunica\u00e7\u00e3o - 15 Milhas\",\"url\":\"https:\/\/15milhas.com.br\/wfe\/author\/digitalhelp\/\"}]}<\/script>\n<!-- \/ Yoast SEO plugin. -->","yoast_head_json":{"title":"Uma conquista que fortalece nossa hist\u00f3ria! - 15 Milhas","robots":{"index":"index","follow":"follow","max-snippet":"max-snippet:-1","max-image-preview":"max-image-preview:large","max-video-preview":"max-video-preview:-1"},"canonical":"https:\/\/15milhas.com.br\/wfe\/uma-conquista-que-fortalece-nossa-historia\/","og_locale":"pt_BR","og_type":"article","og_title":"Uma conquista que fortalece nossa hist\u00f3ria! - 15 Milhas","og_description":"A inaugura\u00e7\u00e3o do Centro de Esporte e Sa\u00fade 15 Milhas foi um momento hist\u00f3rico e emocionante para todos n\u00f3s. Agradecemos a presen\u00e7a dos membros da nossa equipe, que s\u00e3o pe\u00e7as fundamentais nesta caminhada, sempre com dedica\u00e7\u00e3o e esp\u00edrito coletivo.","og_url":"https:\/\/15milhas.com.br\/wfe\/uma-conquista-que-fortalece-nossa-historia\/","og_site_name":"15 Milhas","article_publisher":"https:\/\/www.facebook.com\/15MilhasdeCorredoresdeRuadeSantaRosa","article_published_time":"2025-09-11T13:42:00+00:00","article_modified_time":"2025-10-14T13:52:05+00:00","og_image":[{"width":1440,"height":1440,"url":"https:\/\/15milhas.com.br\/wfe\/wp-content\/uploads\/2025\/10\/545488660_18125272150480215_4544431557195833555_n.webp","type":"image\/webp"}],"author":"Assessoria de Comunica\u00e7\u00e3o - 15 Milhas","twitter_card":"summary_large_image","twitter_misc":{"Escrito por":"Assessoria de Comunica\u00e7\u00e3o - 15 Milhas","Est. tempo de leitura":"1 minuto"},"schema":{"@context":"https:\/\/schema.org","@graph":[{"@type":"Article","@id":"https:\/\/15milhas.com.br\/wfe\/uma-conquista-que-fortalece-nossa-historia\/#article","isPartOf":{"@id":"https:\/\/15milhas.com.br\/wfe\/uma-conquista-que-fortalece-nossa-historia\/"},"author":{"name":"Assessoria de Comunica\u00e7\u00e3o - 15 Milhas","@id":"https:\/\/15milhas.com.br\/wfe\/#\/schema\/person\/bd61dde135687ca5fc7183d3fbf0a6d6"},"headline":"Uma conquista que fortalece nossa hist\u00f3ria!","datePublished":"2025-09-11T13:42:00+00:00","dateModified":"2025-10-14T13:52:05+00:00","mainEntityOfPage":{"@id":"https:\/\/15milhas.com.br\/wfe\/uma-conquista-que-fortalece-nossa-historia\/"},"wordCount":173,"publisher":{"@id":"https:\/\/15milhas.com.br\/wfe\/#organization"},"image":{"@id":"https:\/\/15milhas.com.br\/wfe\/uma-conquista-que-fortalece-nossa-historia\/#primaryimage"},"thumbnailUrl":"https:\/\/15milhas.com.br\/wfe\/wp-content\/uploads\/2025\/10\/545488660_18125272150480215_4544431557195833555_n.webp","articleSection":["Noticias"],"inLanguage":"pt-BR"},{"@type":"WebPage","@id":"https:\/\/15milhas.com.br\/wfe\/uma-conquista-que-fortalece-nossa-historia\/","url":"https:\/\/15milhas.com.br\/wfe\/uma-conquista-que-fortalece-nossa-historia\/","name":"Uma conquista que fortalece nossa hist\u00f3ria! - 15 Milhas","isPartOf":{"@id":"https:\/\/15milhas.com.br\/wfe\/#website"},"primaryImageOfPage":{"@id":"https:\/\/15milhas.com.br\/wfe\/uma-conquista-que-fortalece-nossa-historia\/#primaryimage"},"image":{"@id":"https:\/\/15milhas.com.br\/wfe\/uma-conquista-que-fortalece-nossa-historia\/#primaryimage"},"thumbnailUrl":"https:\/\/15milhas.com.br\/wfe\/wp-content\/uploads\/2025\/10\/545488660_18125272150480215_4544431557195833555_n.webp","datePublished":"2025-09-11T13:42:00+00:00","dateModified":"2025-10-14T13:52:05+00:00","breadcrumb":{"@id":"https:\/\/15milhas.com.br\/wfe\/uma-conquista-que-fortalece-nossa-historia\/#breadcrumb"},"inLanguage":"pt-BR","potentialAction":[{"@type":"ReadAction","target":["https:\/\/15milhas.com.br\/wfe\/uma-conquista-que-fortalece-nossa-historia\/"]}]},{"@type":"ImageObject","inLanguage":"pt-BR","@id":"https:\/\/15milhas.com.br\/wfe\/uma-conquista-que-fortalece-nossa-historia\/#primaryimage","url":"https:\/\/15milhas.com.br\/wfe\/wp-content\/uploads\/2025\/10\/545488660_18125272150480215_4544431557195833555_n.webp","contentUrl":"https:\/\/15milhas.com.br\/wfe\/wp-content\/uploads\/2025\/10\/545488660_18125272150480215_4544431557195833555_n.webp","width":1440,"height":1440},{"@type":"BreadcrumbList","@id":"https:\/\/15milhas.com.br\/wfe\/uma-conquista-que-fortalece-nossa-historia\/#breadcrumb","itemListElement":[{"@type":"ListItem","position":1,"name":"In\u00edcio","item":"https:\/\/15milhas.com.br\/wfe\/"},{"@type":"ListItem","position":2,"name":"Uma conquista que fortalece nossa hist\u00f3ria!"}]},{"@type":"WebSite","@id":"https:\/\/15milhas.com.br\/wfe\/#website","url":"https:\/\/15milhas.com.br\/wfe\/","name":"15 Milhas","description":"Associa\u00e7\u00e3o de Corredores de Rua de Santa Rosa","publisher":{"@id":"https:\/\/15milhas.com.br\/wfe\/#organization"},"potentialAction":[{"@type":"SearchAction","target":{"@type":"EntryPoint","urlTemplate":"https:\/\/15milhas.com.br\/wfe\/?s={search_term_string}"},"query-input":{"@type":"PropertyValueSpecification","valueRequired":true,"valueName":"search_term_string"}}],"inLanguage":"pt-BR"},{"@type":"Organization","@id":"https:\/\/15milhas.com.br\/wfe\/#organization","name":"15 Milhas","url":"https:\/\/15milhas.com.br\/wfe\/","logo":{"@type":"ImageObject","inLanguage":"pt-BR","@id":"https:\/\/15milhas.com.br\/wfe\/#\/schema\/logo\/image\/","url":"https:\/\/15milhas.com.br\/wfe\/wp-content\/uploads\/2022\/05\/logo-2.png","contentUrl":"https:\/\/15milhas.com.br\/wfe\/wp-content\/uploads\/2022\/05\/logo-2.png","width":2236,"height":986,"caption":"15 Milhas"},"image":{"@id":"https:\/\/15milhas.com.br\/wfe\/#\/schema\/logo\/image\/"},"sameAs":["https:\/\/www.facebook.com\/15MilhasdeCorredoresdeRuadeSantaRosa","https:\/\/www.instagram.com\/15_milhas\/"]},{"@type":"Person","@id":"https:\/\/15milhas.com.br\/wfe\/#\/schema\/person\/bd61dde135687ca5fc7183d3fbf0a6d6","name":"Assessoria de Comunica\u00e7\u00e3o - 15 Milhas","url":"https:\/\/15milhas.com.br\/wfe\/author\/digitalhelp\/"}]}},"rttpg_featured_image_url":{"full":["https:\/\/15milhas.com.br\/wfe\/wp-content\/uploads\/2025\/10\/545488660_18125272150480215_4544431557195833555_n.webp",1440,1440,false],"landscape":["https:\/\/15milhas.com.br\/wfe\/wp-content\/uploads\/2025\/10\/545488660_18125272150480215_4544431557195833555_n.webp",1440,1440,false],"portraits":["https:\/\/15milhas.com.br\/wfe\/wp-content\/uploads\/2025\/10\/545488660_18125272150480215_4544431557195833555_n.webp",1440,1440,false],"thumbnail":["https:\/\/15milhas.com.br\/wfe\/wp-content\/uploads\/2025\/10\/545488660_18125272150480215_4544431557195833555_n-150x150.webp",150,150,true],"medium":["https:\/\/15milhas.com.br\/wfe\/wp-content\/uploads\/2025\/10\/545488660_18125272150480215_4544431557195833555_n-300x300.webp",300,300,true],"large":["https:\/\/15milhas.com.br\/wfe\/wp-content\/uploads\/2025\/10\/545488660_18125272150480215_4544431557195833555_n-1024x1024.webp",1024,1024,true],"1536x1536":["https:\/\/15milhas.com.br\/wfe\/wp-content\/uploads\/2025\/10\/545488660_18125272150480215_4544431557195833555_n.webp",1440,1440,false],"2048x2048":["https:\/\/15milhas.com.br\/wfe\/wp-content\/uploads\/2025\/10\/545488660_18125272150480215_4544431557195833555_n.webp",1440,1440,false]},"rttpg_author":{"display_name":"Assessoria de Comunica\u00e7\u00e3o - 15 Milhas","author_link":"https:\/\/15milhas.com.br\/wfe\/author\/digitalhelp\/"},"rttpg_comment":0,"rttpg_category":"<a href=\"https:\/\/15milhas.com.br\/wfe\/category\/noticias\/\" rel=\"category tag\">Noticias<\/a>","rttpg_excerpt":"A inaugura\u00e7\u00e3o do Centro de Esporte e Sa\u00fade 15 Milhas foi um momento hist\u00f3rico e emocionante para todos n\u00f3s. Agradecemos a presen\u00e7a dos membros da nossa equipe, que s\u00e3o pe\u00e7as fundamentais nesta caminhada, sempre com dedica\u00e7\u00e3o e esp\u00edrito coletivo.","_links":{"self":[{"href":"https:\/\/15milhas.com.br\/wfe\/wp-json\/wp\/v2\/posts\/800","targetHints":{"allow":["GET"]}}],"collection":[{"href":"https:\/\/15milhas.com.br\/wfe\/wp-json\/wp\/v2\/posts"}],"about":[{"href":"https:\/\/15milhas.com.br\/wfe\/wp-json\/wp\/v2\/types\/post"}],"author":[{"embeddable":true,"href":"https:\/\/15milhas.com.br\/wfe\/wp-json\/wp\/v2\/users\/3"}],"replies":[{"embeddable":true,"href":"https:\/\/15milhas.com.br\/wfe\/wp-json\/wp\/v2\/comments?post=800"}],"version-history":[{"count":3,"href":"https:\/\/15milhas.com.br\/wfe\/wp-json\/wp\/v2\/posts\/800\/revisions"}],"predecessor-version":[{"id":809,"href":"https:\/\/15milhas.com.br\/wfe\/wp-json\/wp\/v2\/posts\/800\/revisions\/809"}],"wp:featuredmedia":[{"embeddable":true,"href":"https:\/\/15milhas.com.br\/wfe\/wp-json\/wp\/v2\/media\/801"}],"wp:attachment":[{"href":"https:\/\/15milhas.com.br\/wfe\/wp-json\/wp\/v2\/media?parent=800"}],"wp:term":[{"taxonomy":"category","embeddable":true,"href":"https:\/\/15milhas.com.br\/wfe\/wp-json\/wp\/v2\/categories?post=800"},{"taxonomy":"post_tag","embeddable":true,"href":"https:\/\/15milhas.com.br\/wfe\/wp-json\/wp\/v2\/tags?post=800"}],"curies":[{"name":"wp","href":"https:\/\/api.w.org\/{rel}","templated":true}]}}