{"id":813,"date":"2025-09-29T11:21:00","date_gmt":"2025-09-29T11:21:00","guid":{"rendered":"https:\/\/15milhas.com.br\/wfe\/?p=813"},"modified":"2025-10-23T13:37:57","modified_gmt":"2025-10-23T13:37:57","slug":"equipe-15-milhas-conquista-podios-na-rustica-25-anos-do-maratona-clube-em-santa-rosa","status":"publish","type":"post","link":"https:\/\/15milhas.com.br\/wfe\/equipe-15-milhas-conquista-podios-na-rustica-25-anos-do-maratona-clube-em-santa-rosa\/","title":{"rendered":"Equipe 15 Milhas conquista p\u00f3dios na R\u00fastica 25 Anos do Maratona Clube em Santa Rosa"},"content":{"rendered":"<div class=\"wp-block-image\">\n<figure class=\"alignleft size-large is-resized\"><img loading=\"lazy\" decoding=\"async\" width=\"1024\" height=\"1024\" src=\"https:\/\/15milhas.com.br\/wfe\/wp-content\/uploads\/2025\/10\/556653300_18127690906480215_7632145285164788211_n-1024x1024.webp\" alt=\"\" class=\"wp-image-814\" style=\"width:301px;height:auto\" srcset=\"https:\/\/15milhas.com.br\/wfe\/wp-content\/uploads\/2025\/10\/556653300_18127690906480215_7632145285164788211_n-1024x1024.webp 1024w, https:\/\/15milhas.com.br\/wfe\/wp-content\/uploads\/2025\/10\/556653300_18127690906480215_7632145285164788211_n-300x300.webp 300w, https:\/\/15milhas.com.br\/wfe\/wp-content\/uploads\/2025\/10\/556653300_18127690906480215_7632145285164788211_n-150x150.webp 150w, https:\/\/15milhas.com.br\/wfe\/wp-content\/uploads\/2025\/10\/556653300_18127690906480215_7632145285164788211_n-768x768.webp 768w, https:\/\/15milhas.com.br\/wfe\/wp-content\/uploads\/2025\/10\/556653300_18127690906480215_7632145285164788211_n.webp 1440w\" sizes=\"auto, (max-width: 1024px) 100vw, 1024px\" \/><\/figure>\n<\/div>\n\n\n<p>Parab\u00e9ns \u00e0 nossa <strong>Equipe 15 Milhas<\/strong> pela linda participa\u00e7\u00e3o na <strong>R\u00fastica 25 Anos do Maratona Clube<\/strong>, em Santa Rosa!<br>Destaque especial para <strong>Joel e Eduarda<\/strong>, campe\u00f5es nos <strong>8 km<\/strong>, e <strong>Laine<\/strong>, campe\u00e3 nos <strong>2 km<\/strong>.<br>Nossa admira\u00e7\u00e3o tamb\u00e9m vai para <strong>Larissa, Cl\u00e1udia, Andreia e Alexandre<\/strong>, que mostraram garra e representaram com dedica\u00e7\u00e3o.<\/p>\n\n\n\n<p>Orgulho que nos motiva a seguir juntos, <strong>superando limites e celebrando conquistas!<\/strong><\/p>\n\n\n\n<p>#Equipe15Milhas #CorridaDeRua #Rustica #SantaRosa #MaratonaClube25Anos #OrgulhoQueCorre <\/p>\n","protected":false},"excerpt":{"rendered":"<p>Parab\u00e9ns \u00e0 nossa Equipe 15 Milhas pela linda participa\u00e7\u00e3o na R\u00fastica 25 Anos do Maratona Clube, em Santa Rosa!Destaque especial para Joel e Eduarda, campe\u00f5es nos 8 km, e Laine, campe\u00e3 nos 2 km.Nossa admira\u00e7\u00e3o tamb\u00e9m vai para Larissa, Cl\u00e1udia, Andreia e Alexandre, que mostraram garra e representaram com dedica\u00e7\u00e3o. Orgulho que nos motiva a [&hellip;]<\/p>\n","protected":false},"author":3,"featured_media":814,"comment_status":"closed","ping_status":"open","sticky":false,"template":"","format":"standard","meta":{"footnotes":""},"categories":[50],"tags":[],"class_list":["post-813","post","type-post","status-publish","format-standard","has-post-thumbnail","hentry","category-noticias"],"yoast_head":"<!-- This site is optimized with the Yoast SEO plugin v26.2 - https:\/\/yoast.com\/wordpress\/plugins\/seo\/ -->\n<title>Equipe 15 Milhas conquista p\u00f3dios na R\u00fastica 25 Anos do Maratona Clube em Santa Rosa - 15 Milhas<\/title>\n<meta name=\"robots\" content=\"index, follow, max-snippet:-1, max-image-preview:large, max-video-preview:-1\" \/>\n<link rel=\"canonical\" href=\"https:\/\/15milhas.com.br\/wfe\/equipe-15-milhas-conquista-podios-na-rustica-25-anos-do-maratona-clube-em-santa-rosa\/\" \/>\n<meta property=\"og:locale\" content=\"pt_BR\" \/>\n<meta property=\"og:type\" content=\"article\" \/>\n<meta property=\"og:title\" content=\"Equipe 15 Milhas conquista p\u00f3dios na R\u00fastica 25 Anos do Maratona Clube em Santa Rosa - 15 Milhas\" \/>\n<meta property=\"og:description\" content=\"Parab\u00e9ns \u00e0 nossa Equipe 15 Milhas pela linda participa\u00e7\u00e3o na R\u00fastica 25 Anos do Maratona Clube, em Santa Rosa!Destaque especial para Joel e Eduarda, campe\u00f5es nos 8 km, e Laine, campe\u00e3 nos 2 km.Nossa admira\u00e7\u00e3o tamb\u00e9m vai para Larissa, Cl\u00e1udia, Andreia e Alexandre, que mostraram garra e representaram com dedica\u00e7\u00e3o. Orgulho que nos motiva a [&hellip;]\" \/>\n<meta property=\"og:url\" content=\"https:\/\/15milhas.com.br\/wfe\/equipe-15-milhas-conquista-podios-na-rustica-25-anos-do-maratona-clube-em-santa-rosa\/\" \/>\n<meta property=\"og:site_name\" content=\"15 Milhas\" \/>\n<meta property=\"article:publisher\" content=\"https:\/\/www.facebook.com\/15MilhasdeCorredoresdeRuadeSantaRosa\" \/>\n<meta property=\"article:published_time\" content=\"2025-09-29T11:21:00+00:00\" \/>\n<meta property=\"article:modified_time\" content=\"2025-10-23T13:37:57+00:00\" \/>\n<meta property=\"og:image\" content=\"https:\/\/15milhas.com.br\/wfe\/wp-content\/uploads\/2025\/10\/556653300_18127690906480215_7632145285164788211_n.webp\" \/>\n\t<meta property=\"og:image:width\" content=\"1440\" \/>\n\t<meta property=\"og:image:height\" content=\"1440\" \/>\n\t<meta property=\"og:image:type\" content=\"image\/webp\" \/>\n<meta name=\"author\" content=\"Assessoria de Comunica\u00e7\u00e3o - 15 Milhas\" \/>\n<meta name=\"twitter:card\" content=\"summary_large_image\" \/>\n<meta name=\"twitter:label1\" content=\"Escrito por\" \/>\n\t<meta name=\"twitter:data1\" content=\"Assessoria de Comunica\u00e7\u00e3o - 15 Milhas\" \/>\n<script type=\"application\/ld+json\" class=\"yoast-schema-graph\">{\"@context\":\"https:\/\/schema.org\",\"@graph\":[{\"@type\":\"Article\",\"@id\":\"https:\/\/15milhas.com.br\/wfe\/equipe-15-milhas-conquista-podios-na-rustica-25-anos-do-maratona-clube-em-santa-rosa\/#article\",\"isPartOf\":{\"@id\":\"https:\/\/15milhas.com.br\/wfe\/equipe-15-milhas-conquista-podios-na-rustica-25-anos-do-maratona-clube-em-santa-rosa\/\"},\"author\":{\"name\":\"Assessoria de Comunica\u00e7\u00e3o - 15 Milhas\",\"@id\":\"https:\/\/15milhas.com.br\/wfe\/#\/schema\/person\/bd61dde135687ca5fc7183d3fbf0a6d6\"},\"headline\":\"Equipe 15 Milhas conquista p\u00f3dios na R\u00fastica 25 Anos do Maratona Clube em Santa Rosa\",\"datePublished\":\"2025-09-29T11:21:00+00:00\",\"dateModified\":\"2025-10-23T13:37:57+00:00\",\"mainEntityOfPage\":{\"@id\":\"https:\/\/15milhas.com.br\/wfe\/equipe-15-milhas-conquista-podios-na-rustica-25-anos-do-maratona-clube-em-santa-rosa\/\"},\"wordCount\":90,\"publisher\":{\"@id\":\"https:\/\/15milhas.com.br\/wfe\/#organization\"},\"image\":{\"@id\":\"https:\/\/15milhas.com.br\/wfe\/equipe-15-milhas-conquista-podios-na-rustica-25-anos-do-maratona-clube-em-santa-rosa\/#primaryimage\"},\"thumbnailUrl\":\"https:\/\/15milhas.com.br\/wfe\/wp-content\/uploads\/2025\/10\/556653300_18127690906480215_7632145285164788211_n.webp\",\"articleSection\":[\"Noticias\"],\"inLanguage\":\"pt-BR\"},{\"@type\":\"WebPage\",\"@id\":\"https:\/\/15milhas.com.br\/wfe\/equipe-15-milhas-conquista-podios-na-rustica-25-anos-do-maratona-clube-em-santa-rosa\/\",\"url\":\"https:\/\/15milhas.com.br\/wfe\/equipe-15-milhas-conquista-podios-na-rustica-25-anos-do-maratona-clube-em-santa-rosa\/\",\"name\":\"Equipe 15 Milhas conquista p\u00f3dios na R\u00fastica 25 Anos do Maratona Clube em Santa Rosa - 15 Milhas\",\"isPartOf\":{\"@id\":\"https:\/\/15milhas.com.br\/wfe\/#website\"},\"primaryImageOfPage\":{\"@id\":\"https:\/\/15milhas.com.br\/wfe\/equipe-15-milhas-conquista-podios-na-rustica-25-anos-do-maratona-clube-em-santa-rosa\/#primaryimage\"},\"image\":{\"@id\":\"https:\/\/15milhas.com.br\/wfe\/equipe-15-milhas-conquista-podios-na-rustica-25-anos-do-maratona-clube-em-santa-rosa\/#primaryimage\"},\"thumbnailUrl\":\"https:\/\/15milhas.com.br\/wfe\/wp-content\/uploads\/2025\/10\/556653300_18127690906480215_7632145285164788211_n.webp\",\"datePublished\":\"2025-09-29T11:21:00+00:00\",\"dateModified\":\"2025-10-23T13:37:57+00:00\",\"breadcrumb\":{\"@id\":\"https:\/\/15milhas.com.br\/wfe\/equipe-15-milhas-conquista-podios-na-rustica-25-anos-do-maratona-clube-em-santa-rosa\/#breadcrumb\"},\"inLanguage\":\"pt-BR\",\"potentialAction\":[{\"@type\":\"ReadAction\",\"target\":[\"https:\/\/15milhas.com.br\/wfe\/equipe-15-milhas-conquista-podios-na-rustica-25-anos-do-maratona-clube-em-santa-rosa\/\"]}]},{\"@type\":\"ImageObject\",\"inLanguage\":\"pt-BR\",\"@id\":\"https:\/\/15milhas.com.br\/wfe\/equipe-15-milhas-conquista-podios-na-rustica-25-anos-do-maratona-clube-em-santa-rosa\/#primaryimage\",\"url\":\"https:\/\/15milhas.com.br\/wfe\/wp-content\/uploads\/2025\/10\/556653300_18127690906480215_7632145285164788211_n.webp\",\"contentUrl\":\"https:\/\/15milhas.com.br\/wfe\/wp-content\/uploads\/2025\/10\/556653300_18127690906480215_7632145285164788211_n.webp\",\"width\":1440,\"height\":1440},{\"@type\":\"BreadcrumbList\",\"@id\":\"https:\/\/15milhas.com.br\/wfe\/equipe-15-milhas-conquista-podios-na-rustica-25-anos-do-maratona-clube-em-santa-rosa\/#breadcrumb\",\"itemListElement\":[{\"@type\":\"ListItem\",\"position\":1,\"name\":\"In\u00edcio\",\"item\":\"https:\/\/15milhas.com.br\/wfe\/\"},{\"@type\":\"ListItem\",\"position\":2,\"name\":\"Equipe 15 Milhas conquista p\u00f3dios na R\u00fastica 25 Anos do Maratona Clube em Santa Rosa\"}]},{\"@type\":\"WebSite\",\"@id\":\"https:\/\/15milhas.com.br\/wfe\/#website\",\"url\":\"https:\/\/15milhas.com.br\/wfe\/\",\"name\":\"15 Milhas\",\"description\":\"Associa\u00e7\u00e3o de Corredores de Rua de Santa Rosa\",\"publisher\":{\"@id\":\"https:\/\/15milhas.com.br\/wfe\/#organization\"},\"potentialAction\":[{\"@type\":\"SearchAction\",\"target\":{\"@type\":\"EntryPoint\",\"urlTemplate\":\"https:\/\/15milhas.com.br\/wfe\/?s={search_term_string}\"},\"query-input\":{\"@type\":\"PropertyValueSpecification\",\"valueRequired\":true,\"valueName\":\"search_term_string\"}}],\"inLanguage\":\"pt-BR\"},{\"@type\":\"Organization\",\"@id\":\"https:\/\/15milhas.com.br\/wfe\/#organization\",\"name\":\"15 Milhas\",\"url\":\"https:\/\/15milhas.com.br\/wfe\/\",\"logo\":{\"@type\":\"ImageObject\",\"inLanguage\":\"pt-BR\",\"@id\":\"https:\/\/15milhas.com.br\/wfe\/#\/schema\/logo\/image\/\",\"url\":\"https:\/\/15milhas.com.br\/wfe\/wp-content\/uploads\/2022\/05\/logo-2.png\",\"contentUrl\":\"https:\/\/15milhas.com.br\/wfe\/wp-content\/uploads\/2022\/05\/logo-2.png\",\"width\":2236,\"height\":986,\"caption\":\"15 Milhas\"},\"image\":{\"@id\":\"https:\/\/15milhas.com.br\/wfe\/#\/schema\/logo\/image\/\"},\"sameAs\":[\"https:\/\/www.facebook.com\/15MilhasdeCorredoresdeRuadeSantaRosa\",\"https:\/\/www.instagram.com\/15_milhas\/\"]},{\"@type\":\"Person\",\"@id\":\"https:\/\/15milhas.com.br\/wfe\/#\/schema\/person\/bd61dde135687ca5fc7183d3fbf0a6d6\",\"name\":\"Assessoria de Comunica\u00e7\u00e3o - 15 Milhas\",\"url\":\"https:\/\/15milhas.com.br\/wfe\/author\/digitalhelp\/\"}]}<\/script>\n<!-- \/ Yoast SEO plugin. -->","yoast_head_json":{"title":"Equipe 15 Milhas conquista p\u00f3dios na R\u00fastica 25 Anos do Maratona Clube em Santa Rosa - 15 Milhas","robots":{"index":"index","follow":"follow","max-snippet":"max-snippet:-1","max-image-preview":"max-image-preview:large","max-video-preview":"max-video-preview:-1"},"canonical":"https:\/\/15milhas.com.br\/wfe\/equipe-15-milhas-conquista-podios-na-rustica-25-anos-do-maratona-clube-em-santa-rosa\/","og_locale":"pt_BR","og_type":"article","og_title":"Equipe 15 Milhas conquista p\u00f3dios na R\u00fastica 25 Anos do Maratona Clube em Santa Rosa - 15 Milhas","og_description":"Parab\u00e9ns \u00e0 nossa Equipe 15 Milhas pela linda participa\u00e7\u00e3o na R\u00fastica 25 Anos do Maratona Clube, em Santa Rosa!Destaque especial para Joel e Eduarda, campe\u00f5es nos 8 km, e Laine, campe\u00e3 nos 2 km.Nossa admira\u00e7\u00e3o tamb\u00e9m vai para Larissa, Cl\u00e1udia, Andreia e Alexandre, que mostraram garra e representaram com dedica\u00e7\u00e3o. Orgulho que nos motiva a [&hellip;]","og_url":"https:\/\/15milhas.com.br\/wfe\/equipe-15-milhas-conquista-podios-na-rustica-25-anos-do-maratona-clube-em-santa-rosa\/","og_site_name":"15 Milhas","article_publisher":"https:\/\/www.facebook.com\/15MilhasdeCorredoresdeRuadeSantaRosa","article_published_time":"2025-09-29T11:21:00+00:00","article_modified_time":"2025-10-23T13:37:57+00:00","og_image":[{"width":1440,"height":1440,"url":"https:\/\/15milhas.com.br\/wfe\/wp-content\/uploads\/2025\/10\/556653300_18127690906480215_7632145285164788211_n.webp","type":"image\/webp"}],"author":"Assessoria de Comunica\u00e7\u00e3o - 15 Milhas","twitter_card":"summary_large_image","twitter_misc":{"Escrito por":"Assessoria de Comunica\u00e7\u00e3o - 15 Milhas"},"schema":{"@context":"https:\/\/schema.org","@graph":[{"@type":"Article","@id":"https:\/\/15milhas.com.br\/wfe\/equipe-15-milhas-conquista-podios-na-rustica-25-anos-do-maratona-clube-em-santa-rosa\/#article","isPartOf":{"@id":"https:\/\/15milhas.com.br\/wfe\/equipe-15-milhas-conquista-podios-na-rustica-25-anos-do-maratona-clube-em-santa-rosa\/"},"author":{"name":"Assessoria de Comunica\u00e7\u00e3o - 15 Milhas","@id":"https:\/\/15milhas.com.br\/wfe\/#\/schema\/person\/bd61dde135687ca5fc7183d3fbf0a6d6"},"headline":"Equipe 15 Milhas conquista p\u00f3dios na R\u00fastica 25 Anos do Maratona Clube em Santa Rosa","datePublished":"2025-09-29T11:21:00+00:00","dateModified":"2025-10-23T13:37:57+00:00","mainEntityOfPage":{"@id":"https:\/\/15milhas.com.br\/wfe\/equipe-15-milhas-conquista-podios-na-rustica-25-anos-do-maratona-clube-em-santa-rosa\/"},"wordCount":90,"publisher":{"@id":"https:\/\/15milhas.com.br\/wfe\/#organization"},"image":{"@id":"https:\/\/15milhas.com.br\/wfe\/equipe-15-milhas-conquista-podios-na-rustica-25-anos-do-maratona-clube-em-santa-rosa\/#primaryimage"},"thumbnailUrl":"https:\/\/15milhas.com.br\/wfe\/wp-content\/uploads\/2025\/10\/556653300_18127690906480215_7632145285164788211_n.webp","articleSection":["Noticias"],"inLanguage":"pt-BR"},{"@type":"WebPage","@id":"https:\/\/15milhas.com.br\/wfe\/equipe-15-milhas-conquista-podios-na-rustica-25-anos-do-maratona-clube-em-santa-rosa\/","url":"https:\/\/15milhas.com.br\/wfe\/equipe-15-milhas-conquista-podios-na-rustica-25-anos-do-maratona-clube-em-santa-rosa\/","name":"Equipe 15 Milhas conquista p\u00f3dios na R\u00fastica 25 Anos do Maratona Clube em Santa Rosa - 15 Milhas","isPartOf":{"@id":"https:\/\/15milhas.com.br\/wfe\/#website"},"primaryImageOfPage":{"@id":"https:\/\/15milhas.com.br\/wfe\/equipe-15-milhas-conquista-podios-na-rustica-25-anos-do-maratona-clube-em-santa-rosa\/#primaryimage"},"image":{"@id":"https:\/\/15milhas.com.br\/wfe\/equipe-15-milhas-conquista-podios-na-rustica-25-anos-do-maratona-clube-em-santa-rosa\/#primaryimage"},"thumbnailUrl":"https:\/\/15milhas.com.br\/wfe\/wp-content\/uploads\/2025\/10\/556653300_18127690906480215_7632145285164788211_n.webp","datePublished":"2025-09-29T11:21:00+00:00","dateModified":"2025-10-23T13:37:57+00:00","breadcrumb":{"@id":"https:\/\/15milhas.com.br\/wfe\/equipe-15-milhas-conquista-podios-na-rustica-25-anos-do-maratona-clube-em-santa-rosa\/#breadcrumb"},"inLanguage":"pt-BR","potentialAction":[{"@type":"ReadAction","target":["https:\/\/15milhas.com.br\/wfe\/equipe-15-milhas-conquista-podios-na-rustica-25-anos-do-maratona-clube-em-santa-rosa\/"]}]},{"@type":"ImageObject","inLanguage":"pt-BR","@id":"https:\/\/15milhas.com.br\/wfe\/equipe-15-milhas-conquista-podios-na-rustica-25-anos-do-maratona-clube-em-santa-rosa\/#primaryimage","url":"https:\/\/15milhas.com.br\/wfe\/wp-content\/uploads\/2025\/10\/556653300_18127690906480215_7632145285164788211_n.webp","contentUrl":"https:\/\/15milhas.com.br\/wfe\/wp-content\/uploads\/2025\/10\/556653300_18127690906480215_7632145285164788211_n.webp","width":1440,"height":1440},{"@type":"BreadcrumbList","@id":"https:\/\/15milhas.com.br\/wfe\/equipe-15-milhas-conquista-podios-na-rustica-25-anos-do-maratona-clube-em-santa-rosa\/#breadcrumb","itemListElement":[{"@type":"ListItem","position":1,"name":"In\u00edcio","item":"https:\/\/15milhas.com.br\/wfe\/"},{"@type":"ListItem","position":2,"name":"Equipe 15 Milhas conquista p\u00f3dios na R\u00fastica 25 Anos do Maratona Clube em Santa Rosa"}]},{"@type":"WebSite","@id":"https:\/\/15milhas.com.br\/wfe\/#website","url":"https:\/\/15milhas.com.br\/wfe\/","name":"15 Milhas","description":"Associa\u00e7\u00e3o de Corredores de Rua de Santa Rosa","publisher":{"@id":"https:\/\/15milhas.com.br\/wfe\/#organization"},"potentialAction":[{"@type":"SearchAction","target":{"@type":"EntryPoint","urlTemplate":"https:\/\/15milhas.com.br\/wfe\/?s={search_term_string}"},"query-input":{"@type":"PropertyValueSpecification","valueRequired":true,"valueName":"search_term_string"}}],"inLanguage":"pt-BR"},{"@type":"Organization","@id":"https:\/\/15milhas.com.br\/wfe\/#organization","name":"15 Milhas","url":"https:\/\/15milhas.com.br\/wfe\/","logo":{"@type":"ImageObject","inLanguage":"pt-BR","@id":"https:\/\/15milhas.com.br\/wfe\/#\/schema\/logo\/image\/","url":"https:\/\/15milhas.com.br\/wfe\/wp-content\/uploads\/2022\/05\/logo-2.png","contentUrl":"https:\/\/15milhas.com.br\/wfe\/wp-content\/uploads\/2022\/05\/logo-2.png","width":2236,"height":986,"caption":"15 Milhas"},"image":{"@id":"https:\/\/15milhas.com.br\/wfe\/#\/schema\/logo\/image\/"},"sameAs":["https:\/\/www.facebook.com\/15MilhasdeCorredoresdeRuadeSantaRosa","https:\/\/www.instagram.com\/15_milhas\/"]},{"@type":"Person","@id":"https:\/\/15milhas.com.br\/wfe\/#\/schema\/person\/bd61dde135687ca5fc7183d3fbf0a6d6","name":"Assessoria de Comunica\u00e7\u00e3o - 15 Milhas","url":"https:\/\/15milhas.com.br\/wfe\/author\/digitalhelp\/"}]}},"rttpg_featured_image_url":{"full":["https:\/\/15milhas.com.br\/wfe\/wp-content\/uploads\/2025\/10\/556653300_18127690906480215_7632145285164788211_n.webp",1440,1440,false],"landscape":["https:\/\/15milhas.com.br\/wfe\/wp-content\/uploads\/2025\/10\/556653300_18127690906480215_7632145285164788211_n.webp",1440,1440,false],"portraits":["https:\/\/15milhas.com.br\/wfe\/wp-content\/uploads\/2025\/10\/556653300_18127690906480215_7632145285164788211_n.webp",1440,1440,false],"thumbnail":["https:\/\/15milhas.com.br\/wfe\/wp-content\/uploads\/2025\/10\/556653300_18127690906480215_7632145285164788211_n-150x150.webp",150,150,true],"medium":["https:\/\/15milhas.com.br\/wfe\/wp-content\/uploads\/2025\/10\/556653300_18127690906480215_7632145285164788211_n-300x300.webp",300,300,true],"large":["https:\/\/15milhas.com.br\/wfe\/wp-content\/uploads\/2025\/10\/556653300_18127690906480215_7632145285164788211_n-1024x1024.webp",1024,1024,true],"1536x1536":["https:\/\/15milhas.com.br\/wfe\/wp-content\/uploads\/2025\/10\/556653300_18127690906480215_7632145285164788211_n.webp",1440,1440,false],"2048x2048":["https:\/\/15milhas.com.br\/wfe\/wp-content\/uploads\/2025\/10\/556653300_18127690906480215_7632145285164788211_n.webp",1440,1440,false]},"rttpg_author":{"display_name":"Assessoria de Comunica\u00e7\u00e3o - 15 Milhas","author_link":"https:\/\/15milhas.com.br\/wfe\/author\/digitalhelp\/"},"rttpg_comment":0,"rttpg_category":"<a href=\"https:\/\/15milhas.com.br\/wfe\/category\/noticias\/\" rel=\"category tag\">Noticias<\/a>","rttpg_excerpt":"Parab\u00e9ns \u00e0 nossa Equipe 15 Milhas pela linda participa\u00e7\u00e3o na R\u00fastica 25 Anos do Maratona Clube, em Santa Rosa!Destaque especial para Joel e Eduarda, campe\u00f5es nos 8 km, e Laine, campe\u00e3 nos 2 km.Nossa admira\u00e7\u00e3o tamb\u00e9m vai para Larissa, Cl\u00e1udia, Andreia e Alexandre, que mostraram garra e representaram com dedica\u00e7\u00e3o. Orgulho que nos motiva a&hellip;","_links":{"self":[{"href":"https:\/\/15milhas.com.br\/wfe\/wp-json\/wp\/v2\/posts\/813","targetHints":{"allow":["GET"]}}],"collection":[{"href":"https:\/\/15milhas.com.br\/wfe\/wp-json\/wp\/v2\/posts"}],"about":[{"href":"https:\/\/15milhas.com.br\/wfe\/wp-json\/wp\/v2\/types\/post"}],"author":[{"embeddable":true,"href":"https:\/\/15milhas.com.br\/wfe\/wp-json\/wp\/v2\/users\/3"}],"replies":[{"embeddable":true,"href":"https:\/\/15milhas.com.br\/wfe\/wp-json\/wp\/v2\/comments?post=813"}],"version-history":[{"count":1,"href":"https:\/\/15milhas.com.br\/wfe\/wp-json\/wp\/v2\/posts\/813\/revisions"}],"predecessor-version":[{"id":815,"href":"https:\/\/15milhas.com.br\/wfe\/wp-json\/wp\/v2\/posts\/813\/revisions\/815"}],"wp:featuredmedia":[{"embeddable":true,"href":"https:\/\/15milhas.com.br\/wfe\/wp-json\/wp\/v2\/media\/814"}],"wp:attachment":[{"href":"https:\/\/15milhas.com.br\/wfe\/wp-json\/wp\/v2\/media?parent=813"}],"wp:term":[{"taxonomy":"category","embeddable":true,"href":"https:\/\/15milhas.com.br\/wfe\/wp-json\/wp\/v2\/categories?post=813"},{"taxonomy":"post_tag","embeddable":true,"href":"https:\/\/15milhas.com.br\/wfe\/wp-json\/wp\/v2\/tags?post=813"}],"curies":[{"name":"wp","href":"https:\/\/api.w.org\/{rel}","templated":true}]}}