{"id":816,"date":"2025-10-06T11:24:15","date_gmt":"2025-10-06T11:24:15","guid":{"rendered":"https:\/\/15milhas.com.br\/wfe\/?p=816"},"modified":"2025-10-23T13:39:12","modified_gmt":"2025-10-23T13:39:12","slug":"equipe-15-milhas-brilha-na-xii-etapa-do-circuito-regional-em-tres-passos","status":"publish","type":"post","link":"https:\/\/15milhas.com.br\/wfe\/equipe-15-milhas-brilha-na-xii-etapa-do-circuito-regional-em-tres-passos\/","title":{"rendered":"Equipe 15 Milhas brilha na XII Etapa do Circuito Regional em Tr\u00eas Passos!"},"content":{"rendered":"<div class=\"wp-block-image\">\n<figure class=\"alignleft size-large is-resized\"><img loading=\"lazy\" decoding=\"async\" width=\"1024\" height=\"1024\" src=\"https:\/\/15milhas.com.br\/wfe\/wp-content\/uploads\/2025\/10\/559457174_18128568427480215_8233842139206825889_n-1-1024x1024.webp\" alt=\"\" class=\"wp-image-818\" style=\"width:328px;height:auto\" srcset=\"https:\/\/15milhas.com.br\/wfe\/wp-content\/uploads\/2025\/10\/559457174_18128568427480215_8233842139206825889_n-1-1024x1024.webp 1024w, https:\/\/15milhas.com.br\/wfe\/wp-content\/uploads\/2025\/10\/559457174_18128568427480215_8233842139206825889_n-1-300x300.webp 300w, https:\/\/15milhas.com.br\/wfe\/wp-content\/uploads\/2025\/10\/559457174_18128568427480215_8233842139206825889_n-1-150x150.webp 150w, https:\/\/15milhas.com.br\/wfe\/wp-content\/uploads\/2025\/10\/559457174_18128568427480215_8233842139206825889_n-1-768x768.webp 768w, https:\/\/15milhas.com.br\/wfe\/wp-content\/uploads\/2025\/10\/559457174_18128568427480215_8233842139206825889_n-1.webp 1440w\" sizes=\"auto, (max-width: 1024px) 100vw, 1024px\" \/><\/figure>\n<\/div>\n\n\n<p>Orgulho define! A <strong>Equipe 15 Milhas<\/strong> marcou presen\u00e7a com for\u00e7a total na <strong>XII Etapa do Circuito Regional \u2013 6\u00aa Etapa em Tr\u00eas Passos<\/strong>, mostrando <strong>garra, supera\u00e7\u00e3o e esp\u00edrito de equipe<\/strong>.<\/p>\n\n\n\n<!--more-->\n\n\n\n<p><strong>Destaques:<\/strong><br><strong>5 km:<\/strong> Cassiano Modesto Vicente (4\u00ba Geral), Rafael Silveira (3\u00ba), Gustavo Cassiano Leocovick (4\u00ba), Carlos Enrique Machado (9\u00ba), Jos\u00e9 Miguel da Silva (6\u00ba), Adelar da Silva (1\u00ba), Ant\u00f4nio L\u00edrio Cleveston (1\u00ba), Anny Lubschinski (7\u00ba)<br><strong>Categoria Especial:<\/strong> Douglas Mandai (1\u00ba), Michele Kaczerski (1\u00ba)<br><strong>600 m Infantil:<\/strong> Ana J\u00falia Jantsch Wink (6\u00ba)<br><strong>2 km Juvenil:<\/strong> Davi Gabriel Nicolaus (9\u00ba), Ismael Nicolaus Borel dos Santos (3\u00ba), Anderson Wendland da Silva (4\u00ba), Jean Francisco Machado dos Santos (5\u00ba), Micael Bonapace Borchate (6\u00ba), Laura C. Rossi M. de Lima (1\u00ba), Yasmim Rafaela Schmidt Oliveira (2\u00ba), Kassiane Larissa de Lima (3\u00ba), Lara Carine Schr\u00f6der (5\u00ba), Maria Eduarda Zimmer (8\u00ba), J\u00falia Gabriela Zwick (10\u00ba)<br><strong>2 km Adulto:<\/strong> Eloiza Dullius (2\u00ba), Marli Mandai (8\u00ba), Rejane Teresinha Bourscheid (18\u00ba), Dara Fernanda Nehring (21\u00ba), Irone Wink (4\u00ba)<\/p>\n\n\n\n<p>Cada atleta \u00e9 parte dessa hist\u00f3ria de <strong>dedica\u00e7\u00e3o, amizade e supera\u00e7\u00e3o<\/strong>.<br><strong>Parab\u00e9ns, Equipe 15 Milhas! Rumo \u00e0s pr\u00f3ximas conquistas!<\/strong><\/p>\n\n\n\n<p>#Equipe15Milhas #CircuitoRegional #Tr\u00easPassos #CorridaDeRua #Atletismo #Supera\u00e7\u00e3o #Orgulho15Milhas #Esporte\u00c9Vida #For\u00e7aQueInspira<\/p>\n","protected":false},"excerpt":{"rendered":"<p>Orgulho define! A Equipe 15 Milhas marcou presen\u00e7a com for\u00e7a total na XII Etapa do Circuito Regional \u2013 6\u00aa Etapa em Tr\u00eas Passos, mostrando garra, supera\u00e7\u00e3o e esp\u00edrito de equipe.<\/p>\n","protected":false},"author":3,"featured_media":818,"comment_status":"closed","ping_status":"open","sticky":false,"template":"","format":"standard","meta":{"footnotes":""},"categories":[50],"tags":[],"class_list":["post-816","post","type-post","status-publish","format-standard","has-post-thumbnail","hentry","category-noticias"],"yoast_head":"<!-- This site is optimized with the Yoast SEO plugin v26.2 - https:\/\/yoast.com\/wordpress\/plugins\/seo\/ -->\n<title>Equipe 15 Milhas brilha na XII Etapa do Circuito Regional em Tr\u00eas Passos! - 15 Milhas<\/title>\n<meta name=\"robots\" content=\"index, follow, max-snippet:-1, max-image-preview:large, max-video-preview:-1\" \/>\n<link rel=\"canonical\" href=\"https:\/\/15milhas.com.br\/wfe\/equipe-15-milhas-brilha-na-xii-etapa-do-circuito-regional-em-tres-passos\/\" \/>\n<meta property=\"og:locale\" content=\"pt_BR\" \/>\n<meta property=\"og:type\" content=\"article\" \/>\n<meta property=\"og:title\" content=\"Equipe 15 Milhas brilha na XII Etapa do Circuito Regional em Tr\u00eas Passos! - 15 Milhas\" \/>\n<meta property=\"og:description\" content=\"Orgulho define! A Equipe 15 Milhas marcou presen\u00e7a com for\u00e7a total na XII Etapa do Circuito Regional \u2013 6\u00aa Etapa em Tr\u00eas Passos, mostrando garra, supera\u00e7\u00e3o e esp\u00edrito de equipe.\" \/>\n<meta property=\"og:url\" content=\"https:\/\/15milhas.com.br\/wfe\/equipe-15-milhas-brilha-na-xii-etapa-do-circuito-regional-em-tres-passos\/\" \/>\n<meta property=\"og:site_name\" content=\"15 Milhas\" \/>\n<meta property=\"article:publisher\" content=\"https:\/\/www.facebook.com\/15MilhasdeCorredoresdeRuadeSantaRosa\" \/>\n<meta property=\"article:published_time\" content=\"2025-10-06T11:24:15+00:00\" \/>\n<meta property=\"article:modified_time\" content=\"2025-10-23T13:39:12+00:00\" \/>\n<meta property=\"og:image\" content=\"https:\/\/15milhas.com.br\/wfe\/wp-content\/uploads\/2025\/10\/559457174_18128568427480215_8233842139206825889_n-1.webp\" \/>\n\t<meta property=\"og:image:width\" content=\"1440\" \/>\n\t<meta property=\"og:image:height\" content=\"1440\" \/>\n\t<meta property=\"og:image:type\" content=\"image\/webp\" \/>\n<meta name=\"author\" content=\"Assessoria de Comunica\u00e7\u00e3o - 15 Milhas\" \/>\n<meta name=\"twitter:card\" content=\"summary_large_image\" \/>\n<meta name=\"twitter:label1\" content=\"Escrito por\" \/>\n\t<meta name=\"twitter:data1\" content=\"Assessoria de Comunica\u00e7\u00e3o - 15 Milhas\" \/>\n\t<meta name=\"twitter:label2\" content=\"Est. tempo de leitura\" \/>\n\t<meta name=\"twitter:data2\" content=\"1 minuto\" \/>\n<script type=\"application\/ld+json\" class=\"yoast-schema-graph\">{\"@context\":\"https:\/\/schema.org\",\"@graph\":[{\"@type\":\"Article\",\"@id\":\"https:\/\/15milhas.com.br\/wfe\/equipe-15-milhas-brilha-na-xii-etapa-do-circuito-regional-em-tres-passos\/#article\",\"isPartOf\":{\"@id\":\"https:\/\/15milhas.com.br\/wfe\/equipe-15-milhas-brilha-na-xii-etapa-do-circuito-regional-em-tres-passos\/\"},\"author\":{\"name\":\"Assessoria de Comunica\u00e7\u00e3o - 15 Milhas\",\"@id\":\"https:\/\/15milhas.com.br\/wfe\/#\/schema\/person\/bd61dde135687ca5fc7183d3fbf0a6d6\"},\"headline\":\"Equipe 15 Milhas brilha na XII Etapa do Circuito Regional em Tr\u00eas Passos!\",\"datePublished\":\"2025-10-06T11:24:15+00:00\",\"dateModified\":\"2025-10-23T13:39:12+00:00\",\"mainEntityOfPage\":{\"@id\":\"https:\/\/15milhas.com.br\/wfe\/equipe-15-milhas-brilha-na-xii-etapa-do-circuito-regional-em-tres-passos\/\"},\"wordCount\":184,\"publisher\":{\"@id\":\"https:\/\/15milhas.com.br\/wfe\/#organization\"},\"image\":{\"@id\":\"https:\/\/15milhas.com.br\/wfe\/equipe-15-milhas-brilha-na-xii-etapa-do-circuito-regional-em-tres-passos\/#primaryimage\"},\"thumbnailUrl\":\"https:\/\/15milhas.com.br\/wfe\/wp-content\/uploads\/2025\/10\/559457174_18128568427480215_8233842139206825889_n-1.webp\",\"articleSection\":[\"Noticias\"],\"inLanguage\":\"pt-BR\"},{\"@type\":\"WebPage\",\"@id\":\"https:\/\/15milhas.com.br\/wfe\/equipe-15-milhas-brilha-na-xii-etapa-do-circuito-regional-em-tres-passos\/\",\"url\":\"https:\/\/15milhas.com.br\/wfe\/equipe-15-milhas-brilha-na-xii-etapa-do-circuito-regional-em-tres-passos\/\",\"name\":\"Equipe 15 Milhas brilha na XII Etapa do Circuito Regional em Tr\u00eas Passos! - 15 Milhas\",\"isPartOf\":{\"@id\":\"https:\/\/15milhas.com.br\/wfe\/#website\"},\"primaryImageOfPage\":{\"@id\":\"https:\/\/15milhas.com.br\/wfe\/equipe-15-milhas-brilha-na-xii-etapa-do-circuito-regional-em-tres-passos\/#primaryimage\"},\"image\":{\"@id\":\"https:\/\/15milhas.com.br\/wfe\/equipe-15-milhas-brilha-na-xii-etapa-do-circuito-regional-em-tres-passos\/#primaryimage\"},\"thumbnailUrl\":\"https:\/\/15milhas.com.br\/wfe\/wp-content\/uploads\/2025\/10\/559457174_18128568427480215_8233842139206825889_n-1.webp\",\"datePublished\":\"2025-10-06T11:24:15+00:00\",\"dateModified\":\"2025-10-23T13:39:12+00:00\",\"breadcrumb\":{\"@id\":\"https:\/\/15milhas.com.br\/wfe\/equipe-15-milhas-brilha-na-xii-etapa-do-circuito-regional-em-tres-passos\/#breadcrumb\"},\"inLanguage\":\"pt-BR\",\"potentialAction\":[{\"@type\":\"ReadAction\",\"target\":[\"https:\/\/15milhas.com.br\/wfe\/equipe-15-milhas-brilha-na-xii-etapa-do-circuito-regional-em-tres-passos\/\"]}]},{\"@type\":\"ImageObject\",\"inLanguage\":\"pt-BR\",\"@id\":\"https:\/\/15milhas.com.br\/wfe\/equipe-15-milhas-brilha-na-xii-etapa-do-circuito-regional-em-tres-passos\/#primaryimage\",\"url\":\"https:\/\/15milhas.com.br\/wfe\/wp-content\/uploads\/2025\/10\/559457174_18128568427480215_8233842139206825889_n-1.webp\",\"contentUrl\":\"https:\/\/15milhas.com.br\/wfe\/wp-content\/uploads\/2025\/10\/559457174_18128568427480215_8233842139206825889_n-1.webp\",\"width\":1440,\"height\":1440},{\"@type\":\"BreadcrumbList\",\"@id\":\"https:\/\/15milhas.com.br\/wfe\/equipe-15-milhas-brilha-na-xii-etapa-do-circuito-regional-em-tres-passos\/#breadcrumb\",\"itemListElement\":[{\"@type\":\"ListItem\",\"position\":1,\"name\":\"In\u00edcio\",\"item\":\"https:\/\/15milhas.com.br\/wfe\/\"},{\"@type\":\"ListItem\",\"position\":2,\"name\":\"Equipe 15 Milhas brilha na XII Etapa do Circuito Regional em Tr\u00eas Passos!\"}]},{\"@type\":\"WebSite\",\"@id\":\"https:\/\/15milhas.com.br\/wfe\/#website\",\"url\":\"https:\/\/15milhas.com.br\/wfe\/\",\"name\":\"15 Milhas\",\"description\":\"Associa\u00e7\u00e3o de Corredores de Rua de Santa Rosa\",\"publisher\":{\"@id\":\"https:\/\/15milhas.com.br\/wfe\/#organization\"},\"potentialAction\":[{\"@type\":\"SearchAction\",\"target\":{\"@type\":\"EntryPoint\",\"urlTemplate\":\"https:\/\/15milhas.com.br\/wfe\/?s={search_term_string}\"},\"query-input\":{\"@type\":\"PropertyValueSpecification\",\"valueRequired\":true,\"valueName\":\"search_term_string\"}}],\"inLanguage\":\"pt-BR\"},{\"@type\":\"Organization\",\"@id\":\"https:\/\/15milhas.com.br\/wfe\/#organization\",\"name\":\"15 Milhas\",\"url\":\"https:\/\/15milhas.com.br\/wfe\/\",\"logo\":{\"@type\":\"ImageObject\",\"inLanguage\":\"pt-BR\",\"@id\":\"https:\/\/15milhas.com.br\/wfe\/#\/schema\/logo\/image\/\",\"url\":\"https:\/\/15milhas.com.br\/wfe\/wp-content\/uploads\/2022\/05\/logo-2.png\",\"contentUrl\":\"https:\/\/15milhas.com.br\/wfe\/wp-content\/uploads\/2022\/05\/logo-2.png\",\"width\":2236,\"height\":986,\"caption\":\"15 Milhas\"},\"image\":{\"@id\":\"https:\/\/15milhas.com.br\/wfe\/#\/schema\/logo\/image\/\"},\"sameAs\":[\"https:\/\/www.facebook.com\/15MilhasdeCorredoresdeRuadeSantaRosa\",\"https:\/\/www.instagram.com\/15_milhas\/\"]},{\"@type\":\"Person\",\"@id\":\"https:\/\/15milhas.com.br\/wfe\/#\/schema\/person\/bd61dde135687ca5fc7183d3fbf0a6d6\",\"name\":\"Assessoria de Comunica\u00e7\u00e3o - 15 Milhas\",\"url\":\"https:\/\/15milhas.com.br\/wfe\/author\/digitalhelp\/\"}]}<\/script>\n<!-- \/ Yoast SEO plugin. -->","yoast_head_json":{"title":"Equipe 15 Milhas brilha na XII Etapa do Circuito Regional em Tr\u00eas Passos! - 15 Milhas","robots":{"index":"index","follow":"follow","max-snippet":"max-snippet:-1","max-image-preview":"max-image-preview:large","max-video-preview":"max-video-preview:-1"},"canonical":"https:\/\/15milhas.com.br\/wfe\/equipe-15-milhas-brilha-na-xii-etapa-do-circuito-regional-em-tres-passos\/","og_locale":"pt_BR","og_type":"article","og_title":"Equipe 15 Milhas brilha na XII Etapa do Circuito Regional em Tr\u00eas Passos! - 15 Milhas","og_description":"Orgulho define! A Equipe 15 Milhas marcou presen\u00e7a com for\u00e7a total na XII Etapa do Circuito Regional \u2013 6\u00aa Etapa em Tr\u00eas Passos, mostrando garra, supera\u00e7\u00e3o e esp\u00edrito de equipe.","og_url":"https:\/\/15milhas.com.br\/wfe\/equipe-15-milhas-brilha-na-xii-etapa-do-circuito-regional-em-tres-passos\/","og_site_name":"15 Milhas","article_publisher":"https:\/\/www.facebook.com\/15MilhasdeCorredoresdeRuadeSantaRosa","article_published_time":"2025-10-06T11:24:15+00:00","article_modified_time":"2025-10-23T13:39:12+00:00","og_image":[{"width":1440,"height":1440,"url":"https:\/\/15milhas.com.br\/wfe\/wp-content\/uploads\/2025\/10\/559457174_18128568427480215_8233842139206825889_n-1.webp","type":"image\/webp"}],"author":"Assessoria de Comunica\u00e7\u00e3o - 15 Milhas","twitter_card":"summary_large_image","twitter_misc":{"Escrito por":"Assessoria de Comunica\u00e7\u00e3o - 15 Milhas","Est. tempo de leitura":"1 minuto"},"schema":{"@context":"https:\/\/schema.org","@graph":[{"@type":"Article","@id":"https:\/\/15milhas.com.br\/wfe\/equipe-15-milhas-brilha-na-xii-etapa-do-circuito-regional-em-tres-passos\/#article","isPartOf":{"@id":"https:\/\/15milhas.com.br\/wfe\/equipe-15-milhas-brilha-na-xii-etapa-do-circuito-regional-em-tres-passos\/"},"author":{"name":"Assessoria de Comunica\u00e7\u00e3o - 15 Milhas","@id":"https:\/\/15milhas.com.br\/wfe\/#\/schema\/person\/bd61dde135687ca5fc7183d3fbf0a6d6"},"headline":"Equipe 15 Milhas brilha na XII Etapa do Circuito Regional em Tr\u00eas Passos!","datePublished":"2025-10-06T11:24:15+00:00","dateModified":"2025-10-23T13:39:12+00:00","mainEntityOfPage":{"@id":"https:\/\/15milhas.com.br\/wfe\/equipe-15-milhas-brilha-na-xii-etapa-do-circuito-regional-em-tres-passos\/"},"wordCount":184,"publisher":{"@id":"https:\/\/15milhas.com.br\/wfe\/#organization"},"image":{"@id":"https:\/\/15milhas.com.br\/wfe\/equipe-15-milhas-brilha-na-xii-etapa-do-circuito-regional-em-tres-passos\/#primaryimage"},"thumbnailUrl":"https:\/\/15milhas.com.br\/wfe\/wp-content\/uploads\/2025\/10\/559457174_18128568427480215_8233842139206825889_n-1.webp","articleSection":["Noticias"],"inLanguage":"pt-BR"},{"@type":"WebPage","@id":"https:\/\/15milhas.com.br\/wfe\/equipe-15-milhas-brilha-na-xii-etapa-do-circuito-regional-em-tres-passos\/","url":"https:\/\/15milhas.com.br\/wfe\/equipe-15-milhas-brilha-na-xii-etapa-do-circuito-regional-em-tres-passos\/","name":"Equipe 15 Milhas brilha na XII Etapa do Circuito Regional em Tr\u00eas Passos! - 15 Milhas","isPartOf":{"@id":"https:\/\/15milhas.com.br\/wfe\/#website"},"primaryImageOfPage":{"@id":"https:\/\/15milhas.com.br\/wfe\/equipe-15-milhas-brilha-na-xii-etapa-do-circuito-regional-em-tres-passos\/#primaryimage"},"image":{"@id":"https:\/\/15milhas.com.br\/wfe\/equipe-15-milhas-brilha-na-xii-etapa-do-circuito-regional-em-tres-passos\/#primaryimage"},"thumbnailUrl":"https:\/\/15milhas.com.br\/wfe\/wp-content\/uploads\/2025\/10\/559457174_18128568427480215_8233842139206825889_n-1.webp","datePublished":"2025-10-06T11:24:15+00:00","dateModified":"2025-10-23T13:39:12+00:00","breadcrumb":{"@id":"https:\/\/15milhas.com.br\/wfe\/equipe-15-milhas-brilha-na-xii-etapa-do-circuito-regional-em-tres-passos\/#breadcrumb"},"inLanguage":"pt-BR","potentialAction":[{"@type":"ReadAction","target":["https:\/\/15milhas.com.br\/wfe\/equipe-15-milhas-brilha-na-xii-etapa-do-circuito-regional-em-tres-passos\/"]}]},{"@type":"ImageObject","inLanguage":"pt-BR","@id":"https:\/\/15milhas.com.br\/wfe\/equipe-15-milhas-brilha-na-xii-etapa-do-circuito-regional-em-tres-passos\/#primaryimage","url":"https:\/\/15milhas.com.br\/wfe\/wp-content\/uploads\/2025\/10\/559457174_18128568427480215_8233842139206825889_n-1.webp","contentUrl":"https:\/\/15milhas.com.br\/wfe\/wp-content\/uploads\/2025\/10\/559457174_18128568427480215_8233842139206825889_n-1.webp","width":1440,"height":1440},{"@type":"BreadcrumbList","@id":"https:\/\/15milhas.com.br\/wfe\/equipe-15-milhas-brilha-na-xii-etapa-do-circuito-regional-em-tres-passos\/#breadcrumb","itemListElement":[{"@type":"ListItem","position":1,"name":"In\u00edcio","item":"https:\/\/15milhas.com.br\/wfe\/"},{"@type":"ListItem","position":2,"name":"Equipe 15 Milhas brilha na XII Etapa do Circuito Regional em Tr\u00eas Passos!"}]},{"@type":"WebSite","@id":"https:\/\/15milhas.com.br\/wfe\/#website","url":"https:\/\/15milhas.com.br\/wfe\/","name":"15 Milhas","description":"Associa\u00e7\u00e3o de Corredores de Rua de Santa Rosa","publisher":{"@id":"https:\/\/15milhas.com.br\/wfe\/#organization"},"potentialAction":[{"@type":"SearchAction","target":{"@type":"EntryPoint","urlTemplate":"https:\/\/15milhas.com.br\/wfe\/?s={search_term_string}"},"query-input":{"@type":"PropertyValueSpecification","valueRequired":true,"valueName":"search_term_string"}}],"inLanguage":"pt-BR"},{"@type":"Organization","@id":"https:\/\/15milhas.com.br\/wfe\/#organization","name":"15 Milhas","url":"https:\/\/15milhas.com.br\/wfe\/","logo":{"@type":"ImageObject","inLanguage":"pt-BR","@id":"https:\/\/15milhas.com.br\/wfe\/#\/schema\/logo\/image\/","url":"https:\/\/15milhas.com.br\/wfe\/wp-content\/uploads\/2022\/05\/logo-2.png","contentUrl":"https:\/\/15milhas.com.br\/wfe\/wp-content\/uploads\/2022\/05\/logo-2.png","width":2236,"height":986,"caption":"15 Milhas"},"image":{"@id":"https:\/\/15milhas.com.br\/wfe\/#\/schema\/logo\/image\/"},"sameAs":["https:\/\/www.facebook.com\/15MilhasdeCorredoresdeRuadeSantaRosa","https:\/\/www.instagram.com\/15_milhas\/"]},{"@type":"Person","@id":"https:\/\/15milhas.com.br\/wfe\/#\/schema\/person\/bd61dde135687ca5fc7183d3fbf0a6d6","name":"Assessoria de Comunica\u00e7\u00e3o - 15 Milhas","url":"https:\/\/15milhas.com.br\/wfe\/author\/digitalhelp\/"}]}},"rttpg_featured_image_url":{"full":["https:\/\/15milhas.com.br\/wfe\/wp-content\/uploads\/2025\/10\/559457174_18128568427480215_8233842139206825889_n-1.webp",1440,1440,false],"landscape":["https:\/\/15milhas.com.br\/wfe\/wp-content\/uploads\/2025\/10\/559457174_18128568427480215_8233842139206825889_n-1.webp",1440,1440,false],"portraits":["https:\/\/15milhas.com.br\/wfe\/wp-content\/uploads\/2025\/10\/559457174_18128568427480215_8233842139206825889_n-1.webp",1440,1440,false],"thumbnail":["https:\/\/15milhas.com.br\/wfe\/wp-content\/uploads\/2025\/10\/559457174_18128568427480215_8233842139206825889_n-1-150x150.webp",150,150,true],"medium":["https:\/\/15milhas.com.br\/wfe\/wp-content\/uploads\/2025\/10\/559457174_18128568427480215_8233842139206825889_n-1-300x300.webp",300,300,true],"large":["https:\/\/15milhas.com.br\/wfe\/wp-content\/uploads\/2025\/10\/559457174_18128568427480215_8233842139206825889_n-1-1024x1024.webp",1024,1024,true],"1536x1536":["https:\/\/15milhas.com.br\/wfe\/wp-content\/uploads\/2025\/10\/559457174_18128568427480215_8233842139206825889_n-1.webp",1440,1440,false],"2048x2048":["https:\/\/15milhas.com.br\/wfe\/wp-content\/uploads\/2025\/10\/559457174_18128568427480215_8233842139206825889_n-1.webp",1440,1440,false]},"rttpg_author":{"display_name":"Assessoria de Comunica\u00e7\u00e3o - 15 Milhas","author_link":"https:\/\/15milhas.com.br\/wfe\/author\/digitalhelp\/"},"rttpg_comment":0,"rttpg_category":"<a href=\"https:\/\/15milhas.com.br\/wfe\/category\/noticias\/\" rel=\"category tag\">Noticias<\/a>","rttpg_excerpt":"Orgulho define! A Equipe 15 Milhas marcou presen\u00e7a com for\u00e7a total na XII Etapa do Circuito Regional \u2013 6\u00aa Etapa em Tr\u00eas Passos, mostrando garra, supera\u00e7\u00e3o e esp\u00edrito de equipe.","_links":{"self":[{"href":"https:\/\/15milhas.com.br\/wfe\/wp-json\/wp\/v2\/posts\/816","targetHints":{"allow":["GET"]}}],"collection":[{"href":"https:\/\/15milhas.com.br\/wfe\/wp-json\/wp\/v2\/posts"}],"about":[{"href":"https:\/\/15milhas.com.br\/wfe\/wp-json\/wp\/v2\/types\/post"}],"author":[{"embeddable":true,"href":"https:\/\/15milhas.com.br\/wfe\/wp-json\/wp\/v2\/users\/3"}],"replies":[{"embeddable":true,"href":"https:\/\/15milhas.com.br\/wfe\/wp-json\/wp\/v2\/comments?post=816"}],"version-history":[{"count":1,"href":"https:\/\/15milhas.com.br\/wfe\/wp-json\/wp\/v2\/posts\/816\/revisions"}],"predecessor-version":[{"id":819,"href":"https:\/\/15milhas.com.br\/wfe\/wp-json\/wp\/v2\/posts\/816\/revisions\/819"}],"wp:featuredmedia":[{"embeddable":true,"href":"https:\/\/15milhas.com.br\/wfe\/wp-json\/wp\/v2\/media\/818"}],"wp:attachment":[{"href":"https:\/\/15milhas.com.br\/wfe\/wp-json\/wp\/v2\/media?parent=816"}],"wp:term":[{"taxonomy":"category","embeddable":true,"href":"https:\/\/15milhas.com.br\/wfe\/wp-json\/wp\/v2\/categories?post=816"},{"taxonomy":"post_tag","embeddable":true,"href":"https:\/\/15milhas.com.br\/wfe\/wp-json\/wp\/v2\/tags?post=816"}],"curies":[{"name":"wp","href":"https:\/\/api.w.org\/{rel}","templated":true}]}}