{"id":820,"date":"2025-10-10T11:28:13","date_gmt":"2025-10-10T11:28:13","guid":{"rendered":"https:\/\/15milhas.com.br\/wfe\/?p=820"},"modified":"2025-10-23T13:39:44","modified_gmt":"2025-10-23T13:39:44","slug":"1a-rustica-cidade-de-alecrim-celebra-emocao-superacao-e-uniao","status":"publish","type":"post","link":"https:\/\/15milhas.com.br\/wfe\/1a-rustica-cidade-de-alecrim-celebra-emocao-superacao-e-uniao\/","title":{"rendered":"1\u00aa R\u00fastica Cidade de Alecrim celebra emo\u00e7\u00e3o, supera\u00e7\u00e3o e uni\u00e3o"},"content":{"rendered":"<div class=\"wp-block-image\">\n<figure class=\"alignleft size-large is-resized\"><img loading=\"lazy\" decoding=\"async\" width=\"1024\" height=\"1024\" src=\"https:\/\/15milhas.com.br\/wfe\/wp-content\/uploads\/2025\/10\/560363358_18129018046480215_4080966744962723095_n-1024x1024.webp\" alt=\"\" class=\"wp-image-821\" style=\"width:332px;height:auto\" srcset=\"https:\/\/15milhas.com.br\/wfe\/wp-content\/uploads\/2025\/10\/560363358_18129018046480215_4080966744962723095_n-1024x1024.webp 1024w, https:\/\/15milhas.com.br\/wfe\/wp-content\/uploads\/2025\/10\/560363358_18129018046480215_4080966744962723095_n-300x300.webp 300w, https:\/\/15milhas.com.br\/wfe\/wp-content\/uploads\/2025\/10\/560363358_18129018046480215_4080966744962723095_n-150x150.webp 150w, https:\/\/15milhas.com.br\/wfe\/wp-content\/uploads\/2025\/10\/560363358_18129018046480215_4080966744962723095_n-768x768.webp 768w, https:\/\/15milhas.com.br\/wfe\/wp-content\/uploads\/2025\/10\/560363358_18129018046480215_4080966744962723095_n.webp 1440w\" sizes=\"auto, (max-width: 1024px) 100vw, 1024px\" \/><\/figure>\n<\/div>\n\n\n<p>O domingo, 5 de outubro, ficar\u00e1 marcado na hist\u00f3ria de Alecrim. O Parque de Eventos recebeu mais de 150 participantes na <strong>1\u00aa R\u00fastica Cidade de Alecrim<\/strong>, realizada pela Prefeitura Municipal em parceria com a <strong>Equipe 15 Milhas<\/strong>.<\/p>\n\n\n\n<p>Com percursos de 5 km, 2 km e trajeto infantil, o evento foi marcado por <strong>alegria, emo\u00e7\u00e3o e esp\u00edrito esportivo<\/strong>. Cada chegada foi comemorada com aplausos, sorrisos e o sentimento de conquista que s\u00f3 o esporte proporciona. <\/p>\n\n\n\n<!--more-->\n\n\n\n<p>Nosso agradecimento \u00e0 prefeita <strong>Neuza<\/strong>, ao secret\u00e1rio <strong>Marcelo<\/strong> e a toda equipe de apoio, que tornaram este momento um verdadeiro sucesso.<\/p>\n\n\n\n<p>A <strong>Equipe 15 Milhas<\/strong> marcou presen\u00e7a com entusiasmo e dedica\u00e7\u00e3o, inspirando todos com seu <strong>esp\u00edrito de equipe e motiva\u00e7\u00e3o<\/strong>. Alecrim viveu um dia inesquec\u00edvel, onde cada passo foi guiado pela <strong>paix\u00e3o, amizade e desejo de supera\u00e7\u00e3o<\/strong>.<\/p>\n\n\n\n<p>Porque <strong>correr \u00e9 mais do que competir \u2014 \u00e9 viver intensamente cada conquista e cada emo\u00e7\u00e3o<\/strong>.<\/p>\n\n\n\n<p>#R\u00fasticaDeAlecrim #15Milhas #AlecrimEmMovimento #Esporte\u00c9Vida #Supera\u00e7\u00e3o #Uni\u00e3o #CorridaDeRua #PrefeituraDeAlecrim #Gratid\u00e3o #Motiva\u00e7\u00e3o<\/p>\n","protected":false},"excerpt":{"rendered":"<p>O domingo, 5 de outubro, ficar\u00e1 marcado na hist\u00f3ria de Alecrim. O Parque de Eventos recebeu mais de 150 participantes na 1\u00aa R\u00fastica Cidade de Alecrim, realizada pela Prefeitura Municipal em parceria com a Equipe 15 Milhas. Com percursos de 5 km, 2 km e trajeto infantil, o evento foi marcado por alegria, emo\u00e7\u00e3o e [&hellip;]<\/p>\n","protected":false},"author":3,"featured_media":821,"comment_status":"closed","ping_status":"open","sticky":false,"template":"","format":"standard","meta":{"footnotes":""},"categories":[50],"tags":[],"class_list":["post-820","post","type-post","status-publish","format-standard","has-post-thumbnail","hentry","category-noticias"],"yoast_head":"<!-- This site is optimized with the Yoast SEO plugin v26.2 - https:\/\/yoast.com\/wordpress\/plugins\/seo\/ -->\n<title>1\u00aa R\u00fastica Cidade de Alecrim celebra emo\u00e7\u00e3o, supera\u00e7\u00e3o e uni\u00e3o - 15 Milhas<\/title>\n<meta name=\"robots\" content=\"index, follow, max-snippet:-1, max-image-preview:large, max-video-preview:-1\" \/>\n<link rel=\"canonical\" href=\"https:\/\/15milhas.com.br\/wfe\/1a-rustica-cidade-de-alecrim-celebra-emocao-superacao-e-uniao\/\" \/>\n<meta property=\"og:locale\" content=\"pt_BR\" \/>\n<meta property=\"og:type\" content=\"article\" \/>\n<meta property=\"og:title\" content=\"1\u00aa R\u00fastica Cidade de Alecrim celebra emo\u00e7\u00e3o, supera\u00e7\u00e3o e uni\u00e3o - 15 Milhas\" \/>\n<meta property=\"og:description\" content=\"O domingo, 5 de outubro, ficar\u00e1 marcado na hist\u00f3ria de Alecrim. O Parque de Eventos recebeu mais de 150 participantes na 1\u00aa R\u00fastica Cidade de Alecrim, realizada pela Prefeitura Municipal em parceria com a Equipe 15 Milhas. Com percursos de 5 km, 2 km e trajeto infantil, o evento foi marcado por alegria, emo\u00e7\u00e3o e [&hellip;]\" \/>\n<meta property=\"og:url\" content=\"https:\/\/15milhas.com.br\/wfe\/1a-rustica-cidade-de-alecrim-celebra-emocao-superacao-e-uniao\/\" \/>\n<meta property=\"og:site_name\" content=\"15 Milhas\" \/>\n<meta property=\"article:publisher\" content=\"https:\/\/www.facebook.com\/15MilhasdeCorredoresdeRuadeSantaRosa\" \/>\n<meta property=\"article:published_time\" content=\"2025-10-10T11:28:13+00:00\" \/>\n<meta property=\"article:modified_time\" content=\"2025-10-23T13:39:44+00:00\" \/>\n<meta property=\"og:image\" content=\"https:\/\/15milhas.com.br\/wfe\/wp-content\/uploads\/2025\/10\/560363358_18129018046480215_4080966744962723095_n.webp\" \/>\n\t<meta property=\"og:image:width\" content=\"1440\" \/>\n\t<meta property=\"og:image:height\" content=\"1440\" \/>\n\t<meta property=\"og:image:type\" content=\"image\/webp\" \/>\n<meta name=\"author\" content=\"Assessoria de Comunica\u00e7\u00e3o - 15 Milhas\" \/>\n<meta name=\"twitter:card\" content=\"summary_large_image\" \/>\n<meta name=\"twitter:label1\" content=\"Escrito por\" \/>\n\t<meta name=\"twitter:data1\" content=\"Assessoria de Comunica\u00e7\u00e3o - 15 Milhas\" \/>\n\t<meta name=\"twitter:label2\" content=\"Est. tempo de leitura\" \/>\n\t<meta name=\"twitter:data2\" content=\"1 minuto\" \/>\n<script type=\"application\/ld+json\" class=\"yoast-schema-graph\">{\"@context\":\"https:\/\/schema.org\",\"@graph\":[{\"@type\":\"Article\",\"@id\":\"https:\/\/15milhas.com.br\/wfe\/1a-rustica-cidade-de-alecrim-celebra-emocao-superacao-e-uniao\/#article\",\"isPartOf\":{\"@id\":\"https:\/\/15milhas.com.br\/wfe\/1a-rustica-cidade-de-alecrim-celebra-emocao-superacao-e-uniao\/\"},\"author\":{\"name\":\"Assessoria de Comunica\u00e7\u00e3o - 15 Milhas\",\"@id\":\"https:\/\/15milhas.com.br\/wfe\/#\/schema\/person\/bd61dde135687ca5fc7183d3fbf0a6d6\"},\"headline\":\"1\u00aa R\u00fastica Cidade de Alecrim celebra emo\u00e7\u00e3o, supera\u00e7\u00e3o e uni\u00e3o\",\"datePublished\":\"2025-10-10T11:28:13+00:00\",\"dateModified\":\"2025-10-23T13:39:44+00:00\",\"mainEntityOfPage\":{\"@id\":\"https:\/\/15milhas.com.br\/wfe\/1a-rustica-cidade-de-alecrim-celebra-emocao-superacao-e-uniao\/\"},\"wordCount\":178,\"publisher\":{\"@id\":\"https:\/\/15milhas.com.br\/wfe\/#organization\"},\"image\":{\"@id\":\"https:\/\/15milhas.com.br\/wfe\/1a-rustica-cidade-de-alecrim-celebra-emocao-superacao-e-uniao\/#primaryimage\"},\"thumbnailUrl\":\"https:\/\/15milhas.com.br\/wfe\/wp-content\/uploads\/2025\/10\/560363358_18129018046480215_4080966744962723095_n.webp\",\"articleSection\":[\"Noticias\"],\"inLanguage\":\"pt-BR\"},{\"@type\":\"WebPage\",\"@id\":\"https:\/\/15milhas.com.br\/wfe\/1a-rustica-cidade-de-alecrim-celebra-emocao-superacao-e-uniao\/\",\"url\":\"https:\/\/15milhas.com.br\/wfe\/1a-rustica-cidade-de-alecrim-celebra-emocao-superacao-e-uniao\/\",\"name\":\"1\u00aa R\u00fastica Cidade de Alecrim celebra emo\u00e7\u00e3o, supera\u00e7\u00e3o e uni\u00e3o - 15 Milhas\",\"isPartOf\":{\"@id\":\"https:\/\/15milhas.com.br\/wfe\/#website\"},\"primaryImageOfPage\":{\"@id\":\"https:\/\/15milhas.com.br\/wfe\/1a-rustica-cidade-de-alecrim-celebra-emocao-superacao-e-uniao\/#primaryimage\"},\"image\":{\"@id\":\"https:\/\/15milhas.com.br\/wfe\/1a-rustica-cidade-de-alecrim-celebra-emocao-superacao-e-uniao\/#primaryimage\"},\"thumbnailUrl\":\"https:\/\/15milhas.com.br\/wfe\/wp-content\/uploads\/2025\/10\/560363358_18129018046480215_4080966744962723095_n.webp\",\"datePublished\":\"2025-10-10T11:28:13+00:00\",\"dateModified\":\"2025-10-23T13:39:44+00:00\",\"breadcrumb\":{\"@id\":\"https:\/\/15milhas.com.br\/wfe\/1a-rustica-cidade-de-alecrim-celebra-emocao-superacao-e-uniao\/#breadcrumb\"},\"inLanguage\":\"pt-BR\",\"potentialAction\":[{\"@type\":\"ReadAction\",\"target\":[\"https:\/\/15milhas.com.br\/wfe\/1a-rustica-cidade-de-alecrim-celebra-emocao-superacao-e-uniao\/\"]}]},{\"@type\":\"ImageObject\",\"inLanguage\":\"pt-BR\",\"@id\":\"https:\/\/15milhas.com.br\/wfe\/1a-rustica-cidade-de-alecrim-celebra-emocao-superacao-e-uniao\/#primaryimage\",\"url\":\"https:\/\/15milhas.com.br\/wfe\/wp-content\/uploads\/2025\/10\/560363358_18129018046480215_4080966744962723095_n.webp\",\"contentUrl\":\"https:\/\/15milhas.com.br\/wfe\/wp-content\/uploads\/2025\/10\/560363358_18129018046480215_4080966744962723095_n.webp\",\"width\":1440,\"height\":1440},{\"@type\":\"BreadcrumbList\",\"@id\":\"https:\/\/15milhas.com.br\/wfe\/1a-rustica-cidade-de-alecrim-celebra-emocao-superacao-e-uniao\/#breadcrumb\",\"itemListElement\":[{\"@type\":\"ListItem\",\"position\":1,\"name\":\"In\u00edcio\",\"item\":\"https:\/\/15milhas.com.br\/wfe\/\"},{\"@type\":\"ListItem\",\"position\":2,\"name\":\"1\u00aa R\u00fastica Cidade de Alecrim celebra emo\u00e7\u00e3o, supera\u00e7\u00e3o e uni\u00e3o\"}]},{\"@type\":\"WebSite\",\"@id\":\"https:\/\/15milhas.com.br\/wfe\/#website\",\"url\":\"https:\/\/15milhas.com.br\/wfe\/\",\"name\":\"15 Milhas\",\"description\":\"Associa\u00e7\u00e3o de Corredores de Rua de Santa Rosa\",\"publisher\":{\"@id\":\"https:\/\/15milhas.com.br\/wfe\/#organization\"},\"potentialAction\":[{\"@type\":\"SearchAction\",\"target\":{\"@type\":\"EntryPoint\",\"urlTemplate\":\"https:\/\/15milhas.com.br\/wfe\/?s={search_term_string}\"},\"query-input\":{\"@type\":\"PropertyValueSpecification\",\"valueRequired\":true,\"valueName\":\"search_term_string\"}}],\"inLanguage\":\"pt-BR\"},{\"@type\":\"Organization\",\"@id\":\"https:\/\/15milhas.com.br\/wfe\/#organization\",\"name\":\"15 Milhas\",\"url\":\"https:\/\/15milhas.com.br\/wfe\/\",\"logo\":{\"@type\":\"ImageObject\",\"inLanguage\":\"pt-BR\",\"@id\":\"https:\/\/15milhas.com.br\/wfe\/#\/schema\/logo\/image\/\",\"url\":\"https:\/\/15milhas.com.br\/wfe\/wp-content\/uploads\/2022\/05\/logo-2.png\",\"contentUrl\":\"https:\/\/15milhas.com.br\/wfe\/wp-content\/uploads\/2022\/05\/logo-2.png\",\"width\":2236,\"height\":986,\"caption\":\"15 Milhas\"},\"image\":{\"@id\":\"https:\/\/15milhas.com.br\/wfe\/#\/schema\/logo\/image\/\"},\"sameAs\":[\"https:\/\/www.facebook.com\/15MilhasdeCorredoresdeRuadeSantaRosa\",\"https:\/\/www.instagram.com\/15_milhas\/\"]},{\"@type\":\"Person\",\"@id\":\"https:\/\/15milhas.com.br\/wfe\/#\/schema\/person\/bd61dde135687ca5fc7183d3fbf0a6d6\",\"name\":\"Assessoria de Comunica\u00e7\u00e3o - 15 Milhas\",\"url\":\"https:\/\/15milhas.com.br\/wfe\/author\/digitalhelp\/\"}]}<\/script>\n<!-- \/ Yoast SEO plugin. -->","yoast_head_json":{"title":"1\u00aa R\u00fastica Cidade de Alecrim celebra emo\u00e7\u00e3o, supera\u00e7\u00e3o e uni\u00e3o - 15 Milhas","robots":{"index":"index","follow":"follow","max-snippet":"max-snippet:-1","max-image-preview":"max-image-preview:large","max-video-preview":"max-video-preview:-1"},"canonical":"https:\/\/15milhas.com.br\/wfe\/1a-rustica-cidade-de-alecrim-celebra-emocao-superacao-e-uniao\/","og_locale":"pt_BR","og_type":"article","og_title":"1\u00aa R\u00fastica Cidade de Alecrim celebra emo\u00e7\u00e3o, supera\u00e7\u00e3o e uni\u00e3o - 15 Milhas","og_description":"O domingo, 5 de outubro, ficar\u00e1 marcado na hist\u00f3ria de Alecrim. O Parque de Eventos recebeu mais de 150 participantes na 1\u00aa R\u00fastica Cidade de Alecrim, realizada pela Prefeitura Municipal em parceria com a Equipe 15 Milhas. Com percursos de 5 km, 2 km e trajeto infantil, o evento foi marcado por alegria, emo\u00e7\u00e3o e [&hellip;]","og_url":"https:\/\/15milhas.com.br\/wfe\/1a-rustica-cidade-de-alecrim-celebra-emocao-superacao-e-uniao\/","og_site_name":"15 Milhas","article_publisher":"https:\/\/www.facebook.com\/15MilhasdeCorredoresdeRuadeSantaRosa","article_published_time":"2025-10-10T11:28:13+00:00","article_modified_time":"2025-10-23T13:39:44+00:00","og_image":[{"width":1440,"height":1440,"url":"https:\/\/15milhas.com.br\/wfe\/wp-content\/uploads\/2025\/10\/560363358_18129018046480215_4080966744962723095_n.webp","type":"image\/webp"}],"author":"Assessoria de Comunica\u00e7\u00e3o - 15 Milhas","twitter_card":"summary_large_image","twitter_misc":{"Escrito por":"Assessoria de Comunica\u00e7\u00e3o - 15 Milhas","Est. tempo de leitura":"1 minuto"},"schema":{"@context":"https:\/\/schema.org","@graph":[{"@type":"Article","@id":"https:\/\/15milhas.com.br\/wfe\/1a-rustica-cidade-de-alecrim-celebra-emocao-superacao-e-uniao\/#article","isPartOf":{"@id":"https:\/\/15milhas.com.br\/wfe\/1a-rustica-cidade-de-alecrim-celebra-emocao-superacao-e-uniao\/"},"author":{"name":"Assessoria de Comunica\u00e7\u00e3o - 15 Milhas","@id":"https:\/\/15milhas.com.br\/wfe\/#\/schema\/person\/bd61dde135687ca5fc7183d3fbf0a6d6"},"headline":"1\u00aa R\u00fastica Cidade de Alecrim celebra emo\u00e7\u00e3o, supera\u00e7\u00e3o e uni\u00e3o","datePublished":"2025-10-10T11:28:13+00:00","dateModified":"2025-10-23T13:39:44+00:00","mainEntityOfPage":{"@id":"https:\/\/15milhas.com.br\/wfe\/1a-rustica-cidade-de-alecrim-celebra-emocao-superacao-e-uniao\/"},"wordCount":178,"publisher":{"@id":"https:\/\/15milhas.com.br\/wfe\/#organization"},"image":{"@id":"https:\/\/15milhas.com.br\/wfe\/1a-rustica-cidade-de-alecrim-celebra-emocao-superacao-e-uniao\/#primaryimage"},"thumbnailUrl":"https:\/\/15milhas.com.br\/wfe\/wp-content\/uploads\/2025\/10\/560363358_18129018046480215_4080966744962723095_n.webp","articleSection":["Noticias"],"inLanguage":"pt-BR"},{"@type":"WebPage","@id":"https:\/\/15milhas.com.br\/wfe\/1a-rustica-cidade-de-alecrim-celebra-emocao-superacao-e-uniao\/","url":"https:\/\/15milhas.com.br\/wfe\/1a-rustica-cidade-de-alecrim-celebra-emocao-superacao-e-uniao\/","name":"1\u00aa R\u00fastica Cidade de Alecrim celebra emo\u00e7\u00e3o, supera\u00e7\u00e3o e uni\u00e3o - 15 Milhas","isPartOf":{"@id":"https:\/\/15milhas.com.br\/wfe\/#website"},"primaryImageOfPage":{"@id":"https:\/\/15milhas.com.br\/wfe\/1a-rustica-cidade-de-alecrim-celebra-emocao-superacao-e-uniao\/#primaryimage"},"image":{"@id":"https:\/\/15milhas.com.br\/wfe\/1a-rustica-cidade-de-alecrim-celebra-emocao-superacao-e-uniao\/#primaryimage"},"thumbnailUrl":"https:\/\/15milhas.com.br\/wfe\/wp-content\/uploads\/2025\/10\/560363358_18129018046480215_4080966744962723095_n.webp","datePublished":"2025-10-10T11:28:13+00:00","dateModified":"2025-10-23T13:39:44+00:00","breadcrumb":{"@id":"https:\/\/15milhas.com.br\/wfe\/1a-rustica-cidade-de-alecrim-celebra-emocao-superacao-e-uniao\/#breadcrumb"},"inLanguage":"pt-BR","potentialAction":[{"@type":"ReadAction","target":["https:\/\/15milhas.com.br\/wfe\/1a-rustica-cidade-de-alecrim-celebra-emocao-superacao-e-uniao\/"]}]},{"@type":"ImageObject","inLanguage":"pt-BR","@id":"https:\/\/15milhas.com.br\/wfe\/1a-rustica-cidade-de-alecrim-celebra-emocao-superacao-e-uniao\/#primaryimage","url":"https:\/\/15milhas.com.br\/wfe\/wp-content\/uploads\/2025\/10\/560363358_18129018046480215_4080966744962723095_n.webp","contentUrl":"https:\/\/15milhas.com.br\/wfe\/wp-content\/uploads\/2025\/10\/560363358_18129018046480215_4080966744962723095_n.webp","width":1440,"height":1440},{"@type":"BreadcrumbList","@id":"https:\/\/15milhas.com.br\/wfe\/1a-rustica-cidade-de-alecrim-celebra-emocao-superacao-e-uniao\/#breadcrumb","itemListElement":[{"@type":"ListItem","position":1,"name":"In\u00edcio","item":"https:\/\/15milhas.com.br\/wfe\/"},{"@type":"ListItem","position":2,"name":"1\u00aa R\u00fastica Cidade de Alecrim celebra emo\u00e7\u00e3o, supera\u00e7\u00e3o e uni\u00e3o"}]},{"@type":"WebSite","@id":"https:\/\/15milhas.com.br\/wfe\/#website","url":"https:\/\/15milhas.com.br\/wfe\/","name":"15 Milhas","description":"Associa\u00e7\u00e3o de Corredores de Rua de Santa Rosa","publisher":{"@id":"https:\/\/15milhas.com.br\/wfe\/#organization"},"potentialAction":[{"@type":"SearchAction","target":{"@type":"EntryPoint","urlTemplate":"https:\/\/15milhas.com.br\/wfe\/?s={search_term_string}"},"query-input":{"@type":"PropertyValueSpecification","valueRequired":true,"valueName":"search_term_string"}}],"inLanguage":"pt-BR"},{"@type":"Organization","@id":"https:\/\/15milhas.com.br\/wfe\/#organization","name":"15 Milhas","url":"https:\/\/15milhas.com.br\/wfe\/","logo":{"@type":"ImageObject","inLanguage":"pt-BR","@id":"https:\/\/15milhas.com.br\/wfe\/#\/schema\/logo\/image\/","url":"https:\/\/15milhas.com.br\/wfe\/wp-content\/uploads\/2022\/05\/logo-2.png","contentUrl":"https:\/\/15milhas.com.br\/wfe\/wp-content\/uploads\/2022\/05\/logo-2.png","width":2236,"height":986,"caption":"15 Milhas"},"image":{"@id":"https:\/\/15milhas.com.br\/wfe\/#\/schema\/logo\/image\/"},"sameAs":["https:\/\/www.facebook.com\/15MilhasdeCorredoresdeRuadeSantaRosa","https:\/\/www.instagram.com\/15_milhas\/"]},{"@type":"Person","@id":"https:\/\/15milhas.com.br\/wfe\/#\/schema\/person\/bd61dde135687ca5fc7183d3fbf0a6d6","name":"Assessoria de Comunica\u00e7\u00e3o - 15 Milhas","url":"https:\/\/15milhas.com.br\/wfe\/author\/digitalhelp\/"}]}},"rttpg_featured_image_url":{"full":["https:\/\/15milhas.com.br\/wfe\/wp-content\/uploads\/2025\/10\/560363358_18129018046480215_4080966744962723095_n.webp",1440,1440,false],"landscape":["https:\/\/15milhas.com.br\/wfe\/wp-content\/uploads\/2025\/10\/560363358_18129018046480215_4080966744962723095_n.webp",1440,1440,false],"portraits":["https:\/\/15milhas.com.br\/wfe\/wp-content\/uploads\/2025\/10\/560363358_18129018046480215_4080966744962723095_n.webp",1440,1440,false],"thumbnail":["https:\/\/15milhas.com.br\/wfe\/wp-content\/uploads\/2025\/10\/560363358_18129018046480215_4080966744962723095_n-150x150.webp",150,150,true],"medium":["https:\/\/15milhas.com.br\/wfe\/wp-content\/uploads\/2025\/10\/560363358_18129018046480215_4080966744962723095_n-300x300.webp",300,300,true],"large":["https:\/\/15milhas.com.br\/wfe\/wp-content\/uploads\/2025\/10\/560363358_18129018046480215_4080966744962723095_n-1024x1024.webp",1024,1024,true],"1536x1536":["https:\/\/15milhas.com.br\/wfe\/wp-content\/uploads\/2025\/10\/560363358_18129018046480215_4080966744962723095_n.webp",1440,1440,false],"2048x2048":["https:\/\/15milhas.com.br\/wfe\/wp-content\/uploads\/2025\/10\/560363358_18129018046480215_4080966744962723095_n.webp",1440,1440,false]},"rttpg_author":{"display_name":"Assessoria de Comunica\u00e7\u00e3o - 15 Milhas","author_link":"https:\/\/15milhas.com.br\/wfe\/author\/digitalhelp\/"},"rttpg_comment":0,"rttpg_category":"<a href=\"https:\/\/15milhas.com.br\/wfe\/category\/noticias\/\" rel=\"category tag\">Noticias<\/a>","rttpg_excerpt":"O domingo, 5 de outubro, ficar\u00e1 marcado na hist\u00f3ria de Alecrim. O Parque de Eventos recebeu mais de 150 participantes na 1\u00aa R\u00fastica Cidade de Alecrim, realizada pela Prefeitura Municipal em parceria com a Equipe 15 Milhas. Com percursos de 5 km, 2 km e trajeto infantil, o evento foi marcado por alegria, emo\u00e7\u00e3o e&hellip;","_links":{"self":[{"href":"https:\/\/15milhas.com.br\/wfe\/wp-json\/wp\/v2\/posts\/820","targetHints":{"allow":["GET"]}}],"collection":[{"href":"https:\/\/15milhas.com.br\/wfe\/wp-json\/wp\/v2\/posts"}],"about":[{"href":"https:\/\/15milhas.com.br\/wfe\/wp-json\/wp\/v2\/types\/post"}],"author":[{"embeddable":true,"href":"https:\/\/15milhas.com.br\/wfe\/wp-json\/wp\/v2\/users\/3"}],"replies":[{"embeddable":true,"href":"https:\/\/15milhas.com.br\/wfe\/wp-json\/wp\/v2\/comments?post=820"}],"version-history":[{"count":1,"href":"https:\/\/15milhas.com.br\/wfe\/wp-json\/wp\/v2\/posts\/820\/revisions"}],"predecessor-version":[{"id":822,"href":"https:\/\/15milhas.com.br\/wfe\/wp-json\/wp\/v2\/posts\/820\/revisions\/822"}],"wp:featuredmedia":[{"embeddable":true,"href":"https:\/\/15milhas.com.br\/wfe\/wp-json\/wp\/v2\/media\/821"}],"wp:attachment":[{"href":"https:\/\/15milhas.com.br\/wfe\/wp-json\/wp\/v2\/media?parent=820"}],"wp:term":[{"taxonomy":"category","embeddable":true,"href":"https:\/\/15milhas.com.br\/wfe\/wp-json\/wp\/v2\/categories?post=820"},{"taxonomy":"post_tag","embeddable":true,"href":"https:\/\/15milhas.com.br\/wfe\/wp-json\/wp\/v2\/tags?post=820"}],"curies":[{"name":"wp","href":"https:\/\/api.w.org\/{rel}","templated":true}]}}