{"id":823,"date":"2025-10-05T11:31:31","date_gmt":"2025-10-05T11:31:31","guid":{"rendered":"https:\/\/15milhas.com.br\/wfe\/?p=823"},"modified":"2025-10-23T13:38:41","modified_gmt":"2025-10-23T13:38:41","slug":"marcia-keniana-conquista-2o-lugar-na-28a-meia-maratona-internacional-de-uruguaiana","status":"publish","type":"post","link":"https:\/\/15milhas.com.br\/wfe\/marcia-keniana-conquista-2o-lugar-na-28a-meia-maratona-internacional-de-uruguaiana\/","title":{"rendered":"M\u00e1rcia Keniana conquista 2\u00ba lugar na 28\u00aa Meia Maratona Internacional de Uruguaiana"},"content":{"rendered":"<div class=\"wp-block-image\">\n<figure class=\"alignleft size-full is-resized\"><img loading=\"lazy\" decoding=\"async\" width=\"640\" height=\"800\" src=\"https:\/\/15milhas.com.br\/wfe\/wp-content\/uploads\/2025\/10\/559898987_18129136099480215_7634761505639221866_n.webp\" alt=\"\" class=\"wp-image-824\" style=\"width:439px;height:auto\" srcset=\"https:\/\/15milhas.com.br\/wfe\/wp-content\/uploads\/2025\/10\/559898987_18129136099480215_7634761505639221866_n.webp 640w, https:\/\/15milhas.com.br\/wfe\/wp-content\/uploads\/2025\/10\/559898987_18129136099480215_7634761505639221866_n-240x300.webp 240w\" sizes=\"auto, (max-width: 640px) 100vw, 640px\" \/><\/figure>\n<\/div>\n\n\n<p>No \u00faltimo dia 5 de outubro, nossa atleta <strong>M\u00e1rcia Keniana<\/strong> brilhou na <strong>28\u00aa Meia Maratona Internacional de Uruguaiana<\/strong>, uma prova que reuniu corredores do Brasil, Argentina e Uruguai.<\/p>\n\n\n\n<p>Foram <strong>21 km desafiadores<\/strong>, com largada em Uruguaiana, passagem por Paso de Los Libres (Argentina) e chegada triunfante em solo brasileiro. M\u00e1rcia conquistou o <strong>2\u00ba lugar em sua categoria<\/strong>, representando com orgulho a <strong>Equipe 15 Milhas<\/strong> e mostrando que esfor\u00e7o, disciplina e f\u00e9 sempre valem a pena.<\/p>\n\n\n\n<!--more-->\n\n\n\n<p>Em suas palavras:<br><em>&#8220;Agrade\u00e7o a Deus, \u00e0 minha Equipe 15 Milhas, ao meu personal Daniel Massirer da DM Treinamento Personalizado, \u00e0 minha patrocinadora Professora Itatiana Almeida, aos meus familiares, amigos e especialmente \u00e0quelas pessoas que me deram carona de Restinga Seca at\u00e9 Santa Maria, ida e volta. Gratid\u00e3o por cada apoio e incentivo.&#8221;<\/em><\/p>\n\n\n\n<p>Cada conquista fortalece ainda mais o esp\u00edrito da nossa equipe, formada por pessoas que acreditam no poder do esporte para <strong>transformar vidas, conectar cora\u00e7\u00f5es e ultrapassar fronteiras<\/strong>.<\/p>\n\n\n\n<p>Parab\u00e9ns, M\u00e1rcia! Voc\u00ea \u00e9 motivo de orgulho e exemplo de que <strong>quando o corpo cansa, \u00e9 o cora\u00e7\u00e3o que continua correndo<\/strong>.<\/p>\n\n\n\n<p>#Equipe15Milhas #MeiaMaratonaInternacional #Uruguaiana #Atletismo #Determina\u00e7\u00e3o #Foco #Supera\u00e7\u00e3o #For\u00e7a #CorredoresQueInspiram #Gratid\u00e3o #Orgulho15Milhas #AmorPeloEsporte<\/p>\n","protected":false},"excerpt":{"rendered":"<p>No \u00faltimo dia 5 de outubro, nossa atleta M\u00e1rcia Keniana brilhou na 28\u00aa Meia Maratona Internacional de Uruguaiana, uma prova que reuniu corredores do Brasil, Argentina e Uruguai. Foram 21 km desafiadores, com largada em Uruguaiana, passagem por Paso de Los Libres (Argentina) e chegada triunfante em solo brasileiro. M\u00e1rcia conquistou o 2\u00ba lugar em [&hellip;]<\/p>\n","protected":false},"author":3,"featured_media":824,"comment_status":"closed","ping_status":"open","sticky":false,"template":"","format":"standard","meta":{"footnotes":""},"categories":[50],"tags":[],"class_list":["post-823","post","type-post","status-publish","format-standard","has-post-thumbnail","hentry","category-noticias"],"yoast_head":"<!-- This site is optimized with the Yoast SEO plugin v26.2 - https:\/\/yoast.com\/wordpress\/plugins\/seo\/ -->\n<title>M\u00e1rcia Keniana conquista 2\u00ba lugar na 28\u00aa Meia Maratona Internacional de Uruguaiana - 15 Milhas<\/title>\n<meta name=\"robots\" content=\"index, follow, max-snippet:-1, max-image-preview:large, max-video-preview:-1\" \/>\n<link rel=\"canonical\" href=\"https:\/\/15milhas.com.br\/wfe\/marcia-keniana-conquista-2o-lugar-na-28a-meia-maratona-internacional-de-uruguaiana\/\" \/>\n<meta property=\"og:locale\" content=\"pt_BR\" \/>\n<meta property=\"og:type\" content=\"article\" \/>\n<meta property=\"og:title\" content=\"M\u00e1rcia Keniana conquista 2\u00ba lugar na 28\u00aa Meia Maratona Internacional de Uruguaiana - 15 Milhas\" \/>\n<meta property=\"og:description\" content=\"No \u00faltimo dia 5 de outubro, nossa atleta M\u00e1rcia Keniana brilhou na 28\u00aa Meia Maratona Internacional de Uruguaiana, uma prova que reuniu corredores do Brasil, Argentina e Uruguai. Foram 21 km desafiadores, com largada em Uruguaiana, passagem por Paso de Los Libres (Argentina) e chegada triunfante em solo brasileiro. M\u00e1rcia conquistou o 2\u00ba lugar em [&hellip;]\" \/>\n<meta property=\"og:url\" content=\"https:\/\/15milhas.com.br\/wfe\/marcia-keniana-conquista-2o-lugar-na-28a-meia-maratona-internacional-de-uruguaiana\/\" \/>\n<meta property=\"og:site_name\" content=\"15 Milhas\" \/>\n<meta property=\"article:publisher\" content=\"https:\/\/www.facebook.com\/15MilhasdeCorredoresdeRuadeSantaRosa\" \/>\n<meta property=\"article:published_time\" content=\"2025-10-05T11:31:31+00:00\" \/>\n<meta property=\"article:modified_time\" content=\"2025-10-23T13:38:41+00:00\" \/>\n<meta property=\"og:image\" content=\"https:\/\/15milhas.com.br\/wfe\/wp-content\/uploads\/2025\/10\/559898987_18129136099480215_7634761505639221866_n.webp\" \/>\n\t<meta property=\"og:image:width\" content=\"640\" \/>\n\t<meta property=\"og:image:height\" content=\"800\" \/>\n\t<meta property=\"og:image:type\" content=\"image\/webp\" \/>\n<meta name=\"author\" content=\"Assessoria de Comunica\u00e7\u00e3o - 15 Milhas\" \/>\n<meta name=\"twitter:card\" content=\"summary_large_image\" \/>\n<meta name=\"twitter:label1\" content=\"Escrito por\" \/>\n\t<meta name=\"twitter:data1\" content=\"Assessoria de Comunica\u00e7\u00e3o - 15 Milhas\" \/>\n\t<meta name=\"twitter:label2\" content=\"Est. tempo de leitura\" \/>\n\t<meta name=\"twitter:data2\" content=\"1 minuto\" \/>\n<script type=\"application\/ld+json\" class=\"yoast-schema-graph\">{\"@context\":\"https:\/\/schema.org\",\"@graph\":[{\"@type\":\"Article\",\"@id\":\"https:\/\/15milhas.com.br\/wfe\/marcia-keniana-conquista-2o-lugar-na-28a-meia-maratona-internacional-de-uruguaiana\/#article\",\"isPartOf\":{\"@id\":\"https:\/\/15milhas.com.br\/wfe\/marcia-keniana-conquista-2o-lugar-na-28a-meia-maratona-internacional-de-uruguaiana\/\"},\"author\":{\"name\":\"Assessoria de Comunica\u00e7\u00e3o - 15 Milhas\",\"@id\":\"https:\/\/15milhas.com.br\/wfe\/#\/schema\/person\/bd61dde135687ca5fc7183d3fbf0a6d6\"},\"headline\":\"M\u00e1rcia Keniana conquista 2\u00ba lugar na 28\u00aa Meia Maratona Internacional de Uruguaiana\",\"datePublished\":\"2025-10-05T11:31:31+00:00\",\"dateModified\":\"2025-10-23T13:38:41+00:00\",\"mainEntityOfPage\":{\"@id\":\"https:\/\/15milhas.com.br\/wfe\/marcia-keniana-conquista-2o-lugar-na-28a-meia-maratona-internacional-de-uruguaiana\/\"},\"wordCount\":205,\"publisher\":{\"@id\":\"https:\/\/15milhas.com.br\/wfe\/#organization\"},\"image\":{\"@id\":\"https:\/\/15milhas.com.br\/wfe\/marcia-keniana-conquista-2o-lugar-na-28a-meia-maratona-internacional-de-uruguaiana\/#primaryimage\"},\"thumbnailUrl\":\"https:\/\/15milhas.com.br\/wfe\/wp-content\/uploads\/2025\/10\/559898987_18129136099480215_7634761505639221866_n.webp\",\"articleSection\":[\"Noticias\"],\"inLanguage\":\"pt-BR\"},{\"@type\":\"WebPage\",\"@id\":\"https:\/\/15milhas.com.br\/wfe\/marcia-keniana-conquista-2o-lugar-na-28a-meia-maratona-internacional-de-uruguaiana\/\",\"url\":\"https:\/\/15milhas.com.br\/wfe\/marcia-keniana-conquista-2o-lugar-na-28a-meia-maratona-internacional-de-uruguaiana\/\",\"name\":\"M\u00e1rcia Keniana conquista 2\u00ba lugar na 28\u00aa Meia Maratona Internacional de Uruguaiana - 15 Milhas\",\"isPartOf\":{\"@id\":\"https:\/\/15milhas.com.br\/wfe\/#website\"},\"primaryImageOfPage\":{\"@id\":\"https:\/\/15milhas.com.br\/wfe\/marcia-keniana-conquista-2o-lugar-na-28a-meia-maratona-internacional-de-uruguaiana\/#primaryimage\"},\"image\":{\"@id\":\"https:\/\/15milhas.com.br\/wfe\/marcia-keniana-conquista-2o-lugar-na-28a-meia-maratona-internacional-de-uruguaiana\/#primaryimage\"},\"thumbnailUrl\":\"https:\/\/15milhas.com.br\/wfe\/wp-content\/uploads\/2025\/10\/559898987_18129136099480215_7634761505639221866_n.webp\",\"datePublished\":\"2025-10-05T11:31:31+00:00\",\"dateModified\":\"2025-10-23T13:38:41+00:00\",\"breadcrumb\":{\"@id\":\"https:\/\/15milhas.com.br\/wfe\/marcia-keniana-conquista-2o-lugar-na-28a-meia-maratona-internacional-de-uruguaiana\/#breadcrumb\"},\"inLanguage\":\"pt-BR\",\"potentialAction\":[{\"@type\":\"ReadAction\",\"target\":[\"https:\/\/15milhas.com.br\/wfe\/marcia-keniana-conquista-2o-lugar-na-28a-meia-maratona-internacional-de-uruguaiana\/\"]}]},{\"@type\":\"ImageObject\",\"inLanguage\":\"pt-BR\",\"@id\":\"https:\/\/15milhas.com.br\/wfe\/marcia-keniana-conquista-2o-lugar-na-28a-meia-maratona-internacional-de-uruguaiana\/#primaryimage\",\"url\":\"https:\/\/15milhas.com.br\/wfe\/wp-content\/uploads\/2025\/10\/559898987_18129136099480215_7634761505639221866_n.webp\",\"contentUrl\":\"https:\/\/15milhas.com.br\/wfe\/wp-content\/uploads\/2025\/10\/559898987_18129136099480215_7634761505639221866_n.webp\",\"width\":640,\"height\":800},{\"@type\":\"BreadcrumbList\",\"@id\":\"https:\/\/15milhas.com.br\/wfe\/marcia-keniana-conquista-2o-lugar-na-28a-meia-maratona-internacional-de-uruguaiana\/#breadcrumb\",\"itemListElement\":[{\"@type\":\"ListItem\",\"position\":1,\"name\":\"In\u00edcio\",\"item\":\"https:\/\/15milhas.com.br\/wfe\/\"},{\"@type\":\"ListItem\",\"position\":2,\"name\":\"M\u00e1rcia Keniana conquista 2\u00ba lugar na 28\u00aa Meia Maratona Internacional de Uruguaiana\"}]},{\"@type\":\"WebSite\",\"@id\":\"https:\/\/15milhas.com.br\/wfe\/#website\",\"url\":\"https:\/\/15milhas.com.br\/wfe\/\",\"name\":\"15 Milhas\",\"description\":\"Associa\u00e7\u00e3o de Corredores de Rua de Santa Rosa\",\"publisher\":{\"@id\":\"https:\/\/15milhas.com.br\/wfe\/#organization\"},\"potentialAction\":[{\"@type\":\"SearchAction\",\"target\":{\"@type\":\"EntryPoint\",\"urlTemplate\":\"https:\/\/15milhas.com.br\/wfe\/?s={search_term_string}\"},\"query-input\":{\"@type\":\"PropertyValueSpecification\",\"valueRequired\":true,\"valueName\":\"search_term_string\"}}],\"inLanguage\":\"pt-BR\"},{\"@type\":\"Organization\",\"@id\":\"https:\/\/15milhas.com.br\/wfe\/#organization\",\"name\":\"15 Milhas\",\"url\":\"https:\/\/15milhas.com.br\/wfe\/\",\"logo\":{\"@type\":\"ImageObject\",\"inLanguage\":\"pt-BR\",\"@id\":\"https:\/\/15milhas.com.br\/wfe\/#\/schema\/logo\/image\/\",\"url\":\"https:\/\/15milhas.com.br\/wfe\/wp-content\/uploads\/2022\/05\/logo-2.png\",\"contentUrl\":\"https:\/\/15milhas.com.br\/wfe\/wp-content\/uploads\/2022\/05\/logo-2.png\",\"width\":2236,\"height\":986,\"caption\":\"15 Milhas\"},\"image\":{\"@id\":\"https:\/\/15milhas.com.br\/wfe\/#\/schema\/logo\/image\/\"},\"sameAs\":[\"https:\/\/www.facebook.com\/15MilhasdeCorredoresdeRuadeSantaRosa\",\"https:\/\/www.instagram.com\/15_milhas\/\"]},{\"@type\":\"Person\",\"@id\":\"https:\/\/15milhas.com.br\/wfe\/#\/schema\/person\/bd61dde135687ca5fc7183d3fbf0a6d6\",\"name\":\"Assessoria de Comunica\u00e7\u00e3o - 15 Milhas\",\"url\":\"https:\/\/15milhas.com.br\/wfe\/author\/digitalhelp\/\"}]}<\/script>\n<!-- \/ Yoast SEO plugin. -->","yoast_head_json":{"title":"M\u00e1rcia Keniana conquista 2\u00ba lugar na 28\u00aa Meia Maratona Internacional de Uruguaiana - 15 Milhas","robots":{"index":"index","follow":"follow","max-snippet":"max-snippet:-1","max-image-preview":"max-image-preview:large","max-video-preview":"max-video-preview:-1"},"canonical":"https:\/\/15milhas.com.br\/wfe\/marcia-keniana-conquista-2o-lugar-na-28a-meia-maratona-internacional-de-uruguaiana\/","og_locale":"pt_BR","og_type":"article","og_title":"M\u00e1rcia Keniana conquista 2\u00ba lugar na 28\u00aa Meia Maratona Internacional de Uruguaiana - 15 Milhas","og_description":"No \u00faltimo dia 5 de outubro, nossa atleta M\u00e1rcia Keniana brilhou na 28\u00aa Meia Maratona Internacional de Uruguaiana, uma prova que reuniu corredores do Brasil, Argentina e Uruguai. Foram 21 km desafiadores, com largada em Uruguaiana, passagem por Paso de Los Libres (Argentina) e chegada triunfante em solo brasileiro. M\u00e1rcia conquistou o 2\u00ba lugar em [&hellip;]","og_url":"https:\/\/15milhas.com.br\/wfe\/marcia-keniana-conquista-2o-lugar-na-28a-meia-maratona-internacional-de-uruguaiana\/","og_site_name":"15 Milhas","article_publisher":"https:\/\/www.facebook.com\/15MilhasdeCorredoresdeRuadeSantaRosa","article_published_time":"2025-10-05T11:31:31+00:00","article_modified_time":"2025-10-23T13:38:41+00:00","og_image":[{"width":640,"height":800,"url":"https:\/\/15milhas.com.br\/wfe\/wp-content\/uploads\/2025\/10\/559898987_18129136099480215_7634761505639221866_n.webp","type":"image\/webp"}],"author":"Assessoria de Comunica\u00e7\u00e3o - 15 Milhas","twitter_card":"summary_large_image","twitter_misc":{"Escrito por":"Assessoria de Comunica\u00e7\u00e3o - 15 Milhas","Est. tempo de leitura":"1 minuto"},"schema":{"@context":"https:\/\/schema.org","@graph":[{"@type":"Article","@id":"https:\/\/15milhas.com.br\/wfe\/marcia-keniana-conquista-2o-lugar-na-28a-meia-maratona-internacional-de-uruguaiana\/#article","isPartOf":{"@id":"https:\/\/15milhas.com.br\/wfe\/marcia-keniana-conquista-2o-lugar-na-28a-meia-maratona-internacional-de-uruguaiana\/"},"author":{"name":"Assessoria de Comunica\u00e7\u00e3o - 15 Milhas","@id":"https:\/\/15milhas.com.br\/wfe\/#\/schema\/person\/bd61dde135687ca5fc7183d3fbf0a6d6"},"headline":"M\u00e1rcia Keniana conquista 2\u00ba lugar na 28\u00aa Meia Maratona Internacional de Uruguaiana","datePublished":"2025-10-05T11:31:31+00:00","dateModified":"2025-10-23T13:38:41+00:00","mainEntityOfPage":{"@id":"https:\/\/15milhas.com.br\/wfe\/marcia-keniana-conquista-2o-lugar-na-28a-meia-maratona-internacional-de-uruguaiana\/"},"wordCount":205,"publisher":{"@id":"https:\/\/15milhas.com.br\/wfe\/#organization"},"image":{"@id":"https:\/\/15milhas.com.br\/wfe\/marcia-keniana-conquista-2o-lugar-na-28a-meia-maratona-internacional-de-uruguaiana\/#primaryimage"},"thumbnailUrl":"https:\/\/15milhas.com.br\/wfe\/wp-content\/uploads\/2025\/10\/559898987_18129136099480215_7634761505639221866_n.webp","articleSection":["Noticias"],"inLanguage":"pt-BR"},{"@type":"WebPage","@id":"https:\/\/15milhas.com.br\/wfe\/marcia-keniana-conquista-2o-lugar-na-28a-meia-maratona-internacional-de-uruguaiana\/","url":"https:\/\/15milhas.com.br\/wfe\/marcia-keniana-conquista-2o-lugar-na-28a-meia-maratona-internacional-de-uruguaiana\/","name":"M\u00e1rcia Keniana conquista 2\u00ba lugar na 28\u00aa Meia Maratona Internacional de Uruguaiana - 15 Milhas","isPartOf":{"@id":"https:\/\/15milhas.com.br\/wfe\/#website"},"primaryImageOfPage":{"@id":"https:\/\/15milhas.com.br\/wfe\/marcia-keniana-conquista-2o-lugar-na-28a-meia-maratona-internacional-de-uruguaiana\/#primaryimage"},"image":{"@id":"https:\/\/15milhas.com.br\/wfe\/marcia-keniana-conquista-2o-lugar-na-28a-meia-maratona-internacional-de-uruguaiana\/#primaryimage"},"thumbnailUrl":"https:\/\/15milhas.com.br\/wfe\/wp-content\/uploads\/2025\/10\/559898987_18129136099480215_7634761505639221866_n.webp","datePublished":"2025-10-05T11:31:31+00:00","dateModified":"2025-10-23T13:38:41+00:00","breadcrumb":{"@id":"https:\/\/15milhas.com.br\/wfe\/marcia-keniana-conquista-2o-lugar-na-28a-meia-maratona-internacional-de-uruguaiana\/#breadcrumb"},"inLanguage":"pt-BR","potentialAction":[{"@type":"ReadAction","target":["https:\/\/15milhas.com.br\/wfe\/marcia-keniana-conquista-2o-lugar-na-28a-meia-maratona-internacional-de-uruguaiana\/"]}]},{"@type":"ImageObject","inLanguage":"pt-BR","@id":"https:\/\/15milhas.com.br\/wfe\/marcia-keniana-conquista-2o-lugar-na-28a-meia-maratona-internacional-de-uruguaiana\/#primaryimage","url":"https:\/\/15milhas.com.br\/wfe\/wp-content\/uploads\/2025\/10\/559898987_18129136099480215_7634761505639221866_n.webp","contentUrl":"https:\/\/15milhas.com.br\/wfe\/wp-content\/uploads\/2025\/10\/559898987_18129136099480215_7634761505639221866_n.webp","width":640,"height":800},{"@type":"BreadcrumbList","@id":"https:\/\/15milhas.com.br\/wfe\/marcia-keniana-conquista-2o-lugar-na-28a-meia-maratona-internacional-de-uruguaiana\/#breadcrumb","itemListElement":[{"@type":"ListItem","position":1,"name":"In\u00edcio","item":"https:\/\/15milhas.com.br\/wfe\/"},{"@type":"ListItem","position":2,"name":"M\u00e1rcia Keniana conquista 2\u00ba lugar na 28\u00aa Meia Maratona Internacional de Uruguaiana"}]},{"@type":"WebSite","@id":"https:\/\/15milhas.com.br\/wfe\/#website","url":"https:\/\/15milhas.com.br\/wfe\/","name":"15 Milhas","description":"Associa\u00e7\u00e3o de Corredores de Rua de Santa Rosa","publisher":{"@id":"https:\/\/15milhas.com.br\/wfe\/#organization"},"potentialAction":[{"@type":"SearchAction","target":{"@type":"EntryPoint","urlTemplate":"https:\/\/15milhas.com.br\/wfe\/?s={search_term_string}"},"query-input":{"@type":"PropertyValueSpecification","valueRequired":true,"valueName":"search_term_string"}}],"inLanguage":"pt-BR"},{"@type":"Organization","@id":"https:\/\/15milhas.com.br\/wfe\/#organization","name":"15 Milhas","url":"https:\/\/15milhas.com.br\/wfe\/","logo":{"@type":"ImageObject","inLanguage":"pt-BR","@id":"https:\/\/15milhas.com.br\/wfe\/#\/schema\/logo\/image\/","url":"https:\/\/15milhas.com.br\/wfe\/wp-content\/uploads\/2022\/05\/logo-2.png","contentUrl":"https:\/\/15milhas.com.br\/wfe\/wp-content\/uploads\/2022\/05\/logo-2.png","width":2236,"height":986,"caption":"15 Milhas"},"image":{"@id":"https:\/\/15milhas.com.br\/wfe\/#\/schema\/logo\/image\/"},"sameAs":["https:\/\/www.facebook.com\/15MilhasdeCorredoresdeRuadeSantaRosa","https:\/\/www.instagram.com\/15_milhas\/"]},{"@type":"Person","@id":"https:\/\/15milhas.com.br\/wfe\/#\/schema\/person\/bd61dde135687ca5fc7183d3fbf0a6d6","name":"Assessoria de Comunica\u00e7\u00e3o - 15 Milhas","url":"https:\/\/15milhas.com.br\/wfe\/author\/digitalhelp\/"}]}},"rttpg_featured_image_url":{"full":["https:\/\/15milhas.com.br\/wfe\/wp-content\/uploads\/2025\/10\/559898987_18129136099480215_7634761505639221866_n.webp",640,800,false],"landscape":["https:\/\/15milhas.com.br\/wfe\/wp-content\/uploads\/2025\/10\/559898987_18129136099480215_7634761505639221866_n.webp",640,800,false],"portraits":["https:\/\/15milhas.com.br\/wfe\/wp-content\/uploads\/2025\/10\/559898987_18129136099480215_7634761505639221866_n.webp",640,800,false],"thumbnail":["https:\/\/15milhas.com.br\/wfe\/wp-content\/uploads\/2025\/10\/559898987_18129136099480215_7634761505639221866_n-150x150.webp",150,150,true],"medium":["https:\/\/15milhas.com.br\/wfe\/wp-content\/uploads\/2025\/10\/559898987_18129136099480215_7634761505639221866_n-240x300.webp",240,300,true],"large":["https:\/\/15milhas.com.br\/wfe\/wp-content\/uploads\/2025\/10\/559898987_18129136099480215_7634761505639221866_n.webp",640,800,false],"1536x1536":["https:\/\/15milhas.com.br\/wfe\/wp-content\/uploads\/2025\/10\/559898987_18129136099480215_7634761505639221866_n.webp",640,800,false],"2048x2048":["https:\/\/15milhas.com.br\/wfe\/wp-content\/uploads\/2025\/10\/559898987_18129136099480215_7634761505639221866_n.webp",640,800,false]},"rttpg_author":{"display_name":"Assessoria de Comunica\u00e7\u00e3o - 15 Milhas","author_link":"https:\/\/15milhas.com.br\/wfe\/author\/digitalhelp\/"},"rttpg_comment":0,"rttpg_category":"<a href=\"https:\/\/15milhas.com.br\/wfe\/category\/noticias\/\" rel=\"category tag\">Noticias<\/a>","rttpg_excerpt":"No \u00faltimo dia 5 de outubro, nossa atleta M\u00e1rcia Keniana brilhou na 28\u00aa Meia Maratona Internacional de Uruguaiana, uma prova que reuniu corredores do Brasil, Argentina e Uruguai. Foram 21 km desafiadores, com largada em Uruguaiana, passagem por Paso de Los Libres (Argentina) e chegada triunfante em solo brasileiro. M\u00e1rcia conquistou o 2\u00ba lugar em&hellip;","_links":{"self":[{"href":"https:\/\/15milhas.com.br\/wfe\/wp-json\/wp\/v2\/posts\/823","targetHints":{"allow":["GET"]}}],"collection":[{"href":"https:\/\/15milhas.com.br\/wfe\/wp-json\/wp\/v2\/posts"}],"about":[{"href":"https:\/\/15milhas.com.br\/wfe\/wp-json\/wp\/v2\/types\/post"}],"author":[{"embeddable":true,"href":"https:\/\/15milhas.com.br\/wfe\/wp-json\/wp\/v2\/users\/3"}],"replies":[{"embeddable":true,"href":"https:\/\/15milhas.com.br\/wfe\/wp-json\/wp\/v2\/comments?post=823"}],"version-history":[{"count":1,"href":"https:\/\/15milhas.com.br\/wfe\/wp-json\/wp\/v2\/posts\/823\/revisions"}],"predecessor-version":[{"id":825,"href":"https:\/\/15milhas.com.br\/wfe\/wp-json\/wp\/v2\/posts\/823\/revisions\/825"}],"wp:featuredmedia":[{"embeddable":true,"href":"https:\/\/15milhas.com.br\/wfe\/wp-json\/wp\/v2\/media\/824"}],"wp:attachment":[{"href":"https:\/\/15milhas.com.br\/wfe\/wp-json\/wp\/v2\/media?parent=823"}],"wp:term":[{"taxonomy":"category","embeddable":true,"href":"https:\/\/15milhas.com.br\/wfe\/wp-json\/wp\/v2\/categories?post=823"},{"taxonomy":"post_tag","embeddable":true,"href":"https:\/\/15milhas.com.br\/wfe\/wp-json\/wp\/v2\/tags?post=823"}],"curies":[{"name":"wp","href":"https:\/\/api.w.org\/{rel}","templated":true}]}}