{"id":826,"date":"2025-10-13T11:34:02","date_gmt":"2025-10-13T11:34:02","guid":{"rendered":"https:\/\/15milhas.com.br\/wfe\/?p=826"},"modified":"2025-10-23T13:40:37","modified_gmt":"2025-10-23T13:40:37","slug":"equipe-15-milhas-brilha-na-rustica-de-candido-de-godoi","status":"publish","type":"post","link":"https:\/\/15milhas.com.br\/wfe\/equipe-15-milhas-brilha-na-rustica-de-candido-de-godoi\/","title":{"rendered":"Equipe 15 Milhas brilha na R\u00fastica de C\u00e2ndido de God\u00f3i"},"content":{"rendered":"<div class=\"wp-block-image\">\n<figure class=\"alignleft size-full is-resized\"><img loading=\"lazy\" decoding=\"async\" width=\"640\" height=\"766\" src=\"https:\/\/15milhas.com.br\/wfe\/wp-content\/uploads\/2025\/10\/561968356_18129484426480215_3673612308620302645_n.webp\" alt=\"\" class=\"wp-image-827\" style=\"width:360px;height:auto\" srcset=\"https:\/\/15milhas.com.br\/wfe\/wp-content\/uploads\/2025\/10\/561968356_18129484426480215_3673612308620302645_n.webp 640w, https:\/\/15milhas.com.br\/wfe\/wp-content\/uploads\/2025\/10\/561968356_18129484426480215_3673612308620302645_n-251x300.webp 251w\" sizes=\"auto, (max-width: 640px) 100vw, 640px\" \/><\/figure>\n<\/div>\n\n\n<p>Mesmo com o tempo nublado, a <strong>Equipe 15 Milhas<\/strong> mostrou <strong>esp\u00edrito de supera\u00e7\u00e3o, amizade e determina\u00e7\u00e3o<\/strong> na R\u00fastica de C\u00e2ndido de God\u00f3i. Com participa\u00e7\u00e3o e apoio dos amigos, a equipe conquistou \u00f3timos resultados e se destacou mais uma vez.<\/p>\n\n\n\n<!--more-->\n\n\n\n<p><strong>Resultados:<\/strong><br><strong>5 km:<\/strong> Joel (1\u00ba), Samuel (2\u00ba), Alexandre (4\u00ba), Eduarda (5\u00ba), Claudia (4\u00ba)<br><strong>2 km:<\/strong> Laine (1\u00ba), Andreia (3\u00ba), Larissa (4\u00ba), Dara (7\u00ba)<br><strong>1,5 km:<\/strong> Ismael (3\u00ba)<\/p>\n\n\n\n<p>Mais uma prova que refor\u00e7a que <strong>uni\u00e3o, amizade e vontade de vencer<\/strong> s\u00e3o os ingredientes para o sucesso da nossa equipe.<\/p>\n\n\n\n<p>#Equipe15Milhas #RusticaCandidoDeGodoi #AmizadeQueInspira #Supera\u00e7\u00e3o #Determina\u00e7\u00e3o #Orgulho15Milhas #CorredoresQueMotivam<\/p>\n","protected":false},"excerpt":{"rendered":"<p>Mesmo com o tempo nublado, a Equipe 15 Milhas mostrou esp\u00edrito de supera\u00e7\u00e3o, amizade e determina\u00e7\u00e3o na R\u00fastica de C\u00e2ndido de God\u00f3i. Com participa\u00e7\u00e3o e apoio dos amigos, a equipe conquistou \u00f3timos resultados e se destacou mais uma vez.<\/p>\n","protected":false},"author":3,"featured_media":827,"comment_status":"closed","ping_status":"open","sticky":false,"template":"","format":"standard","meta":{"footnotes":""},"categories":[50],"tags":[],"class_list":["post-826","post","type-post","status-publish","format-standard","has-post-thumbnail","hentry","category-noticias"],"yoast_head":"<!-- This site is optimized with the Yoast SEO plugin v26.2 - https:\/\/yoast.com\/wordpress\/plugins\/seo\/ -->\n<title>Equipe 15 Milhas brilha na R\u00fastica de C\u00e2ndido de God\u00f3i - 15 Milhas<\/title>\n<meta name=\"robots\" content=\"index, follow, max-snippet:-1, max-image-preview:large, max-video-preview:-1\" \/>\n<link rel=\"canonical\" href=\"https:\/\/15milhas.com.br\/wfe\/equipe-15-milhas-brilha-na-rustica-de-candido-de-godoi\/\" \/>\n<meta property=\"og:locale\" content=\"pt_BR\" \/>\n<meta property=\"og:type\" content=\"article\" \/>\n<meta property=\"og:title\" content=\"Equipe 15 Milhas brilha na R\u00fastica de C\u00e2ndido de God\u00f3i - 15 Milhas\" \/>\n<meta property=\"og:description\" content=\"Mesmo com o tempo nublado, a Equipe 15 Milhas mostrou esp\u00edrito de supera\u00e7\u00e3o, amizade e determina\u00e7\u00e3o na R\u00fastica de C\u00e2ndido de God\u00f3i. Com participa\u00e7\u00e3o e apoio dos amigos, a equipe conquistou \u00f3timos resultados e se destacou mais uma vez.\" \/>\n<meta property=\"og:url\" content=\"https:\/\/15milhas.com.br\/wfe\/equipe-15-milhas-brilha-na-rustica-de-candido-de-godoi\/\" \/>\n<meta property=\"og:site_name\" content=\"15 Milhas\" \/>\n<meta property=\"article:publisher\" content=\"https:\/\/www.facebook.com\/15MilhasdeCorredoresdeRuadeSantaRosa\" \/>\n<meta property=\"article:published_time\" content=\"2025-10-13T11:34:02+00:00\" \/>\n<meta property=\"article:modified_time\" content=\"2025-10-23T13:40:37+00:00\" \/>\n<meta property=\"og:image\" content=\"https:\/\/15milhas.com.br\/wfe\/wp-content\/uploads\/2025\/10\/561968356_18129484426480215_3673612308620302645_n.webp\" \/>\n\t<meta property=\"og:image:width\" content=\"640\" \/>\n\t<meta property=\"og:image:height\" content=\"766\" \/>\n\t<meta property=\"og:image:type\" content=\"image\/webp\" \/>\n<meta name=\"author\" content=\"Assessoria de Comunica\u00e7\u00e3o - 15 Milhas\" \/>\n<meta name=\"twitter:card\" content=\"summary_large_image\" \/>\n<meta name=\"twitter:label1\" content=\"Escrito por\" \/>\n\t<meta name=\"twitter:data1\" content=\"Assessoria de Comunica\u00e7\u00e3o - 15 Milhas\" \/>\n<script type=\"application\/ld+json\" class=\"yoast-schema-graph\">{\"@context\":\"https:\/\/schema.org\",\"@graph\":[{\"@type\":\"Article\",\"@id\":\"https:\/\/15milhas.com.br\/wfe\/equipe-15-milhas-brilha-na-rustica-de-candido-de-godoi\/#article\",\"isPartOf\":{\"@id\":\"https:\/\/15milhas.com.br\/wfe\/equipe-15-milhas-brilha-na-rustica-de-candido-de-godoi\/\"},\"author\":{\"name\":\"Assessoria de Comunica\u00e7\u00e3o - 15 Milhas\",\"@id\":\"https:\/\/15milhas.com.br\/wfe\/#\/schema\/person\/bd61dde135687ca5fc7183d3fbf0a6d6\"},\"headline\":\"Equipe 15 Milhas brilha na R\u00fastica de C\u00e2ndido de God\u00f3i\",\"datePublished\":\"2025-10-13T11:34:02+00:00\",\"dateModified\":\"2025-10-23T13:40:37+00:00\",\"mainEntityOfPage\":{\"@id\":\"https:\/\/15milhas.com.br\/wfe\/equipe-15-milhas-brilha-na-rustica-de-candido-de-godoi\/\"},\"wordCount\":106,\"publisher\":{\"@id\":\"https:\/\/15milhas.com.br\/wfe\/#organization\"},\"image\":{\"@id\":\"https:\/\/15milhas.com.br\/wfe\/equipe-15-milhas-brilha-na-rustica-de-candido-de-godoi\/#primaryimage\"},\"thumbnailUrl\":\"https:\/\/15milhas.com.br\/wfe\/wp-content\/uploads\/2025\/10\/561968356_18129484426480215_3673612308620302645_n.webp\",\"articleSection\":[\"Noticias\"],\"inLanguage\":\"pt-BR\"},{\"@type\":\"WebPage\",\"@id\":\"https:\/\/15milhas.com.br\/wfe\/equipe-15-milhas-brilha-na-rustica-de-candido-de-godoi\/\",\"url\":\"https:\/\/15milhas.com.br\/wfe\/equipe-15-milhas-brilha-na-rustica-de-candido-de-godoi\/\",\"name\":\"Equipe 15 Milhas brilha na R\u00fastica de C\u00e2ndido de God\u00f3i - 15 Milhas\",\"isPartOf\":{\"@id\":\"https:\/\/15milhas.com.br\/wfe\/#website\"},\"primaryImageOfPage\":{\"@id\":\"https:\/\/15milhas.com.br\/wfe\/equipe-15-milhas-brilha-na-rustica-de-candido-de-godoi\/#primaryimage\"},\"image\":{\"@id\":\"https:\/\/15milhas.com.br\/wfe\/equipe-15-milhas-brilha-na-rustica-de-candido-de-godoi\/#primaryimage\"},\"thumbnailUrl\":\"https:\/\/15milhas.com.br\/wfe\/wp-content\/uploads\/2025\/10\/561968356_18129484426480215_3673612308620302645_n.webp\",\"datePublished\":\"2025-10-13T11:34:02+00:00\",\"dateModified\":\"2025-10-23T13:40:37+00:00\",\"breadcrumb\":{\"@id\":\"https:\/\/15milhas.com.br\/wfe\/equipe-15-milhas-brilha-na-rustica-de-candido-de-godoi\/#breadcrumb\"},\"inLanguage\":\"pt-BR\",\"potentialAction\":[{\"@type\":\"ReadAction\",\"target\":[\"https:\/\/15milhas.com.br\/wfe\/equipe-15-milhas-brilha-na-rustica-de-candido-de-godoi\/\"]}]},{\"@type\":\"ImageObject\",\"inLanguage\":\"pt-BR\",\"@id\":\"https:\/\/15milhas.com.br\/wfe\/equipe-15-milhas-brilha-na-rustica-de-candido-de-godoi\/#primaryimage\",\"url\":\"https:\/\/15milhas.com.br\/wfe\/wp-content\/uploads\/2025\/10\/561968356_18129484426480215_3673612308620302645_n.webp\",\"contentUrl\":\"https:\/\/15milhas.com.br\/wfe\/wp-content\/uploads\/2025\/10\/561968356_18129484426480215_3673612308620302645_n.webp\",\"width\":640,\"height\":766},{\"@type\":\"BreadcrumbList\",\"@id\":\"https:\/\/15milhas.com.br\/wfe\/equipe-15-milhas-brilha-na-rustica-de-candido-de-godoi\/#breadcrumb\",\"itemListElement\":[{\"@type\":\"ListItem\",\"position\":1,\"name\":\"In\u00edcio\",\"item\":\"https:\/\/15milhas.com.br\/wfe\/\"},{\"@type\":\"ListItem\",\"position\":2,\"name\":\"Equipe 15 Milhas brilha na R\u00fastica de C\u00e2ndido de God\u00f3i\"}]},{\"@type\":\"WebSite\",\"@id\":\"https:\/\/15milhas.com.br\/wfe\/#website\",\"url\":\"https:\/\/15milhas.com.br\/wfe\/\",\"name\":\"15 Milhas\",\"description\":\"Associa\u00e7\u00e3o de Corredores de Rua de Santa Rosa\",\"publisher\":{\"@id\":\"https:\/\/15milhas.com.br\/wfe\/#organization\"},\"potentialAction\":[{\"@type\":\"SearchAction\",\"target\":{\"@type\":\"EntryPoint\",\"urlTemplate\":\"https:\/\/15milhas.com.br\/wfe\/?s={search_term_string}\"},\"query-input\":{\"@type\":\"PropertyValueSpecification\",\"valueRequired\":true,\"valueName\":\"search_term_string\"}}],\"inLanguage\":\"pt-BR\"},{\"@type\":\"Organization\",\"@id\":\"https:\/\/15milhas.com.br\/wfe\/#organization\",\"name\":\"15 Milhas\",\"url\":\"https:\/\/15milhas.com.br\/wfe\/\",\"logo\":{\"@type\":\"ImageObject\",\"inLanguage\":\"pt-BR\",\"@id\":\"https:\/\/15milhas.com.br\/wfe\/#\/schema\/logo\/image\/\",\"url\":\"https:\/\/15milhas.com.br\/wfe\/wp-content\/uploads\/2022\/05\/logo-2.png\",\"contentUrl\":\"https:\/\/15milhas.com.br\/wfe\/wp-content\/uploads\/2022\/05\/logo-2.png\",\"width\":2236,\"height\":986,\"caption\":\"15 Milhas\"},\"image\":{\"@id\":\"https:\/\/15milhas.com.br\/wfe\/#\/schema\/logo\/image\/\"},\"sameAs\":[\"https:\/\/www.facebook.com\/15MilhasdeCorredoresdeRuadeSantaRosa\",\"https:\/\/www.instagram.com\/15_milhas\/\"]},{\"@type\":\"Person\",\"@id\":\"https:\/\/15milhas.com.br\/wfe\/#\/schema\/person\/bd61dde135687ca5fc7183d3fbf0a6d6\",\"name\":\"Assessoria de Comunica\u00e7\u00e3o - 15 Milhas\",\"url\":\"https:\/\/15milhas.com.br\/wfe\/author\/digitalhelp\/\"}]}<\/script>\n<!-- \/ Yoast SEO plugin. -->","yoast_head_json":{"title":"Equipe 15 Milhas brilha na R\u00fastica de C\u00e2ndido de God\u00f3i - 15 Milhas","robots":{"index":"index","follow":"follow","max-snippet":"max-snippet:-1","max-image-preview":"max-image-preview:large","max-video-preview":"max-video-preview:-1"},"canonical":"https:\/\/15milhas.com.br\/wfe\/equipe-15-milhas-brilha-na-rustica-de-candido-de-godoi\/","og_locale":"pt_BR","og_type":"article","og_title":"Equipe 15 Milhas brilha na R\u00fastica de C\u00e2ndido de God\u00f3i - 15 Milhas","og_description":"Mesmo com o tempo nublado, a Equipe 15 Milhas mostrou esp\u00edrito de supera\u00e7\u00e3o, amizade e determina\u00e7\u00e3o na R\u00fastica de C\u00e2ndido de God\u00f3i. Com participa\u00e7\u00e3o e apoio dos amigos, a equipe conquistou \u00f3timos resultados e se destacou mais uma vez.","og_url":"https:\/\/15milhas.com.br\/wfe\/equipe-15-milhas-brilha-na-rustica-de-candido-de-godoi\/","og_site_name":"15 Milhas","article_publisher":"https:\/\/www.facebook.com\/15MilhasdeCorredoresdeRuadeSantaRosa","article_published_time":"2025-10-13T11:34:02+00:00","article_modified_time":"2025-10-23T13:40:37+00:00","og_image":[{"width":640,"height":766,"url":"https:\/\/15milhas.com.br\/wfe\/wp-content\/uploads\/2025\/10\/561968356_18129484426480215_3673612308620302645_n.webp","type":"image\/webp"}],"author":"Assessoria de Comunica\u00e7\u00e3o - 15 Milhas","twitter_card":"summary_large_image","twitter_misc":{"Escrito por":"Assessoria de Comunica\u00e7\u00e3o - 15 Milhas"},"schema":{"@context":"https:\/\/schema.org","@graph":[{"@type":"Article","@id":"https:\/\/15milhas.com.br\/wfe\/equipe-15-milhas-brilha-na-rustica-de-candido-de-godoi\/#article","isPartOf":{"@id":"https:\/\/15milhas.com.br\/wfe\/equipe-15-milhas-brilha-na-rustica-de-candido-de-godoi\/"},"author":{"name":"Assessoria de Comunica\u00e7\u00e3o - 15 Milhas","@id":"https:\/\/15milhas.com.br\/wfe\/#\/schema\/person\/bd61dde135687ca5fc7183d3fbf0a6d6"},"headline":"Equipe 15 Milhas brilha na R\u00fastica de C\u00e2ndido de God\u00f3i","datePublished":"2025-10-13T11:34:02+00:00","dateModified":"2025-10-23T13:40:37+00:00","mainEntityOfPage":{"@id":"https:\/\/15milhas.com.br\/wfe\/equipe-15-milhas-brilha-na-rustica-de-candido-de-godoi\/"},"wordCount":106,"publisher":{"@id":"https:\/\/15milhas.com.br\/wfe\/#organization"},"image":{"@id":"https:\/\/15milhas.com.br\/wfe\/equipe-15-milhas-brilha-na-rustica-de-candido-de-godoi\/#primaryimage"},"thumbnailUrl":"https:\/\/15milhas.com.br\/wfe\/wp-content\/uploads\/2025\/10\/561968356_18129484426480215_3673612308620302645_n.webp","articleSection":["Noticias"],"inLanguage":"pt-BR"},{"@type":"WebPage","@id":"https:\/\/15milhas.com.br\/wfe\/equipe-15-milhas-brilha-na-rustica-de-candido-de-godoi\/","url":"https:\/\/15milhas.com.br\/wfe\/equipe-15-milhas-brilha-na-rustica-de-candido-de-godoi\/","name":"Equipe 15 Milhas brilha na R\u00fastica de C\u00e2ndido de God\u00f3i - 15 Milhas","isPartOf":{"@id":"https:\/\/15milhas.com.br\/wfe\/#website"},"primaryImageOfPage":{"@id":"https:\/\/15milhas.com.br\/wfe\/equipe-15-milhas-brilha-na-rustica-de-candido-de-godoi\/#primaryimage"},"image":{"@id":"https:\/\/15milhas.com.br\/wfe\/equipe-15-milhas-brilha-na-rustica-de-candido-de-godoi\/#primaryimage"},"thumbnailUrl":"https:\/\/15milhas.com.br\/wfe\/wp-content\/uploads\/2025\/10\/561968356_18129484426480215_3673612308620302645_n.webp","datePublished":"2025-10-13T11:34:02+00:00","dateModified":"2025-10-23T13:40:37+00:00","breadcrumb":{"@id":"https:\/\/15milhas.com.br\/wfe\/equipe-15-milhas-brilha-na-rustica-de-candido-de-godoi\/#breadcrumb"},"inLanguage":"pt-BR","potentialAction":[{"@type":"ReadAction","target":["https:\/\/15milhas.com.br\/wfe\/equipe-15-milhas-brilha-na-rustica-de-candido-de-godoi\/"]}]},{"@type":"ImageObject","inLanguage":"pt-BR","@id":"https:\/\/15milhas.com.br\/wfe\/equipe-15-milhas-brilha-na-rustica-de-candido-de-godoi\/#primaryimage","url":"https:\/\/15milhas.com.br\/wfe\/wp-content\/uploads\/2025\/10\/561968356_18129484426480215_3673612308620302645_n.webp","contentUrl":"https:\/\/15milhas.com.br\/wfe\/wp-content\/uploads\/2025\/10\/561968356_18129484426480215_3673612308620302645_n.webp","width":640,"height":766},{"@type":"BreadcrumbList","@id":"https:\/\/15milhas.com.br\/wfe\/equipe-15-milhas-brilha-na-rustica-de-candido-de-godoi\/#breadcrumb","itemListElement":[{"@type":"ListItem","position":1,"name":"In\u00edcio","item":"https:\/\/15milhas.com.br\/wfe\/"},{"@type":"ListItem","position":2,"name":"Equipe 15 Milhas brilha na R\u00fastica de C\u00e2ndido de God\u00f3i"}]},{"@type":"WebSite","@id":"https:\/\/15milhas.com.br\/wfe\/#website","url":"https:\/\/15milhas.com.br\/wfe\/","name":"15 Milhas","description":"Associa\u00e7\u00e3o de Corredores de Rua de Santa Rosa","publisher":{"@id":"https:\/\/15milhas.com.br\/wfe\/#organization"},"potentialAction":[{"@type":"SearchAction","target":{"@type":"EntryPoint","urlTemplate":"https:\/\/15milhas.com.br\/wfe\/?s={search_term_string}"},"query-input":{"@type":"PropertyValueSpecification","valueRequired":true,"valueName":"search_term_string"}}],"inLanguage":"pt-BR"},{"@type":"Organization","@id":"https:\/\/15milhas.com.br\/wfe\/#organization","name":"15 Milhas","url":"https:\/\/15milhas.com.br\/wfe\/","logo":{"@type":"ImageObject","inLanguage":"pt-BR","@id":"https:\/\/15milhas.com.br\/wfe\/#\/schema\/logo\/image\/","url":"https:\/\/15milhas.com.br\/wfe\/wp-content\/uploads\/2022\/05\/logo-2.png","contentUrl":"https:\/\/15milhas.com.br\/wfe\/wp-content\/uploads\/2022\/05\/logo-2.png","width":2236,"height":986,"caption":"15 Milhas"},"image":{"@id":"https:\/\/15milhas.com.br\/wfe\/#\/schema\/logo\/image\/"},"sameAs":["https:\/\/www.facebook.com\/15MilhasdeCorredoresdeRuadeSantaRosa","https:\/\/www.instagram.com\/15_milhas\/"]},{"@type":"Person","@id":"https:\/\/15milhas.com.br\/wfe\/#\/schema\/person\/bd61dde135687ca5fc7183d3fbf0a6d6","name":"Assessoria de Comunica\u00e7\u00e3o - 15 Milhas","url":"https:\/\/15milhas.com.br\/wfe\/author\/digitalhelp\/"}]}},"rttpg_featured_image_url":{"full":["https:\/\/15milhas.com.br\/wfe\/wp-content\/uploads\/2025\/10\/561968356_18129484426480215_3673612308620302645_n.webp",640,766,false],"landscape":["https:\/\/15milhas.com.br\/wfe\/wp-content\/uploads\/2025\/10\/561968356_18129484426480215_3673612308620302645_n.webp",640,766,false],"portraits":["https:\/\/15milhas.com.br\/wfe\/wp-content\/uploads\/2025\/10\/561968356_18129484426480215_3673612308620302645_n.webp",640,766,false],"thumbnail":["https:\/\/15milhas.com.br\/wfe\/wp-content\/uploads\/2025\/10\/561968356_18129484426480215_3673612308620302645_n-150x150.webp",150,150,true],"medium":["https:\/\/15milhas.com.br\/wfe\/wp-content\/uploads\/2025\/10\/561968356_18129484426480215_3673612308620302645_n-251x300.webp",251,300,true],"large":["https:\/\/15milhas.com.br\/wfe\/wp-content\/uploads\/2025\/10\/561968356_18129484426480215_3673612308620302645_n.webp",640,766,false],"1536x1536":["https:\/\/15milhas.com.br\/wfe\/wp-content\/uploads\/2025\/10\/561968356_18129484426480215_3673612308620302645_n.webp",640,766,false],"2048x2048":["https:\/\/15milhas.com.br\/wfe\/wp-content\/uploads\/2025\/10\/561968356_18129484426480215_3673612308620302645_n.webp",640,766,false]},"rttpg_author":{"display_name":"Assessoria de Comunica\u00e7\u00e3o - 15 Milhas","author_link":"https:\/\/15milhas.com.br\/wfe\/author\/digitalhelp\/"},"rttpg_comment":0,"rttpg_category":"<a href=\"https:\/\/15milhas.com.br\/wfe\/category\/noticias\/\" rel=\"category tag\">Noticias<\/a>","rttpg_excerpt":"Mesmo com o tempo nublado, a Equipe 15 Milhas mostrou esp\u00edrito de supera\u00e7\u00e3o, amizade e determina\u00e7\u00e3o na R\u00fastica de C\u00e2ndido de God\u00f3i. Com participa\u00e7\u00e3o e apoio dos amigos, a equipe conquistou \u00f3timos resultados e se destacou mais uma vez.","_links":{"self":[{"href":"https:\/\/15milhas.com.br\/wfe\/wp-json\/wp\/v2\/posts\/826","targetHints":{"allow":["GET"]}}],"collection":[{"href":"https:\/\/15milhas.com.br\/wfe\/wp-json\/wp\/v2\/posts"}],"about":[{"href":"https:\/\/15milhas.com.br\/wfe\/wp-json\/wp\/v2\/types\/post"}],"author":[{"embeddable":true,"href":"https:\/\/15milhas.com.br\/wfe\/wp-json\/wp\/v2\/users\/3"}],"replies":[{"embeddable":true,"href":"https:\/\/15milhas.com.br\/wfe\/wp-json\/wp\/v2\/comments?post=826"}],"version-history":[{"count":1,"href":"https:\/\/15milhas.com.br\/wfe\/wp-json\/wp\/v2\/posts\/826\/revisions"}],"predecessor-version":[{"id":828,"href":"https:\/\/15milhas.com.br\/wfe\/wp-json\/wp\/v2\/posts\/826\/revisions\/828"}],"wp:featuredmedia":[{"embeddable":true,"href":"https:\/\/15milhas.com.br\/wfe\/wp-json\/wp\/v2\/media\/827"}],"wp:attachment":[{"href":"https:\/\/15milhas.com.br\/wfe\/wp-json\/wp\/v2\/media?parent=826"}],"wp:term":[{"taxonomy":"category","embeddable":true,"href":"https:\/\/15milhas.com.br\/wfe\/wp-json\/wp\/v2\/categories?post=826"},{"taxonomy":"post_tag","embeddable":true,"href":"https:\/\/15milhas.com.br\/wfe\/wp-json\/wp\/v2\/tags?post=826"}],"curies":[{"name":"wp","href":"https:\/\/api.w.org\/{rel}","templated":true}]}}