{"id":852,"date":"2025-10-29T12:50:34","date_gmt":"2025-10-29T12:50:34","guid":{"rendered":"https:\/\/15milhas.com.br\/wfe\/?p=852"},"modified":"2025-11-03T17:37:25","modified_gmt":"2025-11-03T17:37:25","slug":"rustica-dezesseis-de-novembro-sera-realizada-em-16-11-2025","status":"publish","type":"post","link":"https:\/\/15milhas.com.br\/wfe\/rustica-dezesseis-de-novembro-sera-realizada-em-16-11-2025\/","title":{"rendered":"R\u00fastica Dezesseis de Novembro ser\u00e1 realizada em 16\/11\/2025"},"content":{"rendered":"<div class=\"wp-block-image\">\n<figure class=\"alignleft size-large is-resized\"><img loading=\"lazy\" decoding=\"async\" width=\"1024\" height=\"630\" src=\"http:\/\/15milhas.com.br\/wfe\/wp-content\/uploads\/2025\/10\/16112025dezesseisdenovembro-1024x630.jpg\" alt=\"\" class=\"wp-image-875\" style=\"width:398px;height:auto\" srcset=\"https:\/\/15milhas.com.br\/wfe\/wp-content\/uploads\/2025\/10\/16112025dezesseisdenovembro-1024x630.jpg 1024w, https:\/\/15milhas.com.br\/wfe\/wp-content\/uploads\/2025\/10\/16112025dezesseisdenovembro-300x184.jpg 300w, https:\/\/15milhas.com.br\/wfe\/wp-content\/uploads\/2025\/10\/16112025dezesseisdenovembro-768x472.jpg 768w, https:\/\/15milhas.com.br\/wfe\/wp-content\/uploads\/2025\/10\/16112025dezesseisdenovembro.jpg 1080w\" sizes=\"auto, (max-width: 1024px) 100vw, 1024px\" \/><\/figure>\n<\/div>\n\n\n<p>A <strong>R\u00fastica Dezesseis de Novembro<\/strong>, 10\u00aa etapa do <strong>Circuito Noroeste Miss\u00f5es de Corrida de Rua 2025<\/strong>, acontecer\u00e1 <strong>no domingo, 16 de novembro de 2025<\/strong>, com <strong>largada \u00e0s 8h<\/strong>, na <strong>Pra\u00e7a Central de Dezesseis de Novembro (RS)<\/strong>.<\/p>\n\n\n\n<p>A prova contar\u00e1 com percursos de <strong>100m, 400m, 1,5 km e 5 km<\/strong>, com trajeto totalmente balizado e pontos de hidrata\u00e7\u00e3o.<\/p>\n\n\n\n<!--more-->\n\n\n\n<p><strong>Inscri\u00e7\u00f5es:<\/strong> at\u00e9 <strong>11 de novembro de 2025, \u00e0s 18h<\/strong>, pessoalmente ou por respons\u00e1vel.<\/p>\n\n\n\n<ul class=\"wp-block-list\">\n<li><strong>Kids:<\/strong> gratuito<\/li>\n\n\n\n<li><strong>Adulto residente em Dezesseis de Novembro:<\/strong> gratuito<\/li>\n\n\n\n<li><strong>Demais adultos:<\/strong> R$ 35,00<br>PIX: 55 99697-6868 \u2013 Herter de Moura Empreendimentos<\/li>\n<\/ul>\n\n\n\n<p><strong>Entrega dos n\u00fameros:<\/strong> dia da prova, das 7h \u00e0s 7h50.<\/p>\n\n\n\n<p><strong>Informa\u00e7\u00f5es:<\/strong> (55) 99621-4714 (Tiago) | <a href=\"http:\/\/www.ucrsm.com.br\">www.ucrsm.com.br<\/a> | Instagram: @m1running<\/p>\n\n\n\n<hr class=\"wp-block-separator has-alpha-channel-opacity\"\/>\n\n\n\n<h3 class=\"wp-block-heading\">Premia\u00e7\u00e3o<\/h3>\n\n\n\n<ul class=\"wp-block-list\">\n<li><strong>Geral 5 km (Masculino e Feminino):<\/strong> 1\u00ba ao 5\u00ba lugar \u2013 trof\u00e9u<\/li>\n\n\n\n<li><strong>Categorias:<\/strong> 1\u00ba lugar \u2013 trof\u00e9u | 2\u00ba ao 5\u00ba \u2013 medalha personalizada<\/li>\n<\/ul>\n\n\n\n<hr class=\"wp-block-separator has-alpha-channel-opacity\"\/>\n\n\n\n<h3 class=\"wp-block-heading\">Categorias<\/h3>\n\n\n\n<p><strong>Kids (100m)<\/strong><\/p>\n\n\n\n<ol class=\"wp-block-list\">\n<li>Masculino \u2013 at\u00e9 5 anos (nasc. ap\u00f3s 2020)<\/li>\n\n\n\n<li>Feminino \u2013 at\u00e9 5 anos (nasc. ap\u00f3s 2020)<\/li>\n<\/ol>\n\n\n\n<p><strong>Mirim\/Infantil (400m)<\/strong><br>3. Masc \u2013 6 a 9 anos (2016\u20132019)<br>4. Masc \u2013 10 a 12 anos (2013\u20132015)<br>5. Masc \u2013 13 a 15 anos (2010\u20132012)<br>6. Fem \u2013 6 a 9 anos (2016\u20132019)<br>7. Fem \u2013 10 a 12 anos (2013\u20132015)<br>8. Fem \u2013 13 a 15 anos (2010\u20132012)<br>9. Especial<\/p>\n\n\n\n<p><strong>Adulto Feminino (5 km)<\/strong><br>A \u2013 at\u00e9 24 anos | B \u2013 25\u201329 | C \u2013 30\u201334 | D \u2013 35\u201339 | E \u2013 40\u201344 | F \u2013 45\u201349 | G \u2013 50\u201354 | H \u2013 55\u201359 | I \u2013 60\u201364 | J \u2013 acima de 65<\/p>\n\n\n\n<p><strong>Adulto Masculino (5 km)<\/strong><br>K \u2013 at\u00e9 24 anos | L \u2013 25\u201329 | M \u2013 30\u201334 | N \u2013 35\u201339 | O \u2013 40\u201344 | P \u2013 45\u201349 | Q \u2013 50\u201354 | R \u2013 55\u201359 | S \u2013 60\u201364 | T \u2013 65\u201369 | U \u2013 acima de 70 | V \u2013 Especial<\/p>\n\n\n\n<p><strong>Livre (1,5 km)<\/strong><br>Masculino: a) at\u00e9 30 | b) 31\u201341 | c) 42\u201352 | d) acima de 53<br>Feminino: e) at\u00e9 30 | f) 31\u201341 | g) 42\u201352 | h) acima de 53<\/p>\n\n\n\n<hr class=\"wp-block-separator has-alpha-channel-opacity\"\/>\n\n\n\n<p><strong>Data:<\/strong> 16\/11\/2025<br><strong>Hor\u00e1rio:<\/strong> 8h<br><strong>Local:<\/strong> Pra\u00e7a Central \u2013 Dezesseis de Novembro (RS)<\/p>\n","protected":false},"excerpt":{"rendered":"<p>A R\u00fastica Dezesseis de Novembro, 10\u00aa etapa do Circuito Noroeste Miss\u00f5es de Corrida de Rua 2025, acontecer\u00e1 no domingo, 16 de novembro de 2025, com largada \u00e0s 8h, na Pra\u00e7a Central de Dezesseis de Novembro (RS). A prova contar\u00e1 com percursos de 100m, 400m, 1,5 km e 5 km, com trajeto totalmente balizado e pontos [&hellip;]<\/p>\n","protected":false},"author":1,"featured_media":875,"comment_status":"closed","ping_status":"open","sticky":false,"template":"","format":"standard","meta":{"footnotes":""},"categories":[8],"tags":[38,26,34,33],"class_list":["post-852","post","type-post","status-publish","format-standard","has-post-thumbnail","hentry","category-calendario-de-competicoes","tag-15-milhas","tag-corrida","tag-missoes","tag-rustica"],"yoast_head":"<!-- This site is optimized with the Yoast SEO plugin v26.2 - https:\/\/yoast.com\/wordpress\/plugins\/seo\/ -->\n<title>R\u00fastica Dezesseis de Novembro ser\u00e1 realizada em 16\/11\/2025 - 15 Milhas<\/title>\n<meta name=\"robots\" content=\"index, follow, max-snippet:-1, max-image-preview:large, max-video-preview:-1\" \/>\n<link rel=\"canonical\" href=\"https:\/\/15milhas.com.br\/wfe\/rustica-dezesseis-de-novembro-sera-realizada-em-16-11-2025\/\" \/>\n<meta property=\"og:locale\" content=\"pt_BR\" \/>\n<meta property=\"og:type\" content=\"article\" \/>\n<meta property=\"og:title\" content=\"R\u00fastica Dezesseis de Novembro ser\u00e1 realizada em 16\/11\/2025 - 15 Milhas\" \/>\n<meta property=\"og:description\" content=\"A R\u00fastica Dezesseis de Novembro, 10\u00aa etapa do Circuito Noroeste Miss\u00f5es de Corrida de Rua 2025, acontecer\u00e1 no domingo, 16 de novembro de 2025, com largada \u00e0s 8h, na Pra\u00e7a Central de Dezesseis de Novembro (RS). A prova contar\u00e1 com percursos de 100m, 400m, 1,5 km e 5 km, com trajeto totalmente balizado e pontos [&hellip;]\" \/>\n<meta property=\"og:url\" content=\"https:\/\/15milhas.com.br\/wfe\/rustica-dezesseis-de-novembro-sera-realizada-em-16-11-2025\/\" \/>\n<meta property=\"og:site_name\" content=\"15 Milhas\" \/>\n<meta property=\"article:publisher\" content=\"https:\/\/www.facebook.com\/15MilhasdeCorredoresdeRuadeSantaRosa\" \/>\n<meta property=\"article:published_time\" content=\"2025-10-29T12:50:34+00:00\" \/>\n<meta property=\"article:modified_time\" content=\"2025-11-03T17:37:25+00:00\" \/>\n<meta property=\"og:image\" content=\"http:\/\/15milhas.com.br\/wfe\/wp-content\/uploads\/2025\/10\/16112025dezesseisdenovembro.jpg\" \/>\n\t<meta property=\"og:image:width\" content=\"1080\" \/>\n\t<meta property=\"og:image:height\" content=\"664\" \/>\n\t<meta property=\"og:image:type\" content=\"image\/jpeg\" \/>\n<meta name=\"author\" content=\"admin\" \/>\n<meta name=\"twitter:card\" content=\"summary_large_image\" \/>\n<meta name=\"twitter:label1\" content=\"Escrito por\" \/>\n\t<meta name=\"twitter:data1\" content=\"admin\" \/>\n\t<meta name=\"twitter:label2\" content=\"Est. tempo de leitura\" \/>\n\t<meta name=\"twitter:data2\" content=\"3 minutos\" \/>\n<script type=\"application\/ld+json\" class=\"yoast-schema-graph\">{\"@context\":\"https:\/\/schema.org\",\"@graph\":[{\"@type\":\"Article\",\"@id\":\"https:\/\/15milhas.com.br\/wfe\/rustica-dezesseis-de-novembro-sera-realizada-em-16-11-2025\/#article\",\"isPartOf\":{\"@id\":\"https:\/\/15milhas.com.br\/wfe\/rustica-dezesseis-de-novembro-sera-realizada-em-16-11-2025\/\"},\"author\":{\"name\":\"admin\",\"@id\":\"https:\/\/15milhas.com.br\/wfe\/#\/schema\/person\/1cc0407031ffed1a5af875d765e4f668\"},\"headline\":\"R\u00fastica Dezesseis de Novembro ser\u00e1 realizada em 16\/11\/2025\",\"datePublished\":\"2025-10-29T12:50:34+00:00\",\"dateModified\":\"2025-11-03T17:37:25+00:00\",\"mainEntityOfPage\":{\"@id\":\"https:\/\/15milhas.com.br\/wfe\/rustica-dezesseis-de-novembro-sera-realizada-em-16-11-2025\/\"},\"wordCount\":238,\"publisher\":{\"@id\":\"https:\/\/15milhas.com.br\/wfe\/#organization\"},\"image\":{\"@id\":\"https:\/\/15milhas.com.br\/wfe\/rustica-dezesseis-de-novembro-sera-realizada-em-16-11-2025\/#primaryimage\"},\"thumbnailUrl\":\"https:\/\/15milhas.com.br\/wfe\/wp-content\/uploads\/2025\/10\/16112025dezesseisdenovembro.jpg\",\"keywords\":[\"15 milhas\",\"corrida\",\"miss\u00f5es\",\"rustica\"],\"articleSection\":[\"Calend\u00e1rio de Competi\u00e7\u00f5es\"],\"inLanguage\":\"pt-BR\"},{\"@type\":\"WebPage\",\"@id\":\"https:\/\/15milhas.com.br\/wfe\/rustica-dezesseis-de-novembro-sera-realizada-em-16-11-2025\/\",\"url\":\"https:\/\/15milhas.com.br\/wfe\/rustica-dezesseis-de-novembro-sera-realizada-em-16-11-2025\/\",\"name\":\"R\u00fastica Dezesseis de Novembro ser\u00e1 realizada em 16\/11\/2025 - 15 Milhas\",\"isPartOf\":{\"@id\":\"https:\/\/15milhas.com.br\/wfe\/#website\"},\"primaryImageOfPage\":{\"@id\":\"https:\/\/15milhas.com.br\/wfe\/rustica-dezesseis-de-novembro-sera-realizada-em-16-11-2025\/#primaryimage\"},\"image\":{\"@id\":\"https:\/\/15milhas.com.br\/wfe\/rustica-dezesseis-de-novembro-sera-realizada-em-16-11-2025\/#primaryimage\"},\"thumbnailUrl\":\"https:\/\/15milhas.com.br\/wfe\/wp-content\/uploads\/2025\/10\/16112025dezesseisdenovembro.jpg\",\"datePublished\":\"2025-10-29T12:50:34+00:00\",\"dateModified\":\"2025-11-03T17:37:25+00:00\",\"breadcrumb\":{\"@id\":\"https:\/\/15milhas.com.br\/wfe\/rustica-dezesseis-de-novembro-sera-realizada-em-16-11-2025\/#breadcrumb\"},\"inLanguage\":\"pt-BR\",\"potentialAction\":[{\"@type\":\"ReadAction\",\"target\":[\"https:\/\/15milhas.com.br\/wfe\/rustica-dezesseis-de-novembro-sera-realizada-em-16-11-2025\/\"]}]},{\"@type\":\"ImageObject\",\"inLanguage\":\"pt-BR\",\"@id\":\"https:\/\/15milhas.com.br\/wfe\/rustica-dezesseis-de-novembro-sera-realizada-em-16-11-2025\/#primaryimage\",\"url\":\"https:\/\/15milhas.com.br\/wfe\/wp-content\/uploads\/2025\/10\/16112025dezesseisdenovembro.jpg\",\"contentUrl\":\"https:\/\/15milhas.com.br\/wfe\/wp-content\/uploads\/2025\/10\/16112025dezesseisdenovembro.jpg\",\"width\":1080,\"height\":664},{\"@type\":\"BreadcrumbList\",\"@id\":\"https:\/\/15milhas.com.br\/wfe\/rustica-dezesseis-de-novembro-sera-realizada-em-16-11-2025\/#breadcrumb\",\"itemListElement\":[{\"@type\":\"ListItem\",\"position\":1,\"name\":\"In\u00edcio\",\"item\":\"https:\/\/15milhas.com.br\/wfe\/\"},{\"@type\":\"ListItem\",\"position\":2,\"name\":\"R\u00fastica Dezesseis de Novembro ser\u00e1 realizada em 16\/11\/2025\"}]},{\"@type\":\"WebSite\",\"@id\":\"https:\/\/15milhas.com.br\/wfe\/#website\",\"url\":\"https:\/\/15milhas.com.br\/wfe\/\",\"name\":\"15 Milhas\",\"description\":\"Associa\u00e7\u00e3o de Corredores de Rua de Santa Rosa\",\"publisher\":{\"@id\":\"https:\/\/15milhas.com.br\/wfe\/#organization\"},\"potentialAction\":[{\"@type\":\"SearchAction\",\"target\":{\"@type\":\"EntryPoint\",\"urlTemplate\":\"https:\/\/15milhas.com.br\/wfe\/?s={search_term_string}\"},\"query-input\":{\"@type\":\"PropertyValueSpecification\",\"valueRequired\":true,\"valueName\":\"search_term_string\"}}],\"inLanguage\":\"pt-BR\"},{\"@type\":\"Organization\",\"@id\":\"https:\/\/15milhas.com.br\/wfe\/#organization\",\"name\":\"15 Milhas\",\"url\":\"https:\/\/15milhas.com.br\/wfe\/\",\"logo\":{\"@type\":\"ImageObject\",\"inLanguage\":\"pt-BR\",\"@id\":\"https:\/\/15milhas.com.br\/wfe\/#\/schema\/logo\/image\/\",\"url\":\"https:\/\/15milhas.com.br\/wfe\/wp-content\/uploads\/2022\/05\/logo-2.png\",\"contentUrl\":\"https:\/\/15milhas.com.br\/wfe\/wp-content\/uploads\/2022\/05\/logo-2.png\",\"width\":2236,\"height\":986,\"caption\":\"15 Milhas\"},\"image\":{\"@id\":\"https:\/\/15milhas.com.br\/wfe\/#\/schema\/logo\/image\/\"},\"sameAs\":[\"https:\/\/www.facebook.com\/15MilhasdeCorredoresdeRuadeSantaRosa\",\"https:\/\/www.instagram.com\/15_milhas\/\"]},{\"@type\":\"Person\",\"@id\":\"https:\/\/15milhas.com.br\/wfe\/#\/schema\/person\/1cc0407031ffed1a5af875d765e4f668\",\"name\":\"admin\",\"sameAs\":[\"http:\/\/15milhas.com.br\/wfe\"],\"url\":\"https:\/\/15milhas.com.br\/wfe\/author\/admin\/\"}]}<\/script>\n<!-- \/ Yoast SEO plugin. -->","yoast_head_json":{"title":"R\u00fastica Dezesseis de Novembro ser\u00e1 realizada em 16\/11\/2025 - 15 Milhas","robots":{"index":"index","follow":"follow","max-snippet":"max-snippet:-1","max-image-preview":"max-image-preview:large","max-video-preview":"max-video-preview:-1"},"canonical":"https:\/\/15milhas.com.br\/wfe\/rustica-dezesseis-de-novembro-sera-realizada-em-16-11-2025\/","og_locale":"pt_BR","og_type":"article","og_title":"R\u00fastica Dezesseis de Novembro ser\u00e1 realizada em 16\/11\/2025 - 15 Milhas","og_description":"A R\u00fastica Dezesseis de Novembro, 10\u00aa etapa do Circuito Noroeste Miss\u00f5es de Corrida de Rua 2025, acontecer\u00e1 no domingo, 16 de novembro de 2025, com largada \u00e0s 8h, na Pra\u00e7a Central de Dezesseis de Novembro (RS). A prova contar\u00e1 com percursos de 100m, 400m, 1,5 km e 5 km, com trajeto totalmente balizado e pontos [&hellip;]","og_url":"https:\/\/15milhas.com.br\/wfe\/rustica-dezesseis-de-novembro-sera-realizada-em-16-11-2025\/","og_site_name":"15 Milhas","article_publisher":"https:\/\/www.facebook.com\/15MilhasdeCorredoresdeRuadeSantaRosa","article_published_time":"2025-10-29T12:50:34+00:00","article_modified_time":"2025-11-03T17:37:25+00:00","og_image":[{"width":1080,"height":664,"url":"http:\/\/15milhas.com.br\/wfe\/wp-content\/uploads\/2025\/10\/16112025dezesseisdenovembro.jpg","type":"image\/jpeg"}],"author":"admin","twitter_card":"summary_large_image","twitter_misc":{"Escrito por":"admin","Est. tempo de leitura":"3 minutos"},"schema":{"@context":"https:\/\/schema.org","@graph":[{"@type":"Article","@id":"https:\/\/15milhas.com.br\/wfe\/rustica-dezesseis-de-novembro-sera-realizada-em-16-11-2025\/#article","isPartOf":{"@id":"https:\/\/15milhas.com.br\/wfe\/rustica-dezesseis-de-novembro-sera-realizada-em-16-11-2025\/"},"author":{"name":"admin","@id":"https:\/\/15milhas.com.br\/wfe\/#\/schema\/person\/1cc0407031ffed1a5af875d765e4f668"},"headline":"R\u00fastica Dezesseis de Novembro ser\u00e1 realizada em 16\/11\/2025","datePublished":"2025-10-29T12:50:34+00:00","dateModified":"2025-11-03T17:37:25+00:00","mainEntityOfPage":{"@id":"https:\/\/15milhas.com.br\/wfe\/rustica-dezesseis-de-novembro-sera-realizada-em-16-11-2025\/"},"wordCount":238,"publisher":{"@id":"https:\/\/15milhas.com.br\/wfe\/#organization"},"image":{"@id":"https:\/\/15milhas.com.br\/wfe\/rustica-dezesseis-de-novembro-sera-realizada-em-16-11-2025\/#primaryimage"},"thumbnailUrl":"https:\/\/15milhas.com.br\/wfe\/wp-content\/uploads\/2025\/10\/16112025dezesseisdenovembro.jpg","keywords":["15 milhas","corrida","miss\u00f5es","rustica"],"articleSection":["Calend\u00e1rio de Competi\u00e7\u00f5es"],"inLanguage":"pt-BR"},{"@type":"WebPage","@id":"https:\/\/15milhas.com.br\/wfe\/rustica-dezesseis-de-novembro-sera-realizada-em-16-11-2025\/","url":"https:\/\/15milhas.com.br\/wfe\/rustica-dezesseis-de-novembro-sera-realizada-em-16-11-2025\/","name":"R\u00fastica Dezesseis de Novembro ser\u00e1 realizada em 16\/11\/2025 - 15 Milhas","isPartOf":{"@id":"https:\/\/15milhas.com.br\/wfe\/#website"},"primaryImageOfPage":{"@id":"https:\/\/15milhas.com.br\/wfe\/rustica-dezesseis-de-novembro-sera-realizada-em-16-11-2025\/#primaryimage"},"image":{"@id":"https:\/\/15milhas.com.br\/wfe\/rustica-dezesseis-de-novembro-sera-realizada-em-16-11-2025\/#primaryimage"},"thumbnailUrl":"https:\/\/15milhas.com.br\/wfe\/wp-content\/uploads\/2025\/10\/16112025dezesseisdenovembro.jpg","datePublished":"2025-10-29T12:50:34+00:00","dateModified":"2025-11-03T17:37:25+00:00","breadcrumb":{"@id":"https:\/\/15milhas.com.br\/wfe\/rustica-dezesseis-de-novembro-sera-realizada-em-16-11-2025\/#breadcrumb"},"inLanguage":"pt-BR","potentialAction":[{"@type":"ReadAction","target":["https:\/\/15milhas.com.br\/wfe\/rustica-dezesseis-de-novembro-sera-realizada-em-16-11-2025\/"]}]},{"@type":"ImageObject","inLanguage":"pt-BR","@id":"https:\/\/15milhas.com.br\/wfe\/rustica-dezesseis-de-novembro-sera-realizada-em-16-11-2025\/#primaryimage","url":"https:\/\/15milhas.com.br\/wfe\/wp-content\/uploads\/2025\/10\/16112025dezesseisdenovembro.jpg","contentUrl":"https:\/\/15milhas.com.br\/wfe\/wp-content\/uploads\/2025\/10\/16112025dezesseisdenovembro.jpg","width":1080,"height":664},{"@type":"BreadcrumbList","@id":"https:\/\/15milhas.com.br\/wfe\/rustica-dezesseis-de-novembro-sera-realizada-em-16-11-2025\/#breadcrumb","itemListElement":[{"@type":"ListItem","position":1,"name":"In\u00edcio","item":"https:\/\/15milhas.com.br\/wfe\/"},{"@type":"ListItem","position":2,"name":"R\u00fastica Dezesseis de Novembro ser\u00e1 realizada em 16\/11\/2025"}]},{"@type":"WebSite","@id":"https:\/\/15milhas.com.br\/wfe\/#website","url":"https:\/\/15milhas.com.br\/wfe\/","name":"15 Milhas","description":"Associa\u00e7\u00e3o de Corredores de Rua de Santa Rosa","publisher":{"@id":"https:\/\/15milhas.com.br\/wfe\/#organization"},"potentialAction":[{"@type":"SearchAction","target":{"@type":"EntryPoint","urlTemplate":"https:\/\/15milhas.com.br\/wfe\/?s={search_term_string}"},"query-input":{"@type":"PropertyValueSpecification","valueRequired":true,"valueName":"search_term_string"}}],"inLanguage":"pt-BR"},{"@type":"Organization","@id":"https:\/\/15milhas.com.br\/wfe\/#organization","name":"15 Milhas","url":"https:\/\/15milhas.com.br\/wfe\/","logo":{"@type":"ImageObject","inLanguage":"pt-BR","@id":"https:\/\/15milhas.com.br\/wfe\/#\/schema\/logo\/image\/","url":"https:\/\/15milhas.com.br\/wfe\/wp-content\/uploads\/2022\/05\/logo-2.png","contentUrl":"https:\/\/15milhas.com.br\/wfe\/wp-content\/uploads\/2022\/05\/logo-2.png","width":2236,"height":986,"caption":"15 Milhas"},"image":{"@id":"https:\/\/15milhas.com.br\/wfe\/#\/schema\/logo\/image\/"},"sameAs":["https:\/\/www.facebook.com\/15MilhasdeCorredoresdeRuadeSantaRosa","https:\/\/www.instagram.com\/15_milhas\/"]},{"@type":"Person","@id":"https:\/\/15milhas.com.br\/wfe\/#\/schema\/person\/1cc0407031ffed1a5af875d765e4f668","name":"admin","sameAs":["http:\/\/15milhas.com.br\/wfe"],"url":"https:\/\/15milhas.com.br\/wfe\/author\/admin\/"}]}},"rttpg_featured_image_url":{"full":["https:\/\/15milhas.com.br\/wfe\/wp-content\/uploads\/2025\/10\/16112025dezesseisdenovembro.jpg",1080,664,false],"landscape":["https:\/\/15milhas.com.br\/wfe\/wp-content\/uploads\/2025\/10\/16112025dezesseisdenovembro.jpg",1080,664,false],"portraits":["https:\/\/15milhas.com.br\/wfe\/wp-content\/uploads\/2025\/10\/16112025dezesseisdenovembro.jpg",1080,664,false],"thumbnail":["https:\/\/15milhas.com.br\/wfe\/wp-content\/uploads\/2025\/10\/16112025dezesseisdenovembro-150x150.jpg",150,150,true],"medium":["https:\/\/15milhas.com.br\/wfe\/wp-content\/uploads\/2025\/10\/16112025dezesseisdenovembro-300x184.jpg",300,184,true],"large":["https:\/\/15milhas.com.br\/wfe\/wp-content\/uploads\/2025\/10\/16112025dezesseisdenovembro-1024x630.jpg",1024,630,true],"1536x1536":["https:\/\/15milhas.com.br\/wfe\/wp-content\/uploads\/2025\/10\/16112025dezesseisdenovembro.jpg",1080,664,false],"2048x2048":["https:\/\/15milhas.com.br\/wfe\/wp-content\/uploads\/2025\/10\/16112025dezesseisdenovembro.jpg",1080,664,false]},"rttpg_author":{"display_name":"admin","author_link":"https:\/\/15milhas.com.br\/wfe\/author\/admin\/"},"rttpg_comment":0,"rttpg_category":"<a href=\"https:\/\/15milhas.com.br\/wfe\/category\/calendario-de-competicoes\/\" rel=\"category tag\">Calend\u00e1rio de Competi\u00e7\u00f5es<\/a>","rttpg_excerpt":"A R\u00fastica Dezesseis de Novembro, 10\u00aa etapa do Circuito Noroeste Miss\u00f5es de Corrida de Rua 2025, acontecer\u00e1 no domingo, 16 de novembro de 2025, com largada \u00e0s 8h, na Pra\u00e7a Central de Dezesseis de Novembro (RS). A prova contar\u00e1 com percursos de 100m, 400m, 1,5 km e 5 km, com trajeto totalmente balizado e pontos&hellip;","_links":{"self":[{"href":"https:\/\/15milhas.com.br\/wfe\/wp-json\/wp\/v2\/posts\/852","targetHints":{"allow":["GET"]}}],"collection":[{"href":"https:\/\/15milhas.com.br\/wfe\/wp-json\/wp\/v2\/posts"}],"about":[{"href":"https:\/\/15milhas.com.br\/wfe\/wp-json\/wp\/v2\/types\/post"}],"author":[{"embeddable":true,"href":"https:\/\/15milhas.com.br\/wfe\/wp-json\/wp\/v2\/users\/1"}],"replies":[{"embeddable":true,"href":"https:\/\/15milhas.com.br\/wfe\/wp-json\/wp\/v2\/comments?post=852"}],"version-history":[{"count":2,"href":"https:\/\/15milhas.com.br\/wfe\/wp-json\/wp\/v2\/posts\/852\/revisions"}],"predecessor-version":[{"id":876,"href":"https:\/\/15milhas.com.br\/wfe\/wp-json\/wp\/v2\/posts\/852\/revisions\/876"}],"wp:featuredmedia":[{"embeddable":true,"href":"https:\/\/15milhas.com.br\/wfe\/wp-json\/wp\/v2\/media\/875"}],"wp:attachment":[{"href":"https:\/\/15milhas.com.br\/wfe\/wp-json\/wp\/v2\/media?parent=852"}],"wp:term":[{"taxonomy":"category","embeddable":true,"href":"https:\/\/15milhas.com.br\/wfe\/wp-json\/wp\/v2\/categories?post=852"},{"taxonomy":"post_tag","embeddable":true,"href":"https:\/\/15milhas.com.br\/wfe\/wp-json\/wp\/v2\/tags?post=852"}],"curies":[{"name":"wp","href":"https:\/\/api.w.org\/{rel}","templated":true}]}}