{"id":878,"date":"2025-11-17T16:32:17","date_gmt":"2025-11-17T16:32:17","guid":{"rendered":"https:\/\/15milhas.com.br\/wfe\/?p=878"},"modified":"2025-11-17T16:34:27","modified_gmt":"2025-11-17T16:34:27","slug":"xii-circuito-regional-de-corrida-de-rua-encerra-temporada-c-em-horizontina","status":"publish","type":"post","link":"https:\/\/15milhas.com.br\/wfe\/xii-circuito-regional-de-corrida-de-rua-encerra-temporada-c-em-horizontina\/","title":{"rendered":"XII Circuito Regional de Corrida de Rua encerra temporada com 8\u00aa etapa em Horizontina"},"content":{"rendered":"<div class=\"wp-block-image\">\n<figure class=\"alignleft size-full is-resized\"><img loading=\"lazy\" decoding=\"async\" width=\"711\" height=\"871\" src=\"http:\/\/15milhas.com.br\/wfe\/wp-content\/uploads\/2025\/11\/horizontina.png\" alt=\"\" class=\"wp-image-880\" style=\"width:371px;height:auto\" srcset=\"https:\/\/15milhas.com.br\/wfe\/wp-content\/uploads\/2025\/11\/horizontina.png 711w, https:\/\/15milhas.com.br\/wfe\/wp-content\/uploads\/2025\/11\/horizontina-245x300.png 245w\" sizes=\"auto, (max-width: 711px) 100vw, 711px\" \/><\/figure>\n<\/div>\n\n\n<p>A 8\u00aa e \u00faltima etapa do <strong>XII Circuito Regional de Corrida de Rua<\/strong> ser\u00e1 realizada no dia <strong>30 de novembro de 2025<\/strong>, na <strong>Rua Coberta, em Horizontina (RS)<\/strong>, com largada \u00e0s <strong>8h30<\/strong>. O evento contar\u00e1 com percursos de <strong>400 m, 600 m, 2 km e 5 km<\/strong>, reunindo atletas de todas as idades.<\/p>\n\n\n\n<!--more-->\n\n\n\n<p>A premia\u00e7\u00e3o da etapa acontecer\u00e1 na manh\u00e3 da prova, logo ap\u00f3s o t\u00e9rmino das modalidades. O <strong>resultado parcial do Circuito 2025<\/strong>, ap\u00f3s sete etapas, j\u00e1 est\u00e1 dispon\u00edvel no <a href=\"http:\/\/LINK OFICIAL O EVENTO:   https:\/\/forms.gle\/3YqN7hUrrXrYHocX8\" target=\"_blank\" rel=\"noreferrer noopener\">link oficial<\/a> da organiza\u00e7\u00e3o.<br>(LINK OFICIAL O EVENTO:<\/p>\n\n\n\n<p><a href=\"https:\/\/forms.gle\/3YqN7hUrrXrYHocX8\" target=\"_blank\" rel=\"noreferrer noopener\">https:\/\/forms.gle\/3YqN7hUrrXrYHocX8<\/a>)<\/p>\n\n\n\n<p>O encerramento contar\u00e1 com um <strong>almo\u00e7o festivo no Sal\u00e3o do KM 20<\/strong>, aberto a atletas e comunidade, com card\u00e1pio de massas, galeto e saladas. Ap\u00f3s o almo\u00e7o, ser\u00e1 realizada a <strong>premia\u00e7\u00e3o geral do Circuito Regional<\/strong>, com entrega de trof\u00e9us, medalhas e premia\u00e7\u00e3o em dinheiro aos cinco melhores de cada categoria.<\/p>\n\n\n\n<p>As inscri\u00e7\u00f5es seguem abertas at\u00e9 <strong>27\/11\/2025, \u00e0s 18h<\/strong>, mediante envio do n\u00famero de cadastro e comprovante de pagamento via WhatsApp. A organiza\u00e7\u00e3o refor\u00e7a que o nome do atleta deve ser mantido igual em todas as etapas para contabiliza\u00e7\u00e3o dos pontos.<\/p>\n","protected":false},"excerpt":{"rendered":"<p>A 8\u00aa e \u00faltima etapa do XII Circuito Regional de Corrida de Rua ser\u00e1 realizada no dia 30 de novembro de 2025, na Rua Coberta, em Horizontina (RS), com largada \u00e0s 8h30. O evento contar\u00e1 com percursos de 400 m, 600 m, 2 km e 5 km, reunindo atletas de todas as idades.<\/p>\n","protected":false},"author":1,"featured_media":879,"comment_status":"closed","ping_status":"open","sticky":false,"template":"","format":"standard","meta":{"footnotes":""},"categories":[8],"tags":[38,75,68,76,71,70,69,73,72,74],"class_list":["post-878","post","type-post","status-publish","format-standard","has-post-thumbnail","hentry","category-calendario-de-competicoes","tag-15-milhas","tag-8a-etapa-corrida-rs","tag-atletismo-regional","tag-calendario-de-corridas-rs","tag-circuito-regional-de-corrida-2025","tag-corrida-5-km-rs","tag-corrida-de-rua-horizontina","tag-corrida-infantil-horizontina","tag-evento-esportivo-horizontina","tag-ucrsm"],"yoast_head":"<!-- This site is optimized with the Yoast SEO plugin v26.2 - https:\/\/yoast.com\/wordpress\/plugins\/seo\/ -->\n<title>XII Circuito Regional de Corrida de Rua encerra temporada com 8\u00aa etapa em Horizontina - 15 Milhas<\/title>\n<meta name=\"description\" content=\"A 8\u00aa etapa do XII Circuito Regional de Corrida de Rua ser\u00e1 realizada em 30 de novembro em Horizontina, com provas de 400 m a 5 km e programa\u00e7\u00e3o especial de encerramento com almo\u00e7o e premia\u00e7\u00e3o geral.\" \/>\n<meta name=\"robots\" content=\"index, follow, max-snippet:-1, max-image-preview:large, max-video-preview:-1\" \/>\n<link rel=\"canonical\" href=\"https:\/\/15milhas.com.br\/wfe\/xii-circuito-regional-de-corrida-de-rua-encerra-temporada-c-em-horizontina\/\" \/>\n<meta property=\"og:locale\" content=\"pt_BR\" \/>\n<meta property=\"og:type\" content=\"article\" \/>\n<meta property=\"og:title\" content=\"XII Circuito Regional de Corrida de Rua encerra temporada com 8\u00aa etapa em Horizontina - 15 Milhas\" \/>\n<meta property=\"og:description\" content=\"A 8\u00aa etapa do XII Circuito Regional de Corrida de Rua ser\u00e1 realizada em 30 de novembro em Horizontina, com provas de 400 m a 5 km e programa\u00e7\u00e3o especial de encerramento com almo\u00e7o e premia\u00e7\u00e3o geral.\" \/>\n<meta property=\"og:url\" content=\"https:\/\/15milhas.com.br\/wfe\/xii-circuito-regional-de-corrida-de-rua-encerra-temporada-c-em-horizontina\/\" \/>\n<meta property=\"og:site_name\" content=\"15 Milhas\" \/>\n<meta property=\"article:publisher\" content=\"https:\/\/www.facebook.com\/15MilhasdeCorredoresdeRuadeSantaRosa\" \/>\n<meta property=\"article:published_time\" content=\"2025-11-17T16:32:17+00:00\" \/>\n<meta property=\"article:modified_time\" content=\"2025-11-17T16:34:27+00:00\" \/>\n<meta property=\"og:image\" content=\"http:\/\/15milhas.com.br\/wfe\/wp-content\/uploads\/2025\/11\/30112025horizontina2025.jpg\" \/>\n\t<meta property=\"og:image:width\" content=\"898\" \/>\n\t<meta property=\"og:image:height\" content=\"654\" \/>\n\t<meta property=\"og:image:type\" content=\"image\/jpeg\" \/>\n<meta name=\"author\" content=\"admin\" \/>\n<meta name=\"twitter:card\" content=\"summary_large_image\" \/>\n<meta name=\"twitter:label1\" content=\"Escrito por\" \/>\n\t<meta name=\"twitter:data1\" content=\"admin\" \/>\n\t<meta name=\"twitter:label2\" content=\"Est. tempo de leitura\" \/>\n\t<meta name=\"twitter:data2\" content=\"2 minutos\" \/>\n<script type=\"application\/ld+json\" class=\"yoast-schema-graph\">{\"@context\":\"https:\/\/schema.org\",\"@graph\":[{\"@type\":\"Article\",\"@id\":\"https:\/\/15milhas.com.br\/wfe\/xii-circuito-regional-de-corrida-de-rua-encerra-temporada-c-em-horizontina\/#article\",\"isPartOf\":{\"@id\":\"https:\/\/15milhas.com.br\/wfe\/xii-circuito-regional-de-corrida-de-rua-encerra-temporada-c-em-horizontina\/\"},\"author\":{\"name\":\"admin\",\"@id\":\"https:\/\/15milhas.com.br\/wfe\/#\/schema\/person\/1cc0407031ffed1a5af875d765e4f668\"},\"headline\":\"XII Circuito Regional de Corrida de Rua encerra temporada com 8\u00aa etapa em Horizontina\",\"datePublished\":\"2025-11-17T16:32:17+00:00\",\"dateModified\":\"2025-11-17T16:34:27+00:00\",\"mainEntityOfPage\":{\"@id\":\"https:\/\/15milhas.com.br\/wfe\/xii-circuito-regional-de-corrida-de-rua-encerra-temporada-c-em-horizontina\/\"},\"wordCount\":206,\"publisher\":{\"@id\":\"https:\/\/15milhas.com.br\/wfe\/#organization\"},\"image\":{\"@id\":\"https:\/\/15milhas.com.br\/wfe\/xii-circuito-regional-de-corrida-de-rua-encerra-temporada-c-em-horizontina\/#primaryimage\"},\"thumbnailUrl\":\"https:\/\/15milhas.com.br\/wfe\/wp-content\/uploads\/2025\/11\/30112025horizontina2025.jpg\",\"keywords\":[\"15 milhas\",\"8\u00aa etapa corrida RS\",\"atletismo regional\",\"calend\u00e1rio de corridas RS.\",\"Circuito Regional de Corrida 2025\",\"corrida 5 km RS\",\"corrida de rua Horizontina\",\"corrida infantil Horizontina\",\"evento esportivo Horizontina\",\"UCRSM\"],\"articleSection\":[\"Calend\u00e1rio de Competi\u00e7\u00f5es\"],\"inLanguage\":\"pt-BR\"},{\"@type\":\"WebPage\",\"@id\":\"https:\/\/15milhas.com.br\/wfe\/xii-circuito-regional-de-corrida-de-rua-encerra-temporada-c-em-horizontina\/\",\"url\":\"https:\/\/15milhas.com.br\/wfe\/xii-circuito-regional-de-corrida-de-rua-encerra-temporada-c-em-horizontina\/\",\"name\":\"XII Circuito Regional de Corrida de Rua encerra temporada com 8\u00aa etapa em Horizontina - 15 Milhas\",\"isPartOf\":{\"@id\":\"https:\/\/15milhas.com.br\/wfe\/#website\"},\"primaryImageOfPage\":{\"@id\":\"https:\/\/15milhas.com.br\/wfe\/xii-circuito-regional-de-corrida-de-rua-encerra-temporada-c-em-horizontina\/#primaryimage\"},\"image\":{\"@id\":\"https:\/\/15milhas.com.br\/wfe\/xii-circuito-regional-de-corrida-de-rua-encerra-temporada-c-em-horizontina\/#primaryimage\"},\"thumbnailUrl\":\"https:\/\/15milhas.com.br\/wfe\/wp-content\/uploads\/2025\/11\/30112025horizontina2025.jpg\",\"datePublished\":\"2025-11-17T16:32:17+00:00\",\"dateModified\":\"2025-11-17T16:34:27+00:00\",\"description\":\"A 8\u00aa etapa do XII Circuito Regional de Corrida de Rua ser\u00e1 realizada em 30 de novembro em Horizontina, com provas de 400 m a 5 km e programa\u00e7\u00e3o especial de encerramento com almo\u00e7o e premia\u00e7\u00e3o geral.\",\"breadcrumb\":{\"@id\":\"https:\/\/15milhas.com.br\/wfe\/xii-circuito-regional-de-corrida-de-rua-encerra-temporada-c-em-horizontina\/#breadcrumb\"},\"inLanguage\":\"pt-BR\",\"potentialAction\":[{\"@type\":\"ReadAction\",\"target\":[\"https:\/\/15milhas.com.br\/wfe\/xii-circuito-regional-de-corrida-de-rua-encerra-temporada-c-em-horizontina\/\"]}]},{\"@type\":\"ImageObject\",\"inLanguage\":\"pt-BR\",\"@id\":\"https:\/\/15milhas.com.br\/wfe\/xii-circuito-regional-de-corrida-de-rua-encerra-temporada-c-em-horizontina\/#primaryimage\",\"url\":\"https:\/\/15milhas.com.br\/wfe\/wp-content\/uploads\/2025\/11\/30112025horizontina2025.jpg\",\"contentUrl\":\"https:\/\/15milhas.com.br\/wfe\/wp-content\/uploads\/2025\/11\/30112025horizontina2025.jpg\",\"width\":898,\"height\":654},{\"@type\":\"BreadcrumbList\",\"@id\":\"https:\/\/15milhas.com.br\/wfe\/xii-circuito-regional-de-corrida-de-rua-encerra-temporada-c-em-horizontina\/#breadcrumb\",\"itemListElement\":[{\"@type\":\"ListItem\",\"position\":1,\"name\":\"In\u00edcio\",\"item\":\"https:\/\/15milhas.com.br\/wfe\/\"},{\"@type\":\"ListItem\",\"position\":2,\"name\":\"XII Circuito Regional de Corrida de Rua encerra temporada com 8\u00aa etapa em Horizontina\"}]},{\"@type\":\"WebSite\",\"@id\":\"https:\/\/15milhas.com.br\/wfe\/#website\",\"url\":\"https:\/\/15milhas.com.br\/wfe\/\",\"name\":\"15 Milhas\",\"description\":\"Associa\u00e7\u00e3o de Corredores de Rua de Santa Rosa\",\"publisher\":{\"@id\":\"https:\/\/15milhas.com.br\/wfe\/#organization\"},\"potentialAction\":[{\"@type\":\"SearchAction\",\"target\":{\"@type\":\"EntryPoint\",\"urlTemplate\":\"https:\/\/15milhas.com.br\/wfe\/?s={search_term_string}\"},\"query-input\":{\"@type\":\"PropertyValueSpecification\",\"valueRequired\":true,\"valueName\":\"search_term_string\"}}],\"inLanguage\":\"pt-BR\"},{\"@type\":\"Organization\",\"@id\":\"https:\/\/15milhas.com.br\/wfe\/#organization\",\"name\":\"15 Milhas\",\"url\":\"https:\/\/15milhas.com.br\/wfe\/\",\"logo\":{\"@type\":\"ImageObject\",\"inLanguage\":\"pt-BR\",\"@id\":\"https:\/\/15milhas.com.br\/wfe\/#\/schema\/logo\/image\/\",\"url\":\"https:\/\/15milhas.com.br\/wfe\/wp-content\/uploads\/2022\/05\/logo-2.png\",\"contentUrl\":\"https:\/\/15milhas.com.br\/wfe\/wp-content\/uploads\/2022\/05\/logo-2.png\",\"width\":2236,\"height\":986,\"caption\":\"15 Milhas\"},\"image\":{\"@id\":\"https:\/\/15milhas.com.br\/wfe\/#\/schema\/logo\/image\/\"},\"sameAs\":[\"https:\/\/www.facebook.com\/15MilhasdeCorredoresdeRuadeSantaRosa\",\"https:\/\/www.instagram.com\/15_milhas\/\"]},{\"@type\":\"Person\",\"@id\":\"https:\/\/15milhas.com.br\/wfe\/#\/schema\/person\/1cc0407031ffed1a5af875d765e4f668\",\"name\":\"admin\",\"sameAs\":[\"http:\/\/15milhas.com.br\/wfe\"],\"url\":\"https:\/\/15milhas.com.br\/wfe\/author\/admin\/\"}]}<\/script>\n<!-- \/ Yoast SEO plugin. -->","yoast_head_json":{"title":"XII Circuito Regional de Corrida de Rua encerra temporada com 8\u00aa etapa em Horizontina - 15 Milhas","description":"A 8\u00aa etapa do XII Circuito Regional de Corrida de Rua ser\u00e1 realizada em 30 de novembro em Horizontina, com provas de 400 m a 5 km e programa\u00e7\u00e3o especial de encerramento com almo\u00e7o e premia\u00e7\u00e3o geral.","robots":{"index":"index","follow":"follow","max-snippet":"max-snippet:-1","max-image-preview":"max-image-preview:large","max-video-preview":"max-video-preview:-1"},"canonical":"https:\/\/15milhas.com.br\/wfe\/xii-circuito-regional-de-corrida-de-rua-encerra-temporada-c-em-horizontina\/","og_locale":"pt_BR","og_type":"article","og_title":"XII Circuito Regional de Corrida de Rua encerra temporada com 8\u00aa etapa em Horizontina - 15 Milhas","og_description":"A 8\u00aa etapa do XII Circuito Regional de Corrida de Rua ser\u00e1 realizada em 30 de novembro em Horizontina, com provas de 400 m a 5 km e programa\u00e7\u00e3o especial de encerramento com almo\u00e7o e premia\u00e7\u00e3o geral.","og_url":"https:\/\/15milhas.com.br\/wfe\/xii-circuito-regional-de-corrida-de-rua-encerra-temporada-c-em-horizontina\/","og_site_name":"15 Milhas","article_publisher":"https:\/\/www.facebook.com\/15MilhasdeCorredoresdeRuadeSantaRosa","article_published_time":"2025-11-17T16:32:17+00:00","article_modified_time":"2025-11-17T16:34:27+00:00","og_image":[{"width":898,"height":654,"url":"http:\/\/15milhas.com.br\/wfe\/wp-content\/uploads\/2025\/11\/30112025horizontina2025.jpg","type":"image\/jpeg"}],"author":"admin","twitter_card":"summary_large_image","twitter_misc":{"Escrito por":"admin","Est. tempo de leitura":"2 minutos"},"schema":{"@context":"https:\/\/schema.org","@graph":[{"@type":"Article","@id":"https:\/\/15milhas.com.br\/wfe\/xii-circuito-regional-de-corrida-de-rua-encerra-temporada-c-em-horizontina\/#article","isPartOf":{"@id":"https:\/\/15milhas.com.br\/wfe\/xii-circuito-regional-de-corrida-de-rua-encerra-temporada-c-em-horizontina\/"},"author":{"name":"admin","@id":"https:\/\/15milhas.com.br\/wfe\/#\/schema\/person\/1cc0407031ffed1a5af875d765e4f668"},"headline":"XII Circuito Regional de Corrida de Rua encerra temporada com 8\u00aa etapa em Horizontina","datePublished":"2025-11-17T16:32:17+00:00","dateModified":"2025-11-17T16:34:27+00:00","mainEntityOfPage":{"@id":"https:\/\/15milhas.com.br\/wfe\/xii-circuito-regional-de-corrida-de-rua-encerra-temporada-c-em-horizontina\/"},"wordCount":206,"publisher":{"@id":"https:\/\/15milhas.com.br\/wfe\/#organization"},"image":{"@id":"https:\/\/15milhas.com.br\/wfe\/xii-circuito-regional-de-corrida-de-rua-encerra-temporada-c-em-horizontina\/#primaryimage"},"thumbnailUrl":"https:\/\/15milhas.com.br\/wfe\/wp-content\/uploads\/2025\/11\/30112025horizontina2025.jpg","keywords":["15 milhas","8\u00aa etapa corrida RS","atletismo regional","calend\u00e1rio de corridas RS.","Circuito Regional de Corrida 2025","corrida 5 km RS","corrida de rua Horizontina","corrida infantil Horizontina","evento esportivo Horizontina","UCRSM"],"articleSection":["Calend\u00e1rio de Competi\u00e7\u00f5es"],"inLanguage":"pt-BR"},{"@type":"WebPage","@id":"https:\/\/15milhas.com.br\/wfe\/xii-circuito-regional-de-corrida-de-rua-encerra-temporada-c-em-horizontina\/","url":"https:\/\/15milhas.com.br\/wfe\/xii-circuito-regional-de-corrida-de-rua-encerra-temporada-c-em-horizontina\/","name":"XII Circuito Regional de Corrida de Rua encerra temporada com 8\u00aa etapa em Horizontina - 15 Milhas","isPartOf":{"@id":"https:\/\/15milhas.com.br\/wfe\/#website"},"primaryImageOfPage":{"@id":"https:\/\/15milhas.com.br\/wfe\/xii-circuito-regional-de-corrida-de-rua-encerra-temporada-c-em-horizontina\/#primaryimage"},"image":{"@id":"https:\/\/15milhas.com.br\/wfe\/xii-circuito-regional-de-corrida-de-rua-encerra-temporada-c-em-horizontina\/#primaryimage"},"thumbnailUrl":"https:\/\/15milhas.com.br\/wfe\/wp-content\/uploads\/2025\/11\/30112025horizontina2025.jpg","datePublished":"2025-11-17T16:32:17+00:00","dateModified":"2025-11-17T16:34:27+00:00","description":"A 8\u00aa etapa do XII Circuito Regional de Corrida de Rua ser\u00e1 realizada em 30 de novembro em Horizontina, com provas de 400 m a 5 km e programa\u00e7\u00e3o especial de encerramento com almo\u00e7o e premia\u00e7\u00e3o geral.","breadcrumb":{"@id":"https:\/\/15milhas.com.br\/wfe\/xii-circuito-regional-de-corrida-de-rua-encerra-temporada-c-em-horizontina\/#breadcrumb"},"inLanguage":"pt-BR","potentialAction":[{"@type":"ReadAction","target":["https:\/\/15milhas.com.br\/wfe\/xii-circuito-regional-de-corrida-de-rua-encerra-temporada-c-em-horizontina\/"]}]},{"@type":"ImageObject","inLanguage":"pt-BR","@id":"https:\/\/15milhas.com.br\/wfe\/xii-circuito-regional-de-corrida-de-rua-encerra-temporada-c-em-horizontina\/#primaryimage","url":"https:\/\/15milhas.com.br\/wfe\/wp-content\/uploads\/2025\/11\/30112025horizontina2025.jpg","contentUrl":"https:\/\/15milhas.com.br\/wfe\/wp-content\/uploads\/2025\/11\/30112025horizontina2025.jpg","width":898,"height":654},{"@type":"BreadcrumbList","@id":"https:\/\/15milhas.com.br\/wfe\/xii-circuito-regional-de-corrida-de-rua-encerra-temporada-c-em-horizontina\/#breadcrumb","itemListElement":[{"@type":"ListItem","position":1,"name":"In\u00edcio","item":"https:\/\/15milhas.com.br\/wfe\/"},{"@type":"ListItem","position":2,"name":"XII Circuito Regional de Corrida de Rua encerra temporada com 8\u00aa etapa em Horizontina"}]},{"@type":"WebSite","@id":"https:\/\/15milhas.com.br\/wfe\/#website","url":"https:\/\/15milhas.com.br\/wfe\/","name":"15 Milhas","description":"Associa\u00e7\u00e3o de Corredores de Rua de Santa Rosa","publisher":{"@id":"https:\/\/15milhas.com.br\/wfe\/#organization"},"potentialAction":[{"@type":"SearchAction","target":{"@type":"EntryPoint","urlTemplate":"https:\/\/15milhas.com.br\/wfe\/?s={search_term_string}"},"query-input":{"@type":"PropertyValueSpecification","valueRequired":true,"valueName":"search_term_string"}}],"inLanguage":"pt-BR"},{"@type":"Organization","@id":"https:\/\/15milhas.com.br\/wfe\/#organization","name":"15 Milhas","url":"https:\/\/15milhas.com.br\/wfe\/","logo":{"@type":"ImageObject","inLanguage":"pt-BR","@id":"https:\/\/15milhas.com.br\/wfe\/#\/schema\/logo\/image\/","url":"https:\/\/15milhas.com.br\/wfe\/wp-content\/uploads\/2022\/05\/logo-2.png","contentUrl":"https:\/\/15milhas.com.br\/wfe\/wp-content\/uploads\/2022\/05\/logo-2.png","width":2236,"height":986,"caption":"15 Milhas"},"image":{"@id":"https:\/\/15milhas.com.br\/wfe\/#\/schema\/logo\/image\/"},"sameAs":["https:\/\/www.facebook.com\/15MilhasdeCorredoresdeRuadeSantaRosa","https:\/\/www.instagram.com\/15_milhas\/"]},{"@type":"Person","@id":"https:\/\/15milhas.com.br\/wfe\/#\/schema\/person\/1cc0407031ffed1a5af875d765e4f668","name":"admin","sameAs":["http:\/\/15milhas.com.br\/wfe"],"url":"https:\/\/15milhas.com.br\/wfe\/author\/admin\/"}]}},"rttpg_featured_image_url":{"full":["https:\/\/15milhas.com.br\/wfe\/wp-content\/uploads\/2025\/11\/30112025horizontina2025.jpg",898,654,false],"landscape":["https:\/\/15milhas.com.br\/wfe\/wp-content\/uploads\/2025\/11\/30112025horizontina2025.jpg",898,654,false],"portraits":["https:\/\/15milhas.com.br\/wfe\/wp-content\/uploads\/2025\/11\/30112025horizontina2025.jpg",898,654,false],"thumbnail":["https:\/\/15milhas.com.br\/wfe\/wp-content\/uploads\/2025\/11\/30112025horizontina2025-150x150.jpg",150,150,true],"medium":["https:\/\/15milhas.com.br\/wfe\/wp-content\/uploads\/2025\/11\/30112025horizontina2025-300x218.jpg",300,218,true],"large":["https:\/\/15milhas.com.br\/wfe\/wp-content\/uploads\/2025\/11\/30112025horizontina2025.jpg",898,654,false],"1536x1536":["https:\/\/15milhas.com.br\/wfe\/wp-content\/uploads\/2025\/11\/30112025horizontina2025.jpg",898,654,false],"2048x2048":["https:\/\/15milhas.com.br\/wfe\/wp-content\/uploads\/2025\/11\/30112025horizontina2025.jpg",898,654,false]},"rttpg_author":{"display_name":"admin","author_link":"https:\/\/15milhas.com.br\/wfe\/author\/admin\/"},"rttpg_comment":0,"rttpg_category":"<a href=\"https:\/\/15milhas.com.br\/wfe\/category\/calendario-de-competicoes\/\" rel=\"category tag\">Calend\u00e1rio de Competi\u00e7\u00f5es<\/a>","rttpg_excerpt":"A 8\u00aa e \u00faltima etapa do XII Circuito Regional de Corrida de Rua ser\u00e1 realizada no dia 30 de novembro de 2025, na Rua Coberta, em Horizontina (RS), com largada \u00e0s 8h30. O evento contar\u00e1 com percursos de 400 m, 600 m, 2 km e 5 km, reunindo atletas de todas as idades.","_links":{"self":[{"href":"https:\/\/15milhas.com.br\/wfe\/wp-json\/wp\/v2\/posts\/878","targetHints":{"allow":["GET"]}}],"collection":[{"href":"https:\/\/15milhas.com.br\/wfe\/wp-json\/wp\/v2\/posts"}],"about":[{"href":"https:\/\/15milhas.com.br\/wfe\/wp-json\/wp\/v2\/types\/post"}],"author":[{"embeddable":true,"href":"https:\/\/15milhas.com.br\/wfe\/wp-json\/wp\/v2\/users\/1"}],"replies":[{"embeddable":true,"href":"https:\/\/15milhas.com.br\/wfe\/wp-json\/wp\/v2\/comments?post=878"}],"version-history":[{"count":4,"href":"https:\/\/15milhas.com.br\/wfe\/wp-json\/wp\/v2\/posts\/878\/revisions"}],"predecessor-version":[{"id":886,"href":"https:\/\/15milhas.com.br\/wfe\/wp-json\/wp\/v2\/posts\/878\/revisions\/886"}],"wp:featuredmedia":[{"embeddable":true,"href":"https:\/\/15milhas.com.br\/wfe\/wp-json\/wp\/v2\/media\/879"}],"wp:attachment":[{"href":"https:\/\/15milhas.com.br\/wfe\/wp-json\/wp\/v2\/media?parent=878"}],"wp:term":[{"taxonomy":"category","embeddable":true,"href":"https:\/\/15milhas.com.br\/wfe\/wp-json\/wp\/v2\/categories?post=878"},{"taxonomy":"post_tag","embeddable":true,"href":"https:\/\/15milhas.com.br\/wfe\/wp-json\/wp\/v2\/tags?post=878"}],"curies":[{"name":"wp","href":"https:\/\/api.w.org\/{rel}","templated":true}]}}