{"id":916,"date":"2026-01-15T10:31:46","date_gmt":"2026-01-15T10:31:46","guid":{"rendered":"https:\/\/15milhas.com.br\/wfe\/?p=916"},"modified":"2026-01-15T10:32:48","modified_gmt":"2026-01-15T10:32:48","slug":"circuito-regional-corrida-rua-cerro-largo-2026","status":"publish","type":"post","link":"https:\/\/15milhas.com.br\/wfe\/circuito-regional-corrida-rua-cerro-largo-2026\/","title":{"rendered":"Cerro Largo recebe etapa do Circuito Regional de Corridas de Rua em fevereiro de 2026"},"content":{"rendered":"<div class=\"wp-block-image\">\n<figure class=\"alignleft size-full is-resized\"><img loading=\"lazy\" decoding=\"async\" width=\"1024\" height=\"748\" src=\"http:\/\/15milhas.com.br\/wfe\/wp-content\/uploads\/2026\/01\/circuitoregional1etapa.jpg\" alt=\"\" class=\"wp-image-917\" style=\"aspect-ratio:1.3690017695430414;width:380px;height:auto\" srcset=\"https:\/\/15milhas.com.br\/wfe\/wp-content\/uploads\/2026\/01\/circuitoregional1etapa.jpg 1024w, https:\/\/15milhas.com.br\/wfe\/wp-content\/uploads\/2026\/01\/circuitoregional1etapa-300x219.jpg 300w, https:\/\/15milhas.com.br\/wfe\/wp-content\/uploads\/2026\/01\/circuitoregional1etapa-768x561.jpg 768w\" sizes=\"auto, (max-width: 1024px) 100vw, 1024px\" \/><\/figure>\n<\/div>\n\n\n<p><strong>Evento acontece no dia 22 de fevereiro, com largada \u00e0s 8h, em frente \u00e0 Prefeitura Municipal, e re\u00fane atletas de todas as idades<\/strong>.<\/p>\n\n\n\n<p>Cerro Largo (RS) ser\u00e1 palco de mais uma etapa do <strong>Circuito Regional de Corridas de Rua 2026<\/strong> no <strong>domingo, 22 de fevereiro<\/strong>, com <strong>largada \u00e0s 8h<\/strong>, em frente \u00e0 <strong>Prefeitura Municipal<\/strong>. O evento contar\u00e1 com percursos de <strong>400 metros, 600 metros, 2 km e 5 km<\/strong>, abrangendo categorias mirim, estudantil, adulto, livre e especial.<\/p>\n\n\n\n<!--more-->\n\n\n\n<p>As <strong>inscri\u00e7\u00f5es seguem abertas at\u00e9 o dia 15 de fevereiro de 2026, \u00e0s 23h59<\/strong>, s\u00e3o <strong>limitadas a 350 atletas<\/strong> e devem ser realizadas exclusivamente pelo sistema oficial, com envio do comprovante de pagamento. N\u00e3o haver\u00e1 devolu\u00e7\u00e3o de valores ap\u00f3s a confirma\u00e7\u00e3o da inscri\u00e7\u00e3o.<\/p>\n\n\n\n<h3 class=\"wp-block-heading\">Modalidades e categorias<\/h3>\n\n\n\n<p>A prova contempla desde <strong>crian\u00e7as a partir de at\u00e9 7 anos<\/strong> at\u00e9 atletas <strong>acima de 75 anos<\/strong>, com largadas organizadas por faixa et\u00e1ria e percurso. Todos os atletas receber\u00e3o <strong>medalha de participa\u00e7\u00e3o<\/strong>, e os melhores colocados ser\u00e3o premiados com <strong>trof\u00e9us e medalh\u00f5es personalizados do circuito<\/strong>.<\/p>\n\n\n\n<p>A <strong>categoria Livre 2 km<\/strong> n\u00e3o pontua para o ranking geral e n\u00e3o gera premia\u00e7\u00e3o em dinheiro. J\u00e1 a <strong>Categoria Especial<\/strong>, masculina e feminina, \u00e9 isenta de taxa e garante medalha a todos os participantes.<\/p>\n\n\n\n<h3 class=\"wp-block-heading\">Taxas e formas de pagamento<\/h3>\n\n\n\n<p>Os valores variam conforme o lote e a categoria. O <strong>primeiro lote vai at\u00e9 31\/01\/2026<\/strong> e o <strong>segundo lote at\u00e9 15\/02\/2026<\/strong>.<br>O pagamento pode ser feito via <strong>PIX, cart\u00e3o de cr\u00e9dito (em at\u00e9 12x)<\/strong> ou <strong>dep\u00f3sito\/transfer\u00eancia banc\u00e1ria<\/strong>.<\/p>\n\n\n\n<p><strong>Pagamento no cart\u00e3o \u2013 R$ 35,00<\/strong><br><a href=\"https:\/\/link.infinitepay.io\/stopmvaa1900\/VC1D-aCWv4hEVT-35,00\" target=\"_blank\" rel=\"noreferrer noopener\">https:\/\/link.infinitepay.io\/stopmvaa1900\/VC1D-aCWv4hEVT-35,00<\/a><\/p>\n\n\n\n<p><strong>Pagamento no cart\u00e3o \u2013 R$ 20,00<\/strong><br><a href=\"https:\/\/link.infinitepay.io\/stopmvaa1900\/VC1D-6i9RlPff7Z-20,00\" target=\"_blank\" rel=\"noreferrer noopener\">https:\/\/link.infinitepay.io\/stopmvaa1900\/VC1D-6i9RlPff7Z-20,00<\/a><\/p>\n\n\n\n<p><strong>Pagamento no cart\u00e3o \u2013 2\u00ba lote R$ 40,00<\/strong><br><a href=\"https:\/\/link.infinitepay.io\/stopmvaa1900\/VC1D-1OxKz9K9EP-40,00\" target=\"_blank\" rel=\"noreferrer noopener\">https:\/\/link.infinitepay.io\/stopmvaa1900\/VC1D-1OxKz9K9EP-40,00<\/a><\/p>\n\n\n\n<p>D\u00favidas podem ser esclarecidas diretamente com a organiza\u00e7\u00e3o pelo WhatsApp: <strong>(55) 99604-4611 \u2013 Marcos<\/strong>.<\/p>\n\n\n\n<h3 class=\"wp-block-heading\">Regulamento completo<\/h3>\n\n\n\n<p>O regulamento oficial do <strong>Circuito Regional de Corridas de Rua 2026<\/strong> est\u00e1 dispon\u00edvel no link abaixo: <a href=\"https:\/\/www.ucrsm.com.br\/regulamentocompletodocircuitoregional.htm\" target=\"_blank\" rel=\"noreferrer noopener\">https:\/\/www.ucrsm.com.br\/regulamentocompletodocircuitoregional.htm<\/a><\/p>\n\n\n\n<p><\/p>\n","protected":false},"excerpt":{"rendered":"<p>Evento acontece no dia 22 de fevereiro, com largada \u00e0s 8h, em frente \u00e0 Prefeitura Municipal, e re\u00fane atletas de todas as idades. Cerro Largo (RS) ser\u00e1 palco de mais uma etapa do Circuito Regional de Corridas de Rua 2026 no domingo, 22 de fevereiro, com largada \u00e0s 8h, em frente \u00e0 Prefeitura Municipal. O [&hellip;]<\/p>\n","protected":false},"author":1,"featured_media":917,"comment_status":"closed","ping_status":"open","sticky":false,"template":"","format":"standard","meta":{"footnotes":""},"categories":[8,50],"tags":[38,68,100,26,99,97,98,33],"class_list":["post-916","post","type-post","status-publish","format-standard","has-post-thumbnail","hentry","category-calendario-de-competicoes","category-noticias","tag-15-milhas","tag-atletismo-regional","tag-circuito-regional-de-corridas-2026","tag-corrida","tag-corrida-de-rua-cerro-largo","tag-corrida-rs","tag-prova-5km-cerro-largo","tag-rustica"],"yoast_head":"<!-- This site is optimized with the Yoast SEO plugin v26.2 - https:\/\/yoast.com\/wordpress\/plugins\/seo\/ -->\n<title>Cerro Largo recebe etapa do Circuito Regional de Corridas de Rua em fevereiro de 2026 - 15 Milhas<\/title>\n<meta name=\"description\" content=\"Cerro Largo recebe etapa do Circuito Regional de Corridas de Rua 2026 no dia 22 de fevereiro, com provas de 400m a 5km.\" \/>\n<meta name=\"robots\" content=\"index, follow, max-snippet:-1, max-image-preview:large, max-video-preview:-1\" \/>\n<link rel=\"canonical\" href=\"https:\/\/15milhas.com.br\/wfe\/circuito-regional-corrida-rua-cerro-largo-2026\/\" \/>\n<meta property=\"og:locale\" content=\"pt_BR\" \/>\n<meta property=\"og:type\" content=\"article\" \/>\n<meta property=\"og:title\" content=\"Cerro Largo recebe etapa do Circuito Regional de Corridas de Rua em fevereiro de 2026 - 15 Milhas\" \/>\n<meta property=\"og:description\" content=\"Cerro Largo recebe etapa do Circuito Regional de Corridas de Rua 2026 no dia 22 de fevereiro, com provas de 400m a 5km.\" \/>\n<meta property=\"og:url\" content=\"https:\/\/15milhas.com.br\/wfe\/circuito-regional-corrida-rua-cerro-largo-2026\/\" \/>\n<meta property=\"og:site_name\" content=\"15 Milhas\" \/>\n<meta property=\"article:publisher\" content=\"https:\/\/www.facebook.com\/15MilhasdeCorredoresdeRuadeSantaRosa\" \/>\n<meta property=\"article:published_time\" content=\"2026-01-15T10:31:46+00:00\" \/>\n<meta property=\"article:modified_time\" content=\"2026-01-15T10:32:48+00:00\" \/>\n<meta property=\"og:image\" content=\"http:\/\/15milhas.com.br\/wfe\/wp-content\/uploads\/2026\/01\/circuitoregional1etapa.jpg\" \/>\n\t<meta property=\"og:image:width\" content=\"1024\" \/>\n\t<meta property=\"og:image:height\" content=\"748\" \/>\n\t<meta property=\"og:image:type\" content=\"image\/jpeg\" \/>\n<meta name=\"author\" content=\"admin\" \/>\n<meta name=\"twitter:card\" content=\"summary_large_image\" \/>\n<meta name=\"twitter:label1\" content=\"Escrito por\" \/>\n\t<meta name=\"twitter:data1\" content=\"admin\" \/>\n\t<meta name=\"twitter:label2\" content=\"Est. tempo de leitura\" \/>\n\t<meta name=\"twitter:data2\" content=\"3 minutos\" \/>\n<script type=\"application\/ld+json\" class=\"yoast-schema-graph\">{\"@context\":\"https:\/\/schema.org\",\"@graph\":[{\"@type\":\"Article\",\"@id\":\"https:\/\/15milhas.com.br\/wfe\/circuito-regional-corrida-rua-cerro-largo-2026\/#article\",\"isPartOf\":{\"@id\":\"https:\/\/15milhas.com.br\/wfe\/circuito-regional-corrida-rua-cerro-largo-2026\/\"},\"author\":{\"name\":\"admin\",\"@id\":\"https:\/\/15milhas.com.br\/wfe\/#\/schema\/person\/1cc0407031ffed1a5af875d765e4f668\"},\"headline\":\"Cerro Largo recebe etapa do Circuito Regional de Corridas de Rua em fevereiro de 2026\",\"datePublished\":\"2026-01-15T10:31:46+00:00\",\"dateModified\":\"2026-01-15T10:32:48+00:00\",\"mainEntityOfPage\":{\"@id\":\"https:\/\/15milhas.com.br\/wfe\/circuito-regional-corrida-rua-cerro-largo-2026\/\"},\"wordCount\":348,\"publisher\":{\"@id\":\"https:\/\/15milhas.com.br\/wfe\/#organization\"},\"image\":{\"@id\":\"https:\/\/15milhas.com.br\/wfe\/circuito-regional-corrida-rua-cerro-largo-2026\/#primaryimage\"},\"thumbnailUrl\":\"https:\/\/15milhas.com.br\/wfe\/wp-content\/uploads\/2026\/01\/circuitoregional1etapa.jpg\",\"keywords\":[\"15 milhas\",\"atletismo regional\",\"Circuito Regional de Corridas 2026\",\"corrida\",\"Corrida de Rua Cerro Largo\",\"Corrida RS\",\"Prova 5km Cerro Largo\",\"rustica\"],\"articleSection\":[\"Calend\u00e1rio de Competi\u00e7\u00f5es\",\"Noticias\"],\"inLanguage\":\"pt-BR\"},{\"@type\":\"WebPage\",\"@id\":\"https:\/\/15milhas.com.br\/wfe\/circuito-regional-corrida-rua-cerro-largo-2026\/\",\"url\":\"https:\/\/15milhas.com.br\/wfe\/circuito-regional-corrida-rua-cerro-largo-2026\/\",\"name\":\"Cerro Largo recebe etapa do Circuito Regional de Corridas de Rua em fevereiro de 2026 - 15 Milhas\",\"isPartOf\":{\"@id\":\"https:\/\/15milhas.com.br\/wfe\/#website\"},\"primaryImageOfPage\":{\"@id\":\"https:\/\/15milhas.com.br\/wfe\/circuito-regional-corrida-rua-cerro-largo-2026\/#primaryimage\"},\"image\":{\"@id\":\"https:\/\/15milhas.com.br\/wfe\/circuito-regional-corrida-rua-cerro-largo-2026\/#primaryimage\"},\"thumbnailUrl\":\"https:\/\/15milhas.com.br\/wfe\/wp-content\/uploads\/2026\/01\/circuitoregional1etapa.jpg\",\"datePublished\":\"2026-01-15T10:31:46+00:00\",\"dateModified\":\"2026-01-15T10:32:48+00:00\",\"description\":\"Cerro Largo recebe etapa do Circuito Regional de Corridas de Rua 2026 no dia 22 de fevereiro, com provas de 400m a 5km.\",\"breadcrumb\":{\"@id\":\"https:\/\/15milhas.com.br\/wfe\/circuito-regional-corrida-rua-cerro-largo-2026\/#breadcrumb\"},\"inLanguage\":\"pt-BR\",\"potentialAction\":[{\"@type\":\"ReadAction\",\"target\":[\"https:\/\/15milhas.com.br\/wfe\/circuito-regional-corrida-rua-cerro-largo-2026\/\"]}]},{\"@type\":\"ImageObject\",\"inLanguage\":\"pt-BR\",\"@id\":\"https:\/\/15milhas.com.br\/wfe\/circuito-regional-corrida-rua-cerro-largo-2026\/#primaryimage\",\"url\":\"https:\/\/15milhas.com.br\/wfe\/wp-content\/uploads\/2026\/01\/circuitoregional1etapa.jpg\",\"contentUrl\":\"https:\/\/15milhas.com.br\/wfe\/wp-content\/uploads\/2026\/01\/circuitoregional1etapa.jpg\",\"width\":1024,\"height\":748},{\"@type\":\"BreadcrumbList\",\"@id\":\"https:\/\/15milhas.com.br\/wfe\/circuito-regional-corrida-rua-cerro-largo-2026\/#breadcrumb\",\"itemListElement\":[{\"@type\":\"ListItem\",\"position\":1,\"name\":\"In\u00edcio\",\"item\":\"https:\/\/15milhas.com.br\/wfe\/\"},{\"@type\":\"ListItem\",\"position\":2,\"name\":\"Cerro Largo recebe etapa do Circuito Regional de Corridas de Rua em fevereiro de 2026\"}]},{\"@type\":\"WebSite\",\"@id\":\"https:\/\/15milhas.com.br\/wfe\/#website\",\"url\":\"https:\/\/15milhas.com.br\/wfe\/\",\"name\":\"15 Milhas\",\"description\":\"Associa\u00e7\u00e3o de Corredores de Rua de Santa Rosa\",\"publisher\":{\"@id\":\"https:\/\/15milhas.com.br\/wfe\/#organization\"},\"potentialAction\":[{\"@type\":\"SearchAction\",\"target\":{\"@type\":\"EntryPoint\",\"urlTemplate\":\"https:\/\/15milhas.com.br\/wfe\/?s={search_term_string}\"},\"query-input\":{\"@type\":\"PropertyValueSpecification\",\"valueRequired\":true,\"valueName\":\"search_term_string\"}}],\"inLanguage\":\"pt-BR\"},{\"@type\":\"Organization\",\"@id\":\"https:\/\/15milhas.com.br\/wfe\/#organization\",\"name\":\"15 Milhas\",\"url\":\"https:\/\/15milhas.com.br\/wfe\/\",\"logo\":{\"@type\":\"ImageObject\",\"inLanguage\":\"pt-BR\",\"@id\":\"https:\/\/15milhas.com.br\/wfe\/#\/schema\/logo\/image\/\",\"url\":\"https:\/\/15milhas.com.br\/wfe\/wp-content\/uploads\/2022\/05\/logo-2.png\",\"contentUrl\":\"https:\/\/15milhas.com.br\/wfe\/wp-content\/uploads\/2022\/05\/logo-2.png\",\"width\":2236,\"height\":986,\"caption\":\"15 Milhas\"},\"image\":{\"@id\":\"https:\/\/15milhas.com.br\/wfe\/#\/schema\/logo\/image\/\"},\"sameAs\":[\"https:\/\/www.facebook.com\/15MilhasdeCorredoresdeRuadeSantaRosa\",\"https:\/\/www.instagram.com\/15_milhas\/\"]},{\"@type\":\"Person\",\"@id\":\"https:\/\/15milhas.com.br\/wfe\/#\/schema\/person\/1cc0407031ffed1a5af875d765e4f668\",\"name\":\"admin\",\"sameAs\":[\"http:\/\/15milhas.com.br\/wfe\"],\"url\":\"https:\/\/15milhas.com.br\/wfe\/author\/admin\/\"}]}<\/script>\n<!-- \/ Yoast SEO plugin. -->","yoast_head_json":{"title":"Cerro Largo recebe etapa do Circuito Regional de Corridas de Rua em fevereiro de 2026 - 15 Milhas","description":"Cerro Largo recebe etapa do Circuito Regional de Corridas de Rua 2026 no dia 22 de fevereiro, com provas de 400m a 5km.","robots":{"index":"index","follow":"follow","max-snippet":"max-snippet:-1","max-image-preview":"max-image-preview:large","max-video-preview":"max-video-preview:-1"},"canonical":"https:\/\/15milhas.com.br\/wfe\/circuito-regional-corrida-rua-cerro-largo-2026\/","og_locale":"pt_BR","og_type":"article","og_title":"Cerro Largo recebe etapa do Circuito Regional de Corridas de Rua em fevereiro de 2026 - 15 Milhas","og_description":"Cerro Largo recebe etapa do Circuito Regional de Corridas de Rua 2026 no dia 22 de fevereiro, com provas de 400m a 5km.","og_url":"https:\/\/15milhas.com.br\/wfe\/circuito-regional-corrida-rua-cerro-largo-2026\/","og_site_name":"15 Milhas","article_publisher":"https:\/\/www.facebook.com\/15MilhasdeCorredoresdeRuadeSantaRosa","article_published_time":"2026-01-15T10:31:46+00:00","article_modified_time":"2026-01-15T10:32:48+00:00","og_image":[{"width":1024,"height":748,"url":"http:\/\/15milhas.com.br\/wfe\/wp-content\/uploads\/2026\/01\/circuitoregional1etapa.jpg","type":"image\/jpeg"}],"author":"admin","twitter_card":"summary_large_image","twitter_misc":{"Escrito por":"admin","Est. tempo de leitura":"3 minutos"},"schema":{"@context":"https:\/\/schema.org","@graph":[{"@type":"Article","@id":"https:\/\/15milhas.com.br\/wfe\/circuito-regional-corrida-rua-cerro-largo-2026\/#article","isPartOf":{"@id":"https:\/\/15milhas.com.br\/wfe\/circuito-regional-corrida-rua-cerro-largo-2026\/"},"author":{"name":"admin","@id":"https:\/\/15milhas.com.br\/wfe\/#\/schema\/person\/1cc0407031ffed1a5af875d765e4f668"},"headline":"Cerro Largo recebe etapa do Circuito Regional de Corridas de Rua em fevereiro de 2026","datePublished":"2026-01-15T10:31:46+00:00","dateModified":"2026-01-15T10:32:48+00:00","mainEntityOfPage":{"@id":"https:\/\/15milhas.com.br\/wfe\/circuito-regional-corrida-rua-cerro-largo-2026\/"},"wordCount":348,"publisher":{"@id":"https:\/\/15milhas.com.br\/wfe\/#organization"},"image":{"@id":"https:\/\/15milhas.com.br\/wfe\/circuito-regional-corrida-rua-cerro-largo-2026\/#primaryimage"},"thumbnailUrl":"https:\/\/15milhas.com.br\/wfe\/wp-content\/uploads\/2026\/01\/circuitoregional1etapa.jpg","keywords":["15 milhas","atletismo regional","Circuito Regional de Corridas 2026","corrida","Corrida de Rua Cerro Largo","Corrida RS","Prova 5km Cerro Largo","rustica"],"articleSection":["Calend\u00e1rio de Competi\u00e7\u00f5es","Noticias"],"inLanguage":"pt-BR"},{"@type":"WebPage","@id":"https:\/\/15milhas.com.br\/wfe\/circuito-regional-corrida-rua-cerro-largo-2026\/","url":"https:\/\/15milhas.com.br\/wfe\/circuito-regional-corrida-rua-cerro-largo-2026\/","name":"Cerro Largo recebe etapa do Circuito Regional de Corridas de Rua em fevereiro de 2026 - 15 Milhas","isPartOf":{"@id":"https:\/\/15milhas.com.br\/wfe\/#website"},"primaryImageOfPage":{"@id":"https:\/\/15milhas.com.br\/wfe\/circuito-regional-corrida-rua-cerro-largo-2026\/#primaryimage"},"image":{"@id":"https:\/\/15milhas.com.br\/wfe\/circuito-regional-corrida-rua-cerro-largo-2026\/#primaryimage"},"thumbnailUrl":"https:\/\/15milhas.com.br\/wfe\/wp-content\/uploads\/2026\/01\/circuitoregional1etapa.jpg","datePublished":"2026-01-15T10:31:46+00:00","dateModified":"2026-01-15T10:32:48+00:00","description":"Cerro Largo recebe etapa do Circuito Regional de Corridas de Rua 2026 no dia 22 de fevereiro, com provas de 400m a 5km.","breadcrumb":{"@id":"https:\/\/15milhas.com.br\/wfe\/circuito-regional-corrida-rua-cerro-largo-2026\/#breadcrumb"},"inLanguage":"pt-BR","potentialAction":[{"@type":"ReadAction","target":["https:\/\/15milhas.com.br\/wfe\/circuito-regional-corrida-rua-cerro-largo-2026\/"]}]},{"@type":"ImageObject","inLanguage":"pt-BR","@id":"https:\/\/15milhas.com.br\/wfe\/circuito-regional-corrida-rua-cerro-largo-2026\/#primaryimage","url":"https:\/\/15milhas.com.br\/wfe\/wp-content\/uploads\/2026\/01\/circuitoregional1etapa.jpg","contentUrl":"https:\/\/15milhas.com.br\/wfe\/wp-content\/uploads\/2026\/01\/circuitoregional1etapa.jpg","width":1024,"height":748},{"@type":"BreadcrumbList","@id":"https:\/\/15milhas.com.br\/wfe\/circuito-regional-corrida-rua-cerro-largo-2026\/#breadcrumb","itemListElement":[{"@type":"ListItem","position":1,"name":"In\u00edcio","item":"https:\/\/15milhas.com.br\/wfe\/"},{"@type":"ListItem","position":2,"name":"Cerro Largo recebe etapa do Circuito Regional de Corridas de Rua em fevereiro de 2026"}]},{"@type":"WebSite","@id":"https:\/\/15milhas.com.br\/wfe\/#website","url":"https:\/\/15milhas.com.br\/wfe\/","name":"15 Milhas","description":"Associa\u00e7\u00e3o de Corredores de Rua de Santa Rosa","publisher":{"@id":"https:\/\/15milhas.com.br\/wfe\/#organization"},"potentialAction":[{"@type":"SearchAction","target":{"@type":"EntryPoint","urlTemplate":"https:\/\/15milhas.com.br\/wfe\/?s={search_term_string}"},"query-input":{"@type":"PropertyValueSpecification","valueRequired":true,"valueName":"search_term_string"}}],"inLanguage":"pt-BR"},{"@type":"Organization","@id":"https:\/\/15milhas.com.br\/wfe\/#organization","name":"15 Milhas","url":"https:\/\/15milhas.com.br\/wfe\/","logo":{"@type":"ImageObject","inLanguage":"pt-BR","@id":"https:\/\/15milhas.com.br\/wfe\/#\/schema\/logo\/image\/","url":"https:\/\/15milhas.com.br\/wfe\/wp-content\/uploads\/2022\/05\/logo-2.png","contentUrl":"https:\/\/15milhas.com.br\/wfe\/wp-content\/uploads\/2022\/05\/logo-2.png","width":2236,"height":986,"caption":"15 Milhas"},"image":{"@id":"https:\/\/15milhas.com.br\/wfe\/#\/schema\/logo\/image\/"},"sameAs":["https:\/\/www.facebook.com\/15MilhasdeCorredoresdeRuadeSantaRosa","https:\/\/www.instagram.com\/15_milhas\/"]},{"@type":"Person","@id":"https:\/\/15milhas.com.br\/wfe\/#\/schema\/person\/1cc0407031ffed1a5af875d765e4f668","name":"admin","sameAs":["http:\/\/15milhas.com.br\/wfe"],"url":"https:\/\/15milhas.com.br\/wfe\/author\/admin\/"}]}},"rttpg_featured_image_url":{"full":["https:\/\/15milhas.com.br\/wfe\/wp-content\/uploads\/2026\/01\/circuitoregional1etapa.jpg",1024,748,false],"landscape":["https:\/\/15milhas.com.br\/wfe\/wp-content\/uploads\/2026\/01\/circuitoregional1etapa.jpg",1024,748,false],"portraits":["https:\/\/15milhas.com.br\/wfe\/wp-content\/uploads\/2026\/01\/circuitoregional1etapa.jpg",1024,748,false],"thumbnail":["https:\/\/15milhas.com.br\/wfe\/wp-content\/uploads\/2026\/01\/circuitoregional1etapa-150x150.jpg",150,150,true],"medium":["https:\/\/15milhas.com.br\/wfe\/wp-content\/uploads\/2026\/01\/circuitoregional1etapa-300x219.jpg",300,219,true],"large":["https:\/\/15milhas.com.br\/wfe\/wp-content\/uploads\/2026\/01\/circuitoregional1etapa.jpg",1024,748,false],"1536x1536":["https:\/\/15milhas.com.br\/wfe\/wp-content\/uploads\/2026\/01\/circuitoregional1etapa.jpg",1024,748,false],"2048x2048":["https:\/\/15milhas.com.br\/wfe\/wp-content\/uploads\/2026\/01\/circuitoregional1etapa.jpg",1024,748,false]},"rttpg_author":{"display_name":"admin","author_link":"https:\/\/15milhas.com.br\/wfe\/author\/admin\/"},"rttpg_comment":0,"rttpg_category":"<a href=\"https:\/\/15milhas.com.br\/wfe\/category\/calendario-de-competicoes\/\" rel=\"category tag\">Calend\u00e1rio de Competi\u00e7\u00f5es<\/a> <a href=\"https:\/\/15milhas.com.br\/wfe\/category\/noticias\/\" rel=\"category tag\">Noticias<\/a>","rttpg_excerpt":"Evento acontece no dia 22 de fevereiro, com largada \u00e0s 8h, em frente \u00e0 Prefeitura Municipal, e re\u00fane atletas de todas as idades. Cerro Largo (RS) ser\u00e1 palco de mais uma etapa do Circuito Regional de Corridas de Rua 2026 no domingo, 22 de fevereiro, com largada \u00e0s 8h, em frente \u00e0 Prefeitura Municipal. O&hellip;","_links":{"self":[{"href":"https:\/\/15milhas.com.br\/wfe\/wp-json\/wp\/v2\/posts\/916","targetHints":{"allow":["GET"]}}],"collection":[{"href":"https:\/\/15milhas.com.br\/wfe\/wp-json\/wp\/v2\/posts"}],"about":[{"href":"https:\/\/15milhas.com.br\/wfe\/wp-json\/wp\/v2\/types\/post"}],"author":[{"embeddable":true,"href":"https:\/\/15milhas.com.br\/wfe\/wp-json\/wp\/v2\/users\/1"}],"replies":[{"embeddable":true,"href":"https:\/\/15milhas.com.br\/wfe\/wp-json\/wp\/v2\/comments?post=916"}],"version-history":[{"count":2,"href":"https:\/\/15milhas.com.br\/wfe\/wp-json\/wp\/v2\/posts\/916\/revisions"}],"predecessor-version":[{"id":919,"href":"https:\/\/15milhas.com.br\/wfe\/wp-json\/wp\/v2\/posts\/916\/revisions\/919"}],"wp:featuredmedia":[{"embeddable":true,"href":"https:\/\/15milhas.com.br\/wfe\/wp-json\/wp\/v2\/media\/917"}],"wp:attachment":[{"href":"https:\/\/15milhas.com.br\/wfe\/wp-json\/wp\/v2\/media?parent=916"}],"wp:term":[{"taxonomy":"category","embeddable":true,"href":"https:\/\/15milhas.com.br\/wfe\/wp-json\/wp\/v2\/categories?post=916"},{"taxonomy":"post_tag","embeddable":true,"href":"https:\/\/15milhas.com.br\/wfe\/wp-json\/wp\/v2\/tags?post=916"}],"curies":[{"name":"wp","href":"https:\/\/api.w.org\/{rel}","templated":true}]}}